{"id":10366,"date":"2019-12-10T09:52:36","date_gmt":"2019-12-10T08:52:36","guid":{"rendered":"http:\/\/52.31.48.128\/blog\/?p=10366"},"modified":"2025-02-19T10:04:05","modified_gmt":"2025-02-19T09:04:05","slug":"economia-circular-viviendas","status":"publish","type":"post","link":"https:\/\/www.aedashomes.com\/blog\/economia-circular-viviendas\/","title":{"rendered":"\ufeffEl promotor, el eslab\u00f3n clave en la aplicaci\u00f3n de la Econom\u00eda Circular a las viviendas"},"content":{"rendered":"\n<p><br><\/p>\n\n\n\n<p>El concepto de Econom\u00eda Circular, entendido <em>grosso modo<\/em>\ncomo la optimizaci\u00f3n del ciclo de vida de los recursos naturales, suena cada\nvez con m\u00e1s fuerza en el sector de la construcci\u00f3n de viviendas, una de las\nactividades que m\u00e1s recursos consume. Este concepto se ha convertido en un\nrecurrente objeto de debate en los \u00faltimos tiempos, en los que la <strong>lucha\ncontra el cambio clim\u00e1tico<\/strong> representa uno de los grandes retos sociales.<\/p>\n\n\n\n<p>En este contexto y en plena celebraci\u00f3n de la Cumbre del\nClima en Madrid, la Asociaci\u00f3n GBCe (Consejo para la Edificaci\u00f3n Sostenible de\nEspa\u00f1a) organiz\u00f3 la mesa <strong>\u2018La promoci\u00f3n frente a la Econom\u00eda Circular\u2019 <\/strong>el\npasado 3 de diciembre en Barcelona. Una cita que reuni\u00f3 a un granado elenco de\nexpertos en la materia, entre los que estaba <strong>Jos\u00e9 Mar\u00eda G. Romojaro,\nDirector T\u00e9cnico de AEDAS Homes<\/strong>, quien particip\u00f3 en el debate v\u00eda Skype.<\/p>\n\n\n\n<div class=\"wp-block-image\"><figure class=\"aligncenter\"><img loading=\"lazy\" decoding=\"async\" width=\"1024\" height=\"592\" src=\"https:\/\/www.aedashomes.com\/blog\/wp-content\/uploads\/2019\/12\/economia-circular-aedas-homes02-1024x592.jpg\" alt=\"economia circular aedas homes02\" class=\"wp-image-10368\" srcset=\"https:\/\/www.aedashomes.com\/blog\/wp-content\/uploads\/2019\/12\/economia-circular-aedas-homes02-1024x592.jpg 1024w, https:\/\/www.aedashomes.com\/blog\/wp-content\/uploads\/2019\/12\/economia-circular-aedas-homes02-300x173.jpg 300w, https:\/\/www.aedashomes.com\/blog\/wp-content\/uploads\/2019\/12\/economia-circular-aedas-homes02.jpg 1047w\" sizes=\"auto, (max-width: 1024px) 100vw, 1024px\" \/><figcaption>Jos\u00e9 Mar\u00eda G. Romojaro, Director T\u00e9cnico de AEDAS Homes<\/figcaption><\/figure><\/div>\n\n\n\n<h2 class=\"wp-block-heading\"><strong>Colaboraci\u00f3n p\u00fablico-privada<\/strong><\/h2>\n\n\n\n<p>Ante el reto que supone el impulso de la Econom\u00eda Circular,\nJos\u00e9 Mar\u00eda G. Romojaro dej\u00f3 claro que el promotor es el eslab\u00f3n clave. \u201cEl promotor debe liderar la\ntransici\u00f3n a la circularidad al ser <strong>un agente puente entre el resto de los\nparticipantes del proceso de construcci\u00f3n y los usuarios finales<\/strong>\u201d, expuso.\n\u201cPero no debe ser el \u00fanico\u201d, a\u00f1adi\u00f3. <\/p>\n\n\n\n<div class=\"wp-block-image\"><figure class=\"alignleft is-resized\"><img loading=\"lazy\" decoding=\"async\" src=\"https:\/\/www.aedashomes.com\/blog\/wp-content\/uploads\/2019\/09\/rebuild-romojaro-aedas01.jpg\" alt=\"rebuild-romojaro-aedas01\" class=\"wp-image-9706\" width=\"306\" height=\"203\" srcset=\"https:\/\/www.aedashomes.com\/blog\/wp-content\/uploads\/2019\/09\/rebuild-romojaro-aedas01.jpg 749w, https:\/\/www.aedashomes.com\/blog\/wp-content\/uploads\/2019\/09\/rebuild-romojaro-aedas01-300x199.jpg 300w\" sizes=\"auto, (max-width: 306px) 100vw, 306px\" \/><\/figure><\/div>\n\n\n\n<p>En\nsu opini\u00f3n, para el impulso pleno de la Econom\u00eda Circular en la edificaci\u00f3n \u201ces\nfundamental un trabajo colaborativo coordinado entre todos los actores p\u00fablicos\ny privados\u201d. Un punto en el que esgrimi\u00f3 la importancia de la implicaci\u00f3n de\nlas <strong>Administraciones P\u00fablicas<\/strong> mediante, por ejemplo, <strong>bonificaciones\nque favorezcan este nuevo modelo econ\u00f3mico<\/strong>.<\/p>\n\n\n\n<h2 class=\"wp-block-heading\"><strong>El\nusuario, en el centro<\/strong><\/h2>\n\n\n\n<p>Respondiendo a la cuesti\u00f3n sobre si la promoci\u00f3n de la Econom\u00eda\nCircular pasa necesariamente por la demanda, el Director T\u00e9cnico de AEDAS Homes\nponder\u00f3 la importancia\nde colocar al usuario en el centro de la Econom\u00eda Circular: \u201cEs necesaria una\nformaci\u00f3n continua, una comunicaci\u00f3n efectiva y una sensibilizaci\u00f3n en general\npara que los distintos agentes, desde promotores, constructores, inversores,\nt\u00e9cnicos&#8230; y, en \u00faltima instancia, los usuarios finales, sean un motor y les\nhaga part\u00edcipes del cambio\u201d. <\/p>\n\n\n\n<p>El directivo de AEDAS Homes mand\u00f3 un \u00faltimo mensaje a\nnavegantes, apremiando a todos los actores del sector a pasar de la teor\u00eda a la\npr\u00e1ctica. <strong>\u201cYa contamos con nuevas tecnolog\u00edas como BIM y Blockchain para\ncatalizar estrategias circulares<\/strong>. La digitalizaci\u00f3n del sector permitir\u00e1 el\ntrabajo colaborativo entre profesionales y, por tanto, mejorar y optimizar los\nprocesos de planificaci\u00f3n y dise\u00f1o, gesti\u00f3n, construcci\u00f3n y mantenimiento\u201d,\nconcluy\u00f3.<\/p>\n\n\n\n<h2 class=\"wp-block-heading\"><strong>\u00bfQu\u00e9 est\u00e1 haciendo AEDAS Homes?<\/strong><\/h2>\n\n\n\n<div class=\"wp-block-image\"><figure class=\"alignleft is-resized\"><img loading=\"lazy\" decoding=\"async\" src=\"https:\/\/www.aedashomes.com\/blog\/wp-content\/uploads\/2019\/11\/saul-castellanos-sostenibilidad03-1024x568.jpg\" alt=\"saul-castellanos-sostenibilidad03\" class=\"wp-image-10173\" width=\"269\" height=\"149\" srcset=\"https:\/\/www.aedashomes.com\/blog\/wp-content\/uploads\/2019\/11\/saul-castellanos-sostenibilidad03-1024x568.jpg 1024w, https:\/\/www.aedashomes.com\/blog\/wp-content\/uploads\/2019\/11\/saul-castellanos-sostenibilidad03-300x167.jpg 300w, https:\/\/www.aedashomes.com\/blog\/wp-content\/uploads\/2019\/11\/saul-castellanos-sostenibilidad03.jpg 1045w\" sizes=\"auto, (max-width: 269px) 100vw, 269px\" \/><figcaption>Libro Verde de AEDAS Homes<\/figcaption><\/figure><\/div>\n\n\n\n<p>\u201cDesde AEDAS Homes, entendemos que la <strong>Responsabilidad\nSocial Corporativa (RSC)<\/strong> es clave para la implantaci\u00f3n de la Econom\u00eda\nCircular y para alcanzar el desarrollo sostenible sobre la base de nuevos\nparadigmas\u201d, respondi\u00f3 Jos\u00e9 Mar\u00eda G. Romojaro.<\/p>\n\n\n\n<p>El Director T\u00e9cnico de la promotora enumer\u00f3 algunas de las iniciativas concretas que la compa\u00f1\u00eda ha llevado a cabo: el Libro Verde de Sostenibilidad, la l\u00ednea de negocio Offsite, la edici\u00f3n del <a href=\"https:\/\/www.aedashomes.com\/blog\/libro-blanco-industrializacion-offsite\/\">Libro Blanco de Industrializaci\u00f3n de la Viviendas<\/a>, la industrializaci\u00f3n 2D, la construcci\u00f3n de fachada seca o la incorporaci\u00f3n de los ba\u00f1os industrializados a las promociones. \u201cAdem\u00e1s\u201d, anunci\u00f3, \u201cactualmente estamos realizando la Gu\u00eda de la Sostenibilidad del Usuario que se entregar\u00e1 junto con las viviendas\u201d.<\/p>\n","protected":false},"excerpt":{"rendered":"<p>El concepto de Econom\u00eda Circular, entendido grosso modo como la optimizaci\u00f3n del ciclo de vida de los recursos naturales, suena cada vez con m\u00e1s fuerza en el sector de la construcci\u00f3n de viviendas, una de las actividades que m\u00e1s recursos consume. Este concepto se ha convertido en un recurrente objeto de debate en los \u00faltimos&#8230;<\/p>\n","protected":false},"author":15,"featured_media":10367,"comment_status":"closed","ping_status":"open","sticky":false,"template":"","format":"standard","meta":{"_acf_changed":false,"footnotes":""},"categories":[209],"tags":[],"class_list":["post-10366","post","type-post","status-publish","format-standard","has-post-thumbnail","hentry","category-noticias-inmobiliarias"],"acf":[],"yoast_head":"<!-- This site is optimized with the Yoast SEO plugin v27.0 - https:\/\/yoast.com\/product\/yoast-seo-wordpress\/ -->\n<title>El promotor, el eslab\u00f3n clave en la Econom\u00eda Circular de las viviendas<\/title>\n<meta name=\"description\" content=\"Aunque el promotor es una pieza clave en la econom\u00eda circular de las viviendas, otros factores tambi\u00e9n influyen. Te los contamos.\" \/>\n<meta name=\"robots\" content=\"noindex, follow\" \/>\n<meta property=\"og:locale\" content=\"es_ES\" \/>\n<meta property=\"og:type\" content=\"article\" \/>\n<meta property=\"og:title\" content=\"El promotor, el eslab\u00f3n clave en la Econom\u00eda Circular de las viviendas\" \/>\n<meta property=\"og:description\" content=\"Aunque el promotor es una pieza clave en la econom\u00eda circular de las viviendas, otros factores tambi\u00e9n influyen. Te los contamos.\" \/>\n<meta property=\"og:url\" content=\"https:\/\/www.aedashomes.com\/blog\/economia-circular-viviendas\/\" \/>\n<meta property=\"og:site_name\" content=\"AEDAS Homes Blog\" \/>\n<meta property=\"article:publisher\" content=\"https:\/\/www.facebook.com\/aedashomes\/\" \/>\n<meta property=\"article:published_time\" content=\"2019-12-10T08:52:36+00:00\" \/>\n<meta property=\"article:modified_time\" content=\"2025-02-19T09:04:05+00:00\" \/>\n<meta property=\"og:image\" content=\"https:\/\/www.aedashomes.com\/blog\/wp-content\/uploads\/2019\/12\/economia-circular-aedas-homes.jpg\" \/>\n\t<meta property=\"og:image:width\" content=\"1114\" \/>\n\t<meta property=\"og:image:height\" content=\"605\" \/>\n\t<meta property=\"og:image:type\" content=\"image\/jpeg\" \/>\n<meta name=\"author\" content=\"-\" \/>\n<meta name=\"twitter:card\" content=\"summary_large_image\" \/>\n<meta name=\"twitter:label1\" content=\"Escrito por\" \/>\n\t<meta name=\"twitter:data1\" content=\"-\" \/>\n<script type=\"application\/ld+json\" class=\"yoast-schema-graph\">{\"@context\":\"https:\/\/schema.org\",\"@graph\":[{\"@type\":\"Article\",\"@id\":\"https:\/\/www.aedashomes.com\/blog\/economia-circular-viviendas\/#article\",\"isPartOf\":{\"@id\":\"https:\/\/www.aedashomes.com\/blog\/economia-circular-viviendas\/\"},\"author\":{\"name\":\"-\",\"@id\":\"https:\/\/www.aedashomes.com\/blog\/#\/schema\/person\/3943511ba2e912cf5f6ba43a52940713\"},\"headline\":\"\ufeffEl promotor, el eslab\u00f3n clave en la aplicaci\u00f3n de la Econom\u00eda Circular a las viviendas\",\"datePublished\":\"2019-12-10T08:52:36+00:00\",\"dateModified\":\"2025-02-19T09:04:05+00:00\",\"mainEntityOfPage\":{\"@id\":\"https:\/\/www.aedashomes.com\/blog\/economia-circular-viviendas\/\"},\"wordCount\":619,\"image\":{\"@id\":\"https:\/\/www.aedashomes.com\/blog\/economia-circular-viviendas\/#primaryimage\"},\"thumbnailUrl\":\"https:\/\/www.aedashomes.com\/blog\/wp-content\/uploads\/2019\/12\/economia-circular-aedas-homes.jpg\",\"articleSection\":[\"AEDAS News\"],\"inLanguage\":\"es\"},{\"@type\":\"WebPage\",\"@id\":\"https:\/\/www.aedashomes.com\/blog\/economia-circular-viviendas\/\",\"url\":\"https:\/\/www.aedashomes.com\/blog\/economia-circular-viviendas\/\",\"name\":\"El promotor, el eslab\u00f3n clave en la Econom\u00eda Circular de las viviendas\",\"isPartOf\":{\"@id\":\"https:\/\/www.aedashomes.com\/blog\/#website\"},\"primaryImageOfPage\":{\"@id\":\"https:\/\/www.aedashomes.com\/blog\/economia-circular-viviendas\/#primaryimage\"},\"image\":{\"@id\":\"https:\/\/www.aedashomes.com\/blog\/economia-circular-viviendas\/#primaryimage\"},\"thumbnailUrl\":\"https:\/\/www.aedashomes.com\/blog\/wp-content\/uploads\/2019\/12\/economia-circular-aedas-homes.jpg\",\"datePublished\":\"2019-12-10T08:52:36+00:00\",\"dateModified\":\"2025-02-19T09:04:05+00:00\",\"author\":{\"@id\":\"https:\/\/www.aedashomes.com\/blog\/#\/schema\/person\/3943511ba2e912cf5f6ba43a52940713\"},\"description\":\"Aunque el promotor es una pieza clave en la econom\u00eda circular de las viviendas, otros factores tambi\u00e9n influyen. Te los contamos.\",\"breadcrumb\":{\"@id\":\"https:\/\/www.aedashomes.com\/blog\/economia-circular-viviendas\/#breadcrumb\"},\"inLanguage\":\"es\",\"potentialAction\":[{\"@type\":\"ReadAction\",\"target\":[\"https:\/\/www.aedashomes.com\/blog\/economia-circular-viviendas\/\"]}]},{\"@type\":\"ImageObject\",\"inLanguage\":\"es\",\"@id\":\"https:\/\/www.aedashomes.com\/blog\/economia-circular-viviendas\/#primaryimage\",\"url\":\"https:\/\/www.aedashomes.com\/blog\/wp-content\/uploads\/2019\/12\/economia-circular-aedas-homes.jpg\",\"contentUrl\":\"https:\/\/www.aedashomes.com\/blog\/wp-content\/uploads\/2019\/12\/economia-circular-aedas-homes.jpg\",\"width\":1114,\"height\":605,\"caption\":\"economia circular aedas homes\"},{\"@type\":\"BreadcrumbList\",\"@id\":\"https:\/\/www.aedashomes.com\/blog\/economia-circular-viviendas\/#breadcrumb\",\"itemListElement\":[{\"@type\":\"ListItem\",\"position\":1,\"name\":\"Blog\",\"item\":\"https:\/\/www.aedashomes.com\/blog\/\"},{\"@type\":\"ListItem\",\"position\":2,\"name\":\"AEDAS News\",\"item\":\"https:\/\/www.aedashomes.com\/blog\/noticias-inmobiliarias\/\"},{\"@type\":\"ListItem\",\"position\":3,\"name\":\"\ufeffEl promotor, el eslab\u00f3n clave en la aplicaci\u00f3n de la Econom\u00eda Circular a las viviendas\"}]},{\"@type\":\"WebSite\",\"@id\":\"https:\/\/www.aedashomes.com\/blog\/#website\",\"url\":\"https:\/\/www.aedashomes.com\/blog\/\",\"name\":\"AEDAS Homes Blog\",\"description\":\"El blog de la promotora inmobiliaria AEDAS Homes\",\"potentialAction\":[{\"@type\":\"SearchAction\",\"target\":{\"@type\":\"EntryPoint\",\"urlTemplate\":\"https:\/\/www.aedashomes.com\/blog\/?s={search_term_string}\"},\"query-input\":{\"@type\":\"PropertyValueSpecification\",\"valueRequired\":true,\"valueName\":\"search_term_string\"}}],\"inLanguage\":\"es\"},{\"@type\":\"Person\",\"@id\":\"https:\/\/www.aedashomes.com\/blog\/#\/schema\/person\/3943511ba2e912cf5f6ba43a52940713\",\"name\":\"-\",\"image\":{\"@type\":\"ImageObject\",\"inLanguage\":\"es\",\"@id\":\"https:\/\/www.aedashomes.com\/blog\/#\/schema\/person\/image\/\",\"url\":\"https:\/\/secure.gravatar.com\/avatar\/9a98fc972c3ec2b91fdfd2a81c93ee3fc7c04aeefac4d931b43205ed61d9e009?s=96&d=mm&r=g\",\"contentUrl\":\"https:\/\/secure.gravatar.com\/avatar\/9a98fc972c3ec2b91fdfd2a81c93ee3fc7c04aeefac4d931b43205ed61d9e009?s=96&d=mm&r=g\",\"caption\":\"-\"},\"url\":\"https:\/\/www.aedashomes.com\/blog\/author\/idento\/\"}]}<\/script>\n<!-- \/ Yoast SEO plugin. -->","yoast_head_json":{"title":"El promotor, el eslab\u00f3n clave en la Econom\u00eda Circular de las viviendas","description":"Aunque el promotor es una pieza clave en la econom\u00eda circular de las viviendas, otros factores tambi\u00e9n influyen. Te los contamos.","robots":{"index":"noindex","follow":"follow"},"og_locale":"es_ES","og_type":"article","og_title":"El promotor, el eslab\u00f3n clave en la Econom\u00eda Circular de las viviendas","og_description":"Aunque el promotor es una pieza clave en la econom\u00eda circular de las viviendas, otros factores tambi\u00e9n influyen. Te los contamos.","og_url":"https:\/\/www.aedashomes.com\/blog\/economia-circular-viviendas\/","og_site_name":"AEDAS Homes Blog","article_publisher":"https:\/\/www.facebook.com\/aedashomes\/","article_published_time":"2019-12-10T08:52:36+00:00","article_modified_time":"2025-02-19T09:04:05+00:00","og_image":[{"width":1114,"height":605,"url":"https:\/\/www.aedashomes.com\/blog\/wp-content\/uploads\/2019\/12\/economia-circular-aedas-homes.jpg","type":"image\/jpeg"}],"author":"-","twitter_card":"summary_large_image","twitter_misc":{"Escrito por":"-"},"schema":{"@context":"https:\/\/schema.org","@graph":[{"@type":"Article","@id":"https:\/\/www.aedashomes.com\/blog\/economia-circular-viviendas\/#article","isPartOf":{"@id":"https:\/\/www.aedashomes.com\/blog\/economia-circular-viviendas\/"},"author":{"name":"-","@id":"https:\/\/www.aedashomes.com\/blog\/#\/schema\/person\/3943511ba2e912cf5f6ba43a52940713"},"headline":"\ufeffEl promotor, el eslab\u00f3n clave en la aplicaci\u00f3n de la Econom\u00eda Circular a las viviendas","datePublished":"2019-12-10T08:52:36+00:00","dateModified":"2025-02-19T09:04:05+00:00","mainEntityOfPage":{"@id":"https:\/\/www.aedashomes.com\/blog\/economia-circular-viviendas\/"},"wordCount":619,"image":{"@id":"https:\/\/www.aedashomes.com\/blog\/economia-circular-viviendas\/#primaryimage"},"thumbnailUrl":"https:\/\/www.aedashomes.com\/blog\/wp-content\/uploads\/2019\/12\/economia-circular-aedas-homes.jpg","articleSection":["AEDAS News"],"inLanguage":"es"},{"@type":"WebPage","@id":"https:\/\/www.aedashomes.com\/blog\/economia-circular-viviendas\/","url":"https:\/\/www.aedashomes.com\/blog\/economia-circular-viviendas\/","name":"El promotor, el eslab\u00f3n clave en la Econom\u00eda Circular de las viviendas","isPartOf":{"@id":"https:\/\/www.aedashomes.com\/blog\/#website"},"primaryImageOfPage":{"@id":"https:\/\/www.aedashomes.com\/blog\/economia-circular-viviendas\/#primaryimage"},"image":{"@id":"https:\/\/www.aedashomes.com\/blog\/economia-circular-viviendas\/#primaryimage"},"thumbnailUrl":"https:\/\/www.aedashomes.com\/blog\/wp-content\/uploads\/2019\/12\/economia-circular-aedas-homes.jpg","datePublished":"2019-12-10T08:52:36+00:00","dateModified":"2025-02-19T09:04:05+00:00","author":{"@id":"https:\/\/www.aedashomes.com\/blog\/#\/schema\/person\/3943511ba2e912cf5f6ba43a52940713"},"description":"Aunque el promotor es una pieza clave en la econom\u00eda circular de las viviendas, otros factores tambi\u00e9n influyen. Te los contamos.","breadcrumb":{"@id":"https:\/\/www.aedashomes.com\/blog\/economia-circular-viviendas\/#breadcrumb"},"inLanguage":"es","potentialAction":[{"@type":"ReadAction","target":["https:\/\/www.aedashomes.com\/blog\/economia-circular-viviendas\/"]}]},{"@type":"ImageObject","inLanguage":"es","@id":"https:\/\/www.aedashomes.com\/blog\/economia-circular-viviendas\/#primaryimage","url":"https:\/\/www.aedashomes.com\/blog\/wp-content\/uploads\/2019\/12\/economia-circular-aedas-homes.jpg","contentUrl":"https:\/\/www.aedashomes.com\/blog\/wp-content\/uploads\/2019\/12\/economia-circular-aedas-homes.jpg","width":1114,"height":605,"caption":"economia circular aedas homes"},{"@type":"BreadcrumbList","@id":"https:\/\/www.aedashomes.com\/blog\/economia-circular-viviendas\/#breadcrumb","itemListElement":[{"@type":"ListItem","position":1,"name":"Blog","item":"https:\/\/www.aedashomes.com\/blog\/"},{"@type":"ListItem","position":2,"name":"AEDAS News","item":"https:\/\/www.aedashomes.com\/blog\/noticias-inmobiliarias\/"},{"@type":"ListItem","position":3,"name":"\ufeffEl promotor, el eslab\u00f3n clave en la aplicaci\u00f3n de la Econom\u00eda Circular a las viviendas"}]},{"@type":"WebSite","@id":"https:\/\/www.aedashomes.com\/blog\/#website","url":"https:\/\/www.aedashomes.com\/blog\/","name":"AEDAS Homes Blog","description":"El blog de la promotora inmobiliaria AEDAS Homes","potentialAction":[{"@type":"SearchAction","target":{"@type":"EntryPoint","urlTemplate":"https:\/\/www.aedashomes.com\/blog\/?s={search_term_string}"},"query-input":{"@type":"PropertyValueSpecification","valueRequired":true,"valueName":"search_term_string"}}],"inLanguage":"es"},{"@type":"Person","@id":"https:\/\/www.aedashomes.com\/blog\/#\/schema\/person\/3943511ba2e912cf5f6ba43a52940713","name":"-","image":{"@type":"ImageObject","inLanguage":"es","@id":"https:\/\/www.aedashomes.com\/blog\/#\/schema\/person\/image\/","url":"https:\/\/secure.gravatar.com\/avatar\/9a98fc972c3ec2b91fdfd2a81c93ee3fc7c04aeefac4d931b43205ed61d9e009?s=96&d=mm&r=g","contentUrl":"https:\/\/secure.gravatar.com\/avatar\/9a98fc972c3ec2b91fdfd2a81c93ee3fc7c04aeefac4d931b43205ed61d9e009?s=96&d=mm&r=g","caption":"-"},"url":"https:\/\/www.aedashomes.com\/blog\/author\/idento\/"}]}},"_links":{"self":[{"href":"https:\/\/www.aedashomes.com\/blog\/wp-json\/wp\/v2\/posts\/10366","targetHints":{"allow":["GET"]}}],"collection":[{"href":"https:\/\/www.aedashomes.com\/blog\/wp-json\/wp\/v2\/posts"}],"about":[{"href":"https:\/\/www.aedashomes.com\/blog\/wp-json\/wp\/v2\/types\/post"}],"author":[{"embeddable":true,"href":"https:\/\/www.aedashomes.com\/blog\/wp-json\/wp\/v2\/users\/15"}],"replies":[{"embeddable":true,"href":"https:\/\/www.aedashomes.com\/blog\/wp-json\/wp\/v2\/comments?post=10366"}],"version-history":[{"count":6,"href":"https:\/\/www.aedashomes.com\/blog\/wp-json\/wp\/v2\/posts\/10366\/revisions"}],"predecessor-version":[{"id":17735,"href":"https:\/\/www.aedashomes.com\/blog\/wp-json\/wp\/v2\/posts\/10366\/revisions\/17735"}],"wp:featuredmedia":[{"embeddable":true,"href":"https:\/\/www.aedashomes.com\/blog\/wp-json\/wp\/v2\/media\/10367"}],"wp:attachment":[{"href":"https:\/\/www.aedashomes.com\/blog\/wp-json\/wp\/v2\/media?parent=10366"}],"wp:term":[{"taxonomy":"category","embeddable":true,"href":"https:\/\/www.aedashomes.com\/blog\/wp-json\/wp\/v2\/categories?post=10366"},{"taxonomy":"post_tag","embeddable":true,"href":"https:\/\/www.aedashomes.com\/blog\/wp-json\/wp\/v2\/tags?post=10366"}],"curies":[{"name":"wp","href":"https:\/\/api.w.org\/{rel}","templated":true}]}}