{"id":10597,"date":"2020-01-29T16:20:10","date_gmt":"2020-01-29T15:20:10","guid":{"rendered":"http:\/\/52.31.48.128\/blog\/?p=10597"},"modified":"2025-02-19T10:06:05","modified_gmt":"2025-02-19T09:06:05","slug":"obra-nueva-palma-mallorca-vasco-gama-licencia-obras","status":"publish","type":"post","link":"https:\/\/www.aedashomes.com\/blog\/obra-nueva-palma-mallorca-vasco-gama-licencia-obras\/","title":{"rendered":"Vasco de Gama, tu nueva casa en Palma de Mallorca, empieza a construirse"},"content":{"rendered":"\n<p><p>Despu\u00e9s de obtener la licencia de obra del Ayuntamiento de Palma de Mallorca, tu nueva casa en <a href=\"https:\/\/www.aedashomes.com\/pisos-en-venta-obra-nueva-vasco-de-gama-palma-de-mallorca\">Vasco de Gama<\/a> ha empezado a construirse y est\u00e1 m\u00e1s cerca de hacerse realidad. Para que veas los avances sobre el terreno, te compartimos este carrusel con fotos de los primeros pasos en la parcela.<\/p><\/p>\n\n\n\n\t\t\t<!-- START Obras Vasco de Gama REVOLUTION SLIDER 6.6.13 --><p class=\"rs-p-wp-fix\"><\/p>\n\t\t\t<rs-module-wrap id=\"rev_slider_2_1_wrapper\" data-source=\"gallery\" style=\"visibility:hidden;background:transparent;padding:0;margin:0px auto;margin-top:0;margin-bottom:0;\">\n\t\t\t\t<rs-module id=\"rev_slider_2_1\" style=\"\" data-version=\"6.6.13\">\n\t\t\t\t\t<rs-slides style=\"overflow: hidden; position: absolute;\">\n\t\t\t\t\t\t<rs-slide style=\"position: absolute;\" data-key=\"rs-7\" data-title=\"Slide\" data-thumb=\"\/\/52.31.48.128\/blog\/wp-content\/uploads\/2020\/04\/obrasvascogamapalmamallorca04.jpg\" data-anim=\"adpr:false;\">\n\t\t\t\t\t\t\t<img decoding=\"async\" src=\"\/\/www.aedashomes.com\/blog\/wp-content\/plugins\/revslider\/public\/assets\/assets\/dummy.png\" alt=\"\" title=\"Vasco de Gama, tu nueva casa en Palma de Mallorca, empieza a construirse\" class=\"rev-slidebg tp-rs-img rs-lazyload\" data-lazyload=\"\/\/52.31.48.128\/blog\/wp-content\/uploads\/2020\/04\/obrasvascogamapalmamallorca04.jpg\" data-bg=\"p:center top;\" data-parallax=\"off\" data-no-retina>\n<!---->\t\t\t\t\t\t<\/rs-slide>\n\t\t\t\t\t\t<rs-slide style=\"position: absolute;\" data-key=\"rs-9\" data-title=\"Slide\" data-thumb=\"\/\/52.31.48.128\/blog\/wp-content\/uploads\/2020\/04\/obrasvascogamapalmamallorca01.jpg\" data-anim=\"adpr:false;\">\n\t\t\t\t\t\t\t<img decoding=\"async\" src=\"\/\/www.aedashomes.com\/blog\/wp-content\/plugins\/revslider\/public\/assets\/assets\/dummy.png\" alt=\"\" title=\"Vasco de Gama, tu nueva casa en Palma de Mallorca, empieza a construirse\" class=\"rev-slidebg tp-rs-img rs-lazyload\" data-lazyload=\"\/\/52.31.48.128\/blog\/wp-content\/uploads\/2020\/04\/obrasvascogamapalmamallorca01.jpg\" data-bg=\"p:center top;\" data-parallax=\"off\" data-no-retina>\n<!---->\t\t\t\t\t\t<\/rs-slide>\n\t\t\t\t\t\t<rs-slide style=\"position: absolute;\" data-key=\"rs-8\" data-title=\"Slide\" data-thumb=\"\/\/52.31.48.128\/blog\/wp-content\/uploads\/2020\/04\/obrasvascogamapalmamallorca05.jpg\" data-anim=\"adpr:false;\">\n\t\t\t\t\t\t\t<img decoding=\"async\" src=\"\/\/www.aedashomes.com\/blog\/wp-content\/plugins\/revslider\/public\/assets\/assets\/dummy.png\" alt=\"\" title=\"Vasco de Gama, tu nueva casa en Palma de Mallorca, empieza a construirse\" class=\"rev-slidebg tp-rs-img rs-lazyload\" data-lazyload=\"\/\/52.31.48.128\/blog\/wp-content\/uploads\/2020\/04\/obrasvascogamapalmamallorca05.jpg\" data-bg=\"p:center top;\" data-parallax=\"off\" data-no-retina>\n<!---->\t\t\t\t\t\t<\/rs-slide>\n\t\t\t\t\t\t<rs-slide style=\"position: absolute;\" data-key=\"rs-10\" data-title=\"Slide\" data-thumb=\"\/\/52.31.48.128\/blog\/wp-content\/uploads\/2020\/04\/obrasvascogamapalmamallorca03.jpg\" data-anim=\"adpr:false;\">\n\t\t\t\t\t\t\t<img decoding=\"async\" src=\"\/\/www.aedashomes.com\/blog\/wp-content\/plugins\/revslider\/public\/assets\/assets\/dummy.png\" alt=\"\" title=\"Vasco de Gama, tu nueva casa en Palma de Mallorca, empieza a construirse\" class=\"rev-slidebg tp-rs-img rs-lazyload\" data-lazyload=\"\/\/52.31.48.128\/blog\/wp-content\/uploads\/2020\/04\/obrasvascogamapalmamallorca03.jpg\" data-bg=\"p:center top;\" data-parallax=\"off\" data-no-retina>\n<!---->\t\t\t\t\t\t<\/rs-slide>\n\t\t\t\t\t\t<rs-slide style=\"position: absolute;\" data-key=\"rs-11\" data-title=\"Slide\" data-thumb=\"\/\/52.31.48.128\/blog\/wp-content\/uploads\/2020\/04\/obrasvascogamapalmamallorca07.jpg\" data-anim=\"adpr:false;\">\n\t\t\t\t\t\t\t<img decoding=\"async\" src=\"\/\/www.aedashomes.com\/blog\/wp-content\/plugins\/revslider\/public\/assets\/assets\/dummy.png\" alt=\"\" title=\"Vasco de Gama, tu nueva casa en Palma de Mallorca, empieza a construirse\" class=\"rev-slidebg tp-rs-img rs-lazyload\" data-lazyload=\"\/\/52.31.48.128\/blog\/wp-content\/uploads\/2020\/04\/obrasvascogamapalmamallorca07.jpg\" data-bg=\"p:center top;\" data-parallax=\"off\" data-no-retina>\n<!---->\t\t\t\t\t\t<\/rs-slide>\n\t\t\t\t\t\t<rs-slide style=\"position: absolute;\" data-key=\"rs-12\" data-title=\"Slide\" data-thumb=\"\/\/52.31.48.128\/blog\/wp-content\/uploads\/slider26\/obrasvascogamapalmamallorca6.jpeg\" data-anim=\"adpr:false;\">\n\t\t\t\t\t\t\t<img decoding=\"async\" src=\"\/\/www.aedashomes.com\/blog\/wp-content\/plugins\/revslider\/public\/assets\/assets\/dummy.png\" alt=\"\" title=\"Vasco de Gama, tu nueva casa en Palma de Mallorca, empieza a construirse\" class=\"rev-slidebg tp-rs-img rs-lazyload\" data-lazyload=\"\/\/52.31.48.128\/blog\/wp-content\/uploads\/slider26\/obrasvascogamapalmamallorca6.jpeg\" data-bg=\"p:center top;\" data-parallax=\"off\" data-no-retina>\n<!---->\t\t\t\t\t\t<\/rs-slide>\n\t\t\t\t\t\t<rs-slide style=\"position: absolute;\" data-key=\"rs-13\" data-title=\"Slide\" data-thumb=\"\/\/52.31.48.128\/blog\/wp-content\/uploads\/2020\/04\/obrasvascogamapalmamallorca07.jpg\" data-anim=\"adpr:false;\">\n\t\t\t\t\t\t\t<img decoding=\"async\" src=\"\/\/www.aedashomes.com\/blog\/wp-content\/plugins\/revslider\/public\/assets\/assets\/dummy.png\" alt=\"\" title=\"Vasco de Gama, tu nueva casa en Palma de Mallorca, empieza a construirse\" class=\"rev-slidebg tp-rs-img rs-lazyload\" data-lazyload=\"\/\/52.31.48.128\/blog\/wp-content\/uploads\/2020\/04\/obrasvascogamapalmamallorca07.jpg\" data-bg=\"p:center top;\" data-parallax=\"off\" data-no-retina>\n<!---->\t\t\t\t\t\t<\/rs-slide>\n\t\t\t\t\t<\/rs-slides>\n\t\t\t\t<\/rs-module>\n\t\t\t\t<script>\n\t\t\t\t\tsetREVStartSize({c: 'rev_slider_2_1',rl:[1240,1024,778,480],el:[],gw:[600],gh:[300],type:'carousel',justify:'',layout:'fullwidth',mh:\"0\"});if (window.RS_MODULES!==undefined && window.RS_MODULES.modules!==undefined && window.RS_MODULES.modules[\"revslider21\"]!==undefined) {window.RS_MODULES.modules[\"revslider21\"].once = false;window.revapi2 = undefined;if (window.RS_MODULES.checkMinimal!==undefined) window.RS_MODULES.checkMinimal()}\n\t\t\t\t<\/script>\n\t\t\t<\/rs-module-wrap>\n\t\t\t<!-- END REVOLUTION SLIDER -->\n\n\n\n\n<div style=\"height:26px\" aria-hidden=\"true\" class=\"wp-block-spacer\"><\/div>\n\n\n\n<p><p>Vasco de Gama est\u00e1 compuesta por viviendas de <strong>2, 3 y 4 dormitorios<\/strong> con garaje y trastero. A fecha de publicaci\u00f3n de este post (29 de enero de 2020), las opciones disponibles parten de una superficie de 94 m\u00b2, un espacio generoso y amplio donde pasar tu d\u00eda a d\u00eda con total comodidad.<\/p><\/p>\n\n\n\n<center><iframe loading=\"lazy\" width=\"560\" height=\"315\" src=\"https:\/\/www.youtube-nocookie.com\/embed\/EqJuPnQ1uMk\" frameborder=\"0\" allow=\"accelerometer; autoplay; encrypted-media; gyroscope; picture-in-picture\" allowfullscreen=\"\"><\/iframe><\/center>\n\n\n\n<p>Adem\u00e1s, la ubicaci\u00f3n de Vasco de Gama es muy buena. Considerada como una de las <strong>\u00faltimas oportunidades para adquirir vivienda de obra nueva dentro de la V\u00eda de Cintura<\/strong>, la promoci\u00f3n se encuentra en el \u00e1rea de S\u2019Olivera-Amanecer. Esta caracter\u00edstica permite conexiones muy r\u00e1pidas con la Ma-20, la Ma-13 y Ma-1110. Si prefieres el transporte p\u00fablico, en los alrededores de Vasco de Gama tambi\u00e9n encontrar\u00e1s varias l\u00edneas de autob\u00fas (11, 24, 29).<\/p>\n\n\n\n<p>En cuanto a las zonas comunes, Vasco de Gama ofrece piscina, gimnasio y sala comunitaria. Todas las viviendas incluyen <strong>terrazas-porche<\/strong> con acceso desde el sal\u00f3n que, en el caso de los <strong>\u00e1ticos<\/strong>, llegan a los 40 m\u00b2 y son perfectas para organizar encuentros con amigos o familiares. <\/p>\n\n\n\n<div class=\"wp-block-image\"><figure class=\"aligncenter\"><img loading=\"lazy\" decoding=\"async\" width=\"1024\" height=\"425\" src=\"https:\/\/www.aedashomes.com\/blog\/wp-content\/uploads\/2018\/10\/obra-nueva-palma-mallorca-vasco-gama04-1024x425.jpg\" alt=\"obra nueva palma mallorca vasco gama\" class=\"wp-image-2867\" srcset=\"https:\/\/www.aedashomes.com\/blog\/wp-content\/uploads\/2018\/10\/obra-nueva-palma-mallorca-vasco-gama04-1024x425.jpg 1024w, https:\/\/www.aedashomes.com\/blog\/wp-content\/uploads\/2018\/10\/obra-nueva-palma-mallorca-vasco-gama04-300x125.jpg 300w, https:\/\/www.aedashomes.com\/blog\/wp-content\/uploads\/2018\/10\/obra-nueva-palma-mallorca-vasco-gama04-768x319.jpg 768w, https:\/\/www.aedashomes.com\/blog\/wp-content\/uploads\/2018\/10\/obra-nueva-palma-mallorca-vasco-gama04.jpg 1445w\" sizes=\"auto, (max-width: 1024px) 100vw, 1024px\" \/><figcaption>Las terrazas de los \u00e1ticos de Vasco de Gama tienen una original forma redondeada<\/figcaption><\/figure><\/div>\n\n\n\n<p>Rellena este formulario para obtener m\u00e1s informaci\u00f3n sobre Vasco de Gama, tu casa de <a href=\"https:\/\/www.aedashomes.com\/viviendas-obra-nueva-palma-de-mallorca\">obra nueva en Palma de Mallorca<\/a>.<\/p>\n\n\n\n<iframe class=\"formulariotop\" src=\"https:\/\/cloud.e.aedashomes.net\/Promociones?idProm=a0P0Y00000inQC6UAM&#038;origen=blog\" name=\"Formulario SFMC Promocion\" ><span data-mce-type=\"bookmark\" style=\"display: inline-block; width: 0px; overflow: hidden; line-height: 0;\" class=\"mce_SELRES_start\">\ufeff<\/span><\/iframe>\n","protected":false},"excerpt":{"rendered":"<p>Despu\u00e9s de obtener la licencia de obra del Ayuntamiento de Palma de Mallorca, tu nueva casa en Vasco de Gama ha empezado a construirse y est\u00e1 m\u00e1s cerca de hacerse realidad. Para que veas los avances sobre el terreno, te compartimos este carrusel con fotos de los primeros pasos en la parcela. Vasco de Gama&#8230;<\/p>\n","protected":false},"author":15,"featured_media":9456,"comment_status":"closed","ping_status":"open","sticky":false,"template":"","format":"standard","meta":{"_acf_changed":false,"footnotes":""},"categories":[171,177],"tags":[],"class_list":["post-10597","post","type-post","status-publish","format-standard","has-post-thumbnail","hentry","category-promociones-inmobiliarias","category-promociones-baleares"],"acf":[],"yoast_head":"<!-- This site is optimized with the Yoast SEO plugin v27.0 - https:\/\/yoast.com\/product\/yoast-seo-wordpress\/ -->\n<title>\u25b7 Vasco de Gama, tu nueva casa en Palma de Mallorca, empieza a construirse | AEDAS Homes Blog<\/title>\n<meta name=\"description\" content=\"Tu nueva casa en Palma de Mallorca ha obtenido licencia de obras. Vasco de Gama, m\u00e1s cerca de convertirse en realidad.\" \/>\n<meta name=\"robots\" content=\"noindex, follow\" \/>\n<meta property=\"og:locale\" content=\"es_ES\" \/>\n<meta property=\"og:type\" content=\"article\" \/>\n<meta property=\"og:title\" content=\"\u25b7 Vasco de Gama, tu nueva casa en Palma de Mallorca, empieza a construirse | AEDAS Homes Blog\" \/>\n<meta property=\"og:description\" content=\"Tu nueva casa en Palma de Mallorca ha obtenido licencia de obras. Vasco de Gama, m\u00e1s cerca de convertirse en realidad.\" \/>\n<meta property=\"og:url\" content=\"https:\/\/www.aedashomes.com\/blog\/obra-nueva-palma-mallorca-vasco-gama-licencia-obras\/\" \/>\n<meta property=\"og:site_name\" content=\"AEDAS Homes Blog\" \/>\n<meta property=\"article:publisher\" content=\"https:\/\/www.facebook.com\/aedashomes\/\" \/>\n<meta property=\"article:published_time\" content=\"2020-01-29T15:20:10+00:00\" \/>\n<meta property=\"article:modified_time\" content=\"2025-02-19T09:06:05+00:00\" \/>\n<meta property=\"og:image\" content=\"https:\/\/www.aedashomes.com\/blog\/wp-content\/uploads\/2019\/07\/vasco-gama-jornada-puertas-abiertas-casa-nueva-palma-mallorca01.jpg\" \/>\n\t<meta property=\"og:image:width\" content=\"1445\" \/>\n\t<meta property=\"og:image:height\" content=\"603\" \/>\n\t<meta property=\"og:image:type\" content=\"image\/jpeg\" \/>\n<meta name=\"author\" content=\"-\" \/>\n<meta name=\"twitter:card\" content=\"summary_large_image\" \/>\n<meta name=\"twitter:label1\" content=\"Escrito por\" \/>\n\t<meta name=\"twitter:data1\" content=\"-\" \/>\n<script type=\"application\/ld+json\" class=\"yoast-schema-graph\">{\"@context\":\"https:\/\/schema.org\",\"@graph\":[{\"@type\":\"Article\",\"@id\":\"https:\/\/www.aedashomes.com\/blog\/obra-nueva-palma-mallorca-vasco-gama-licencia-obras\/#article\",\"isPartOf\":{\"@id\":\"https:\/\/www.aedashomes.com\/blog\/obra-nueva-palma-mallorca-vasco-gama-licencia-obras\/\"},\"author\":{\"name\":\"-\",\"@id\":\"https:\/\/www.aedashomes.com\/blog\/#\/schema\/person\/3943511ba2e912cf5f6ba43a52940713\"},\"headline\":\"Vasco de Gama, tu nueva casa en Palma de Mallorca, empieza a construirse\",\"datePublished\":\"2020-01-29T15:20:10+00:00\",\"dateModified\":\"2025-02-19T09:06:05+00:00\",\"mainEntityOfPage\":{\"@id\":\"https:\/\/www.aedashomes.com\/blog\/obra-nueva-palma-mallorca-vasco-gama-licencia-obras\/\"},\"wordCount\":285,\"image\":{\"@id\":\"https:\/\/www.aedashomes.com\/blog\/obra-nueva-palma-mallorca-vasco-gama-licencia-obras\/#primaryimage\"},\"thumbnailUrl\":\"https:\/\/www.aedashomes.com\/blog\/wp-content\/uploads\/2019\/07\/vasco-gama-jornada-puertas-abiertas-casa-nueva-palma-mallorca01.jpg\",\"articleSection\":[\"Promociones\",\"Promociones en Baleares\"],\"inLanguage\":\"es\"},{\"@type\":\"WebPage\",\"@id\":\"https:\/\/www.aedashomes.com\/blog\/obra-nueva-palma-mallorca-vasco-gama-licencia-obras\/\",\"url\":\"https:\/\/www.aedashomes.com\/blog\/obra-nueva-palma-mallorca-vasco-gama-licencia-obras\/\",\"name\":\"\u25b7 Vasco de Gama, tu nueva casa en Palma de Mallorca, empieza a construirse | AEDAS Homes Blog\",\"isPartOf\":{\"@id\":\"https:\/\/www.aedashomes.com\/blog\/#website\"},\"primaryImageOfPage\":{\"@id\":\"https:\/\/www.aedashomes.com\/blog\/obra-nueva-palma-mallorca-vasco-gama-licencia-obras\/#primaryimage\"},\"image\":{\"@id\":\"https:\/\/www.aedashomes.com\/blog\/obra-nueva-palma-mallorca-vasco-gama-licencia-obras\/#primaryimage\"},\"thumbnailUrl\":\"https:\/\/www.aedashomes.com\/blog\/wp-content\/uploads\/2019\/07\/vasco-gama-jornada-puertas-abiertas-casa-nueva-palma-mallorca01.jpg\",\"datePublished\":\"2020-01-29T15:20:10+00:00\",\"dateModified\":\"2025-02-19T09:06:05+00:00\",\"author\":{\"@id\":\"https:\/\/www.aedashomes.com\/blog\/#\/schema\/person\/3943511ba2e912cf5f6ba43a52940713\"},\"description\":\"Tu nueva casa en Palma de Mallorca ha obtenido licencia de obras. Vasco de Gama, m\u00e1s cerca de convertirse en realidad.\",\"breadcrumb\":{\"@id\":\"https:\/\/www.aedashomes.com\/blog\/obra-nueva-palma-mallorca-vasco-gama-licencia-obras\/#breadcrumb\"},\"inLanguage\":\"es\",\"potentialAction\":[{\"@type\":\"ReadAction\",\"target\":[\"https:\/\/www.aedashomes.com\/blog\/obra-nueva-palma-mallorca-vasco-gama-licencia-obras\/\"]}]},{\"@type\":\"ImageObject\",\"inLanguage\":\"es\",\"@id\":\"https:\/\/www.aedashomes.com\/blog\/obra-nueva-palma-mallorca-vasco-gama-licencia-obras\/#primaryimage\",\"url\":\"https:\/\/www.aedashomes.com\/blog\/wp-content\/uploads\/2019\/07\/vasco-gama-jornada-puertas-abiertas-casa-nueva-palma-mallorca01.jpg\",\"contentUrl\":\"https:\/\/www.aedashomes.com\/blog\/wp-content\/uploads\/2019\/07\/vasco-gama-jornada-puertas-abiertas-casa-nueva-palma-mallorca01.jpg\",\"width\":1445,\"height\":603,\"caption\":\"vasco gama jornada puertas abiertas casa nueva palma mallorca01\"},{\"@type\":\"BreadcrumbList\",\"@id\":\"https:\/\/www.aedashomes.com\/blog\/obra-nueva-palma-mallorca-vasco-gama-licencia-obras\/#breadcrumb\",\"itemListElement\":[{\"@type\":\"ListItem\",\"position\":1,\"name\":\"Blog\",\"item\":\"https:\/\/www.aedashomes.com\/blog\/\"},{\"@type\":\"ListItem\",\"position\":2,\"name\":\"Te interesar\u00e1\",\"item\":\"https:\/\/www.aedashomes.com\/blog\/te-interesara\/\"},{\"@type\":\"ListItem\",\"position\":3,\"name\":\"Vasco de Gama, tu nueva casa en Palma de Mallorca, empieza a construirse\"}]},{\"@type\":\"WebSite\",\"@id\":\"https:\/\/www.aedashomes.com\/blog\/#website\",\"url\":\"https:\/\/www.aedashomes.com\/blog\/\",\"name\":\"AEDAS Homes Blog\",\"description\":\"El blog de la promotora inmobiliaria AEDAS Homes\",\"potentialAction\":[{\"@type\":\"SearchAction\",\"target\":{\"@type\":\"EntryPoint\",\"urlTemplate\":\"https:\/\/www.aedashomes.com\/blog\/?s={search_term_string}\"},\"query-input\":{\"@type\":\"PropertyValueSpecification\",\"valueRequired\":true,\"valueName\":\"search_term_string\"}}],\"inLanguage\":\"es\"},{\"@type\":\"Person\",\"@id\":\"https:\/\/www.aedashomes.com\/blog\/#\/schema\/person\/3943511ba2e912cf5f6ba43a52940713\",\"name\":\"-\",\"image\":{\"@type\":\"ImageObject\",\"inLanguage\":\"es\",\"@id\":\"https:\/\/www.aedashomes.com\/blog\/#\/schema\/person\/image\/\",\"url\":\"https:\/\/secure.gravatar.com\/avatar\/9a98fc972c3ec2b91fdfd2a81c93ee3fc7c04aeefac4d931b43205ed61d9e009?s=96&d=mm&r=g\",\"contentUrl\":\"https:\/\/secure.gravatar.com\/avatar\/9a98fc972c3ec2b91fdfd2a81c93ee3fc7c04aeefac4d931b43205ed61d9e009?s=96&d=mm&r=g\",\"caption\":\"-\"},\"url\":\"https:\/\/www.aedashomes.com\/blog\/author\/idento\/\"}]}<\/script>\n<!-- \/ Yoast SEO plugin. -->","yoast_head_json":{"title":"\u25b7 Vasco de Gama, tu nueva casa en Palma de Mallorca, empieza a construirse | AEDAS Homes Blog","description":"Tu nueva casa en Palma de Mallorca ha obtenido licencia de obras. Vasco de Gama, m\u00e1s cerca de convertirse en realidad.","robots":{"index":"noindex","follow":"follow"},"og_locale":"es_ES","og_type":"article","og_title":"\u25b7 Vasco de Gama, tu nueva casa en Palma de Mallorca, empieza a construirse | AEDAS Homes Blog","og_description":"Tu nueva casa en Palma de Mallorca ha obtenido licencia de obras. Vasco de Gama, m\u00e1s cerca de convertirse en realidad.","og_url":"https:\/\/www.aedashomes.com\/blog\/obra-nueva-palma-mallorca-vasco-gama-licencia-obras\/","og_site_name":"AEDAS Homes Blog","article_publisher":"https:\/\/www.facebook.com\/aedashomes\/","article_published_time":"2020-01-29T15:20:10+00:00","article_modified_time":"2025-02-19T09:06:05+00:00","og_image":[{"width":1445,"height":603,"url":"https:\/\/www.aedashomes.com\/blog\/wp-content\/uploads\/2019\/07\/vasco-gama-jornada-puertas-abiertas-casa-nueva-palma-mallorca01.jpg","type":"image\/jpeg"}],"author":"-","twitter_card":"summary_large_image","twitter_misc":{"Escrito por":"-"},"schema":{"@context":"https:\/\/schema.org","@graph":[{"@type":"Article","@id":"https:\/\/www.aedashomes.com\/blog\/obra-nueva-palma-mallorca-vasco-gama-licencia-obras\/#article","isPartOf":{"@id":"https:\/\/www.aedashomes.com\/blog\/obra-nueva-palma-mallorca-vasco-gama-licencia-obras\/"},"author":{"name":"-","@id":"https:\/\/www.aedashomes.com\/blog\/#\/schema\/person\/3943511ba2e912cf5f6ba43a52940713"},"headline":"Vasco de Gama, tu nueva casa en Palma de Mallorca, empieza a construirse","datePublished":"2020-01-29T15:20:10+00:00","dateModified":"2025-02-19T09:06:05+00:00","mainEntityOfPage":{"@id":"https:\/\/www.aedashomes.com\/blog\/obra-nueva-palma-mallorca-vasco-gama-licencia-obras\/"},"wordCount":285,"image":{"@id":"https:\/\/www.aedashomes.com\/blog\/obra-nueva-palma-mallorca-vasco-gama-licencia-obras\/#primaryimage"},"thumbnailUrl":"https:\/\/www.aedashomes.com\/blog\/wp-content\/uploads\/2019\/07\/vasco-gama-jornada-puertas-abiertas-casa-nueva-palma-mallorca01.jpg","articleSection":["Promociones","Promociones en Baleares"],"inLanguage":"es"},{"@type":"WebPage","@id":"https:\/\/www.aedashomes.com\/blog\/obra-nueva-palma-mallorca-vasco-gama-licencia-obras\/","url":"https:\/\/www.aedashomes.com\/blog\/obra-nueva-palma-mallorca-vasco-gama-licencia-obras\/","name":"\u25b7 Vasco de Gama, tu nueva casa en Palma de Mallorca, empieza a construirse | AEDAS Homes Blog","isPartOf":{"@id":"https:\/\/www.aedashomes.com\/blog\/#website"},"primaryImageOfPage":{"@id":"https:\/\/www.aedashomes.com\/blog\/obra-nueva-palma-mallorca-vasco-gama-licencia-obras\/#primaryimage"},"image":{"@id":"https:\/\/www.aedashomes.com\/blog\/obra-nueva-palma-mallorca-vasco-gama-licencia-obras\/#primaryimage"},"thumbnailUrl":"https:\/\/www.aedashomes.com\/blog\/wp-content\/uploads\/2019\/07\/vasco-gama-jornada-puertas-abiertas-casa-nueva-palma-mallorca01.jpg","datePublished":"2020-01-29T15:20:10+00:00","dateModified":"2025-02-19T09:06:05+00:00","author":{"@id":"https:\/\/www.aedashomes.com\/blog\/#\/schema\/person\/3943511ba2e912cf5f6ba43a52940713"},"description":"Tu nueva casa en Palma de Mallorca ha obtenido licencia de obras. Vasco de Gama, m\u00e1s cerca de convertirse en realidad.","breadcrumb":{"@id":"https:\/\/www.aedashomes.com\/blog\/obra-nueva-palma-mallorca-vasco-gama-licencia-obras\/#breadcrumb"},"inLanguage":"es","potentialAction":[{"@type":"ReadAction","target":["https:\/\/www.aedashomes.com\/blog\/obra-nueva-palma-mallorca-vasco-gama-licencia-obras\/"]}]},{"@type":"ImageObject","inLanguage":"es","@id":"https:\/\/www.aedashomes.com\/blog\/obra-nueva-palma-mallorca-vasco-gama-licencia-obras\/#primaryimage","url":"https:\/\/www.aedashomes.com\/blog\/wp-content\/uploads\/2019\/07\/vasco-gama-jornada-puertas-abiertas-casa-nueva-palma-mallorca01.jpg","contentUrl":"https:\/\/www.aedashomes.com\/blog\/wp-content\/uploads\/2019\/07\/vasco-gama-jornada-puertas-abiertas-casa-nueva-palma-mallorca01.jpg","width":1445,"height":603,"caption":"vasco gama jornada puertas abiertas casa nueva palma mallorca01"},{"@type":"BreadcrumbList","@id":"https:\/\/www.aedashomes.com\/blog\/obra-nueva-palma-mallorca-vasco-gama-licencia-obras\/#breadcrumb","itemListElement":[{"@type":"ListItem","position":1,"name":"Blog","item":"https:\/\/www.aedashomes.com\/blog\/"},{"@type":"ListItem","position":2,"name":"Te interesar\u00e1","item":"https:\/\/www.aedashomes.com\/blog\/te-interesara\/"},{"@type":"ListItem","position":3,"name":"Vasco de Gama, tu nueva casa en Palma de Mallorca, empieza a construirse"}]},{"@type":"WebSite","@id":"https:\/\/www.aedashomes.com\/blog\/#website","url":"https:\/\/www.aedashomes.com\/blog\/","name":"AEDAS Homes Blog","description":"El blog de la promotora inmobiliaria AEDAS Homes","potentialAction":[{"@type":"SearchAction","target":{"@type":"EntryPoint","urlTemplate":"https:\/\/www.aedashomes.com\/blog\/?s={search_term_string}"},"query-input":{"@type":"PropertyValueSpecification","valueRequired":true,"valueName":"search_term_string"}}],"inLanguage":"es"},{"@type":"Person","@id":"https:\/\/www.aedashomes.com\/blog\/#\/schema\/person\/3943511ba2e912cf5f6ba43a52940713","name":"-","image":{"@type":"ImageObject","inLanguage":"es","@id":"https:\/\/www.aedashomes.com\/blog\/#\/schema\/person\/image\/","url":"https:\/\/secure.gravatar.com\/avatar\/9a98fc972c3ec2b91fdfd2a81c93ee3fc7c04aeefac4d931b43205ed61d9e009?s=96&d=mm&r=g","contentUrl":"https:\/\/secure.gravatar.com\/avatar\/9a98fc972c3ec2b91fdfd2a81c93ee3fc7c04aeefac4d931b43205ed61d9e009?s=96&d=mm&r=g","caption":"-"},"url":"https:\/\/www.aedashomes.com\/blog\/author\/idento\/"}]}},"_links":{"self":[{"href":"https:\/\/www.aedashomes.com\/blog\/wp-json\/wp\/v2\/posts\/10597","targetHints":{"allow":["GET"]}}],"collection":[{"href":"https:\/\/www.aedashomes.com\/blog\/wp-json\/wp\/v2\/posts"}],"about":[{"href":"https:\/\/www.aedashomes.com\/blog\/wp-json\/wp\/v2\/types\/post"}],"author":[{"embeddable":true,"href":"https:\/\/www.aedashomes.com\/blog\/wp-json\/wp\/v2\/users\/15"}],"replies":[{"embeddable":true,"href":"https:\/\/www.aedashomes.com\/blog\/wp-json\/wp\/v2\/comments?post=10597"}],"version-history":[{"count":10,"href":"https:\/\/www.aedashomes.com\/blog\/wp-json\/wp\/v2\/posts\/10597\/revisions"}],"predecessor-version":[{"id":17761,"href":"https:\/\/www.aedashomes.com\/blog\/wp-json\/wp\/v2\/posts\/10597\/revisions\/17761"}],"wp:featuredmedia":[{"embeddable":true,"href":"https:\/\/www.aedashomes.com\/blog\/wp-json\/wp\/v2\/media\/9456"}],"wp:attachment":[{"href":"https:\/\/www.aedashomes.com\/blog\/wp-json\/wp\/v2\/media?parent=10597"}],"wp:term":[{"taxonomy":"category","embeddable":true,"href":"https:\/\/www.aedashomes.com\/blog\/wp-json\/wp\/v2\/categories?post=10597"},{"taxonomy":"post_tag","embeddable":true,"href":"https:\/\/www.aedashomes.com\/blog\/wp-json\/wp\/v2\/tags?post=10597"}],"curies":[{"name":"wp","href":"https:\/\/api.w.org\/{rel}","templated":true}]}}