{"id":11635,"date":"2020-05-25T11:03:01","date_gmt":"2020-05-25T10:03:01","guid":{"rendered":"http:\/\/52.31.48.128\/blog\/?p=11635"},"modified":"2026-04-22T08:15:58","modified_gmt":"2026-04-22T07:15:58","slug":"compra-vivienda-bajada-precios-covid","status":"publish","type":"post","link":"https:\/\/www.aedashomes.com\/blog\/compra-vivienda-bajada-precios-covid\/","title":{"rendered":"Tras el COVID-19, las decisiones de compra de vivienda se basan en un nuevo estilo de vida"},"content":{"rendered":"\r\n<p>Javier S\u00e1nchez, director de Innovaci\u00f3n y Marca de <strong>AEDAS Homes<\/strong>, particip\u00f3 el pasado 21 de mayo de 2020 en un nuevo encuentro online de SIMAPro Home Edition bajo el t\u00edtulo \u2018<a href=\"https:\/\/simaexpo.com\/simapro\/\" target=\"_blank\" rel=\"noreferrer noopener nofollow\" aria-label=\" (abre en una nueva pesta\u00f1a)\">C\u00f3mo seguir alimentando el embudo de ventas durante la desescalada<\/a>\u2019, que fue seguido por m\u00e1s de 460 personas.<\/p>\r\n\r\n\r\n\r\n<p>El director de Innovaci\u00f3n y Marca de la promotora recalc\u00f3 al inicio de su intervenci\u00f3n que empieza a haber se\u00f1ales de recuperaci\u00f3n. Dichas se\u00f1ales permiten al sector inmobiliario cierto optimismo que, en el caso concreto de AEDAS Homes, se afianz\u00f3 con datos expuestos por Javier S\u00e1nchez: \u201cEn t\u00e9rminos de volumen estamos en el <strong>80 % de leads respecto a las semanas preCOVID<\/strong>. En online estamos por encima del 90 %, y se han disparado las llamadas y las muestras de inter\u00e9s. El reto ahora es convertir todo ese inter\u00e9s en visitas, sobre todo f\u00edsicas\u201d.<\/p>\r\n\r\n\r\n\r\n<div class=\"wp-block-image\">\r\n<figure class=\"aligncenter\"><img loading=\"lazy\" decoding=\"async\" width=\"1024\" height=\"575\" class=\"wp-image-11638\" src=\"https:\/\/www.aedashomes.com\/blog\/wp-content\/uploads\/2020\/05\/Captura-de-pantalla-2020-05-25-a-las-10.04.38-1024x575.png\" alt=\"Captura de pantalla 2020-05-25 a las 10.04.38\" srcset=\"https:\/\/www.aedashomes.com\/blog\/wp-content\/uploads\/2020\/05\/Captura-de-pantalla-2020-05-25-a-las-10.04.38-1024x575.png 1024w, https:\/\/www.aedashomes.com\/blog\/wp-content\/uploads\/2020\/05\/Captura-de-pantalla-2020-05-25-a-las-10.04.38-300x169.png 300w, https:\/\/www.aedashomes.com\/blog\/wp-content\/uploads\/2020\/05\/Captura-de-pantalla-2020-05-25-a-las-10.04.38-600x337.png 600w, https:\/\/www.aedashomes.com\/blog\/wp-content\/uploads\/2020\/05\/Captura-de-pantalla-2020-05-25-a-las-10.04.38.png 1077w\" sizes=\"auto, (max-width: 1024px) 100vw, 1024px\" \/>\r\n<figcaption>Participantes en el encuentro online de SIMAPro Home Edition tituladoo \u2018C\u00f3mo seguir alimentando el embudo de ventas durante la desescalada\u2019<\/figcaption>\r\n<\/figure>\r\n<\/div>\r\n\r\n\r\n\r\n<p>En este sentido, Javier S\u00e1nchez no dud\u00f3 en hacer referencia a los <a href=\"https:\/\/www.aedashomes.com\/blog\/\">protocolos<\/a> que la compa\u00f1\u00eda ha implantado en estos d\u00edas para <strong>garantizar la seguridad de todos<\/strong> los clientes a los puntos de venta.<\/p>\r\n\r\n\r\n\r\n<p>En relaci\u00f3n con los compradores internacionales, durante el debate se manifest\u00f3 la complicada situaci\u00f3n que existe en estos momentos debido a que la apertura de las fronteras internacionales a\u00fan no se ha producido. Para <strong>solucionar el problema de movilidad entre los clientes extranjeros<\/strong>, AEDAS Homes cuenta con el servicio <a href=\"https:\/\/www.aedashomes.com\/blog\/live-tour-virtual-casa-nueva\/\">Live Tours<\/a>, una plataforma virtual que conecta al comprador con asesores comerciales de la promoci\u00f3n en la que est\u00e1 interesado para que, sin moverse del sof\u00e1, el cliente se pueda visitar su posible nueva vivienda e, incluso, pasear por las estancias y las zonas comunes.<\/p>\r\n\r\n\r\n\r\n<h2 class=\"wp-block-heading\"><strong>Decisiones basadas en el estilo de vida<\/strong><\/h2>\r\n\r\n\r\n\r\n<div class=\"wp-block-image\">\r\n<figure class=\"alignleft is-resized\"><img loading=\"lazy\" decoding=\"async\" class=\"wp-image-11374\" src=\"https:\/\/www.aedashomes.com\/blog\/wp-content\/uploads\/2020\/04\/mourelle-piscina-calvia-1024x429.jpg\" alt=\"mourelle-piscina-calvia\" width=\"378\" height=\"157\" srcset=\"https:\/\/www.aedashomes.com\/blog\/wp-content\/uploads\/2020\/04\/mourelle-piscina-calvia-1024x429.jpg 1024w, https:\/\/www.aedashomes.com\/blog\/wp-content\/uploads\/2020\/04\/mourelle-piscina-calvia-300x126.jpg 300w, https:\/\/www.aedashomes.com\/blog\/wp-content\/uploads\/2020\/04\/mourelle-piscina-calvia-335x140.jpg 335w, https:\/\/www.aedashomes.com\/blog\/wp-content\/uploads\/2020\/04\/mourelle-piscina-calvia.jpg 1445w\" sizes=\"auto, (max-width: 378px) 100vw, 378px\" \/>\r\n<figcaption>Recreaci\u00f3n de una vivienda unifamiliar ofrecida por AEDAS Homes en Calvi\u00e1 (Mallorca). La promoci\u00f3n Mourelle permite incluir piscina privada en el jard\u00edn de cada casa<\/figcaption>\r\n<\/figure>\r\n<\/div>\r\n\r\n\r\n\r\n<p>Durante el encuentro se puso de manifiesto tambi\u00e9n c\u00f3mo en la etapa de confinamiento las b\u00fasquedas de <strong>viviendas m\u00e1s espaciosas<\/strong>, con espacios polivalentes y mayor luminosidad han subido en los buscadores. \u201cDespu\u00e9s de pasar esta crisis sanitaria, el p\u00fablico est\u00e1 empezando a tomar decisiones basadas en el estilo de vida. Y este estilo de vida ha cambiado un poco la demanda. Estamos hablando de casas m\u00e1s espaciosas, m\u00e1s vers\u00e1tiles y no necesariamente en el centro de la ciudad\u201d, afirm\u00f3 Javier S\u00e1nchez durante su intervenci\u00f3n.<\/p>\r\n\r\n\r\n\r\n<p>La b\u00fasqueda de vivienda en zonas con menor densidad de poblaci\u00f3n es una de las principales <strong>tendencias de la etapa postCOVID <\/strong>ya que la sociedad estima que un repunte de los contagios es menos probable en estas \u00e1reas. Adem\u00e1s de esta motivaci\u00f3n, la apuesta por zonas menos habitadas tambi\u00e9n se debe a la implantaci\u00f3n del <strong>teletrabajo<\/strong>, una pr\u00e1ctica llamada a quedarse tras la pandemia. \u201cLa gente ha cambiado sus preferencias. En cualquier caso, siempre que hay cambio en la demanda hay que agudizar el ingenio y en este contexto siempre gana el cliente. Son buenos tiempos para seguir estando cerca del cliente, escucharle de manera muy activa y hacerlo como una herramienta de mejora continua\u201d.<\/p>\r\n\r\n\r\n\r\n<h2 class=\"wp-block-heading\"><strong>\u201cEn obra nueva no vemos una bajada generalizada de precios\u201d<\/strong><\/h2>\r\n\r\n\r\n\r\n<div class=\"wp-block-image\">\r\n<figure class=\"alignright is-resized\"><img loading=\"lazy\" decoding=\"async\" class=\"wp-image-11639\" src=\"https:\/\/www.aedashomes.com\/blog\/wp-content\/uploads\/2020\/05\/Captura-de-pantalla-2020-05-25-a-las-9.47.58-1024x468.png\" alt=\"\" width=\"390\" height=\"178\" srcset=\"https:\/\/www.aedashomes.com\/blog\/wp-content\/uploads\/2020\/05\/Captura-de-pantalla-2020-05-25-a-las-9.47.58-1024x468.png 1024w, https:\/\/www.aedashomes.com\/blog\/wp-content\/uploads\/2020\/05\/Captura-de-pantalla-2020-05-25-a-las-9.47.58-300x137.png 300w, https:\/\/www.aedashomes.com\/blog\/wp-content\/uploads\/2020\/05\/Captura-de-pantalla-2020-05-25-a-las-9.47.58.png 1323w\" sizes=\"auto, (max-width: 390px) 100vw, 390px\" \/><\/figure>\r\n<\/div>\r\n\r\n\r\n\r\n<p>Ante las diferentes noticias que surgen sobre la posibilidad de una disminuci\u00f3n de precios en las viviendas de obra nueva, el director de Innovaci\u00f3n y Marca de AEDAS Homes manifestaba la reducida probabilidad de que esto ocurra debido a que <strong>en Espa\u00f1a se producen 1,3 casas por cada 1.000 habitantes<\/strong>. Con esta cifra, que comparada con nuestros vecinos europeos es de las m\u00e1s bajas, no podr\u00edamos hablar de exceso de oferta en ning\u00fan caso. Esto, unido al pr\u00e1cticamente inexistente stock de vivienda producida en los \u00faltimos a\u00f1os, al bajo nivel de endeudamiento y a la concentraci\u00f3n de la actividad promotora en esta etapa en zonas urbanas con gran demanda, hace que no se pueda hablar necesariamente de una bajada de precios. \u201cNo ha dado tiempo en este nuevo ciclo a poner en el mercado el suficiente producto como para satisfacer la demanda\u201d, coment\u00f3 el directivo de AEDAS Homes durante su intervenci\u00f3n.<\/p>\r\n\r\n\r\n\r\n<p>Respecto al valor de las viviendas de obra nueva, Javier S\u00e1nchez afirm\u00f3 que \u201c<strong>la casa sigue siendo un valor refugio<\/strong>. Una inversi\u00f3n que se ha revalorizado desde el a\u00f1o 1995 hasta ahora un 148 % en obra nueva, un 20 % m\u00e1s que una casa de segunda mano\u201d.<\/p>\r\n\r\n\r\n\r\n<h2 class=\"wp-block-heading\"><strong>\u201cEl sector promotor tiene una gran capacidad de generar empleo y riqueza\u201d<\/strong><\/h2>\r\n\r\n\r\n\r\n<div class=\"wp-block-image\">\r\n<figure class=\"alignleft is-resized\"><img loading=\"lazy\" decoding=\"async\" class=\"wp-image-11527\" src=\"https:\/\/www.aedashomes.com\/blog\/wp-content\/uploads\/2020\/05\/avance-obras-armstrong-mayo2020-00-1024x498.jpg\" alt=\"avance obras armstrong mayo2020-00\" width=\"363\" height=\"176\" srcset=\"https:\/\/www.aedashomes.com\/blog\/wp-content\/uploads\/2020\/05\/avance-obras-armstrong-mayo2020-00-1024x498.jpg 1024w, https:\/\/www.aedashomes.com\/blog\/wp-content\/uploads\/2020\/05\/avance-obras-armstrong-mayo2020-00-300x146.jpg 300w, https:\/\/www.aedashomes.com\/blog\/wp-content\/uploads\/2020\/05\/avance-obras-armstrong-mayo2020-00.jpg 1245w\" sizes=\"auto, (max-width: 363px) 100vw, 363px\" \/>\r\n<figcaption>Avance de las obras en Armstrong, promoci\u00f3n de obra nueva en la zona de Cisneo Alto de Sevilla<\/figcaption>\r\n<\/figure>\r\n<\/div>\r\n\r\n\r\n\r\n<p>El encuentro digital tambi\u00e9n abord\u00f3 el papel que el inmobiliario puede jugar en la <strong>reactivaci\u00f3n de econom\u00eda espa\u00f1ola<\/strong> tras esta crisis sanitaria. \u201cHay una oportunidad tremenda de ofrecerle facilidades de pago a los clientes m\u00e1s j\u00f3venes que quieran acceder por primera vez a obra nueva\u201d, apunt\u00f3 el director de Innovaci\u00f3n y Marca de AEDAS Homes. En este sentido, Javier S\u00e1nchez puso sobre la mesa planes que han funcionado bien, como el <em>Help to Buy<\/em> brit\u00e1nico de aprobaci\u00f3n prioritaria de avales y l\u00edneas de cr\u00e9dito en pr\u00e9stamos de primera vivienda o la reducci\u00f3n del IVA al 4 % para la compra de primera vivienda tanto libre como de cualquier tipo de protecci\u00f3n. Recuperar las deducciones en el IRPF tambi\u00e9n puede ser un aliciente para el mercado, especialmente para los clientes m\u00e1s j\u00f3venes que quieren acceder a su primera vivienda.<\/p>\r\n\r\n\r\n\r\n<p>El <strong>encuentro organizado por SIMA<\/strong> cont\u00f3 con Juan Bautista Ramos, director Comercial de Grandes Proyectos de Porcelanosa Grupo, como moderador. Entre los intervinientes, adem\u00e1s de Javier S\u00e1nchez, estuvieron presentes Silvia \u00c1lvarez, directora de Marketing de Neinor Homes; Javier Castellano, Chief Communications Officer de Gilmar Consulting Inmobiliario; y Noelia S\u00e1nchez, directora de Comunicaci\u00f3n y Marketing de Habitat Inmobiliaria.<\/p>\r\n","protected":false},"excerpt":{"rendered":"<p>Javier S\u00e1nchez, director de Innovaci\u00f3n y Marca de AEDAS Homes, particip\u00f3 el pasado 21 de mayo de 2020 en un nuevo encuentro online de SIMAPro Home Edition bajo el t\u00edtulo \u2018C\u00f3mo seguir alimentando el embudo de ventas durante la desescalada\u2019, que fue seguido por m\u00e1s de 460 personas. El director de Innovaci\u00f3n y Marca de&#8230;<\/p>\n","protected":false},"author":15,"featured_media":11637,"comment_status":"closed","ping_status":"open","sticky":false,"template":"","format":"standard","meta":{"_acf_changed":false,"footnotes":""},"categories":[209],"tags":[],"class_list":["post-11635","post","type-post","status-publish","format-standard","has-post-thumbnail","hentry","category-noticias-inmobiliarias"],"acf":[],"yoast_head":"<!-- This site is optimized with the Yoast SEO plugin v27.0 - https:\/\/yoast.com\/product\/yoast-seo-wordpress\/ -->\n<title>\u25b7 Tras COVID-19, as\u00ed ser\u00e1n las decisiones de compra de vivienda | AEDAS Homes Blog<\/title>\n<meta name=\"description\" content=\"\u00bfSe espera una bajada de precios? \u00bfQu\u00e9 demanda se prev\u00e9? As\u00ed ser\u00e1n las deciciones de compra de casa tras el COVID-19\" \/>\n<meta name=\"robots\" content=\"index, follow, max-snippet:-1, max-image-preview:large, max-video-preview:-1\" \/>\n<link rel=\"canonical\" href=\"https:\/\/www.aedashomes.com\/blog\/compra-vivienda-bajada-precios-covid\/\" \/>\n<meta property=\"og:locale\" content=\"es_ES\" \/>\n<meta property=\"og:type\" content=\"article\" \/>\n<meta property=\"og:title\" content=\"\u25b7 Tras COVID-19, as\u00ed ser\u00e1n las decisiones de compra de vivienda | AEDAS Homes Blog\" \/>\n<meta property=\"og:description\" content=\"\u00bfSe espera una bajada de precios? \u00bfQu\u00e9 demanda se prev\u00e9? As\u00ed ser\u00e1n las deciciones de compra de casa tras el COVID-19\" \/>\n<meta property=\"og:url\" content=\"https:\/\/www.aedashomes.com\/blog\/compra-vivienda-bajada-precios-covid\/\" \/>\n<meta property=\"og:site_name\" content=\"AEDAS Homes Blog\" \/>\n<meta property=\"article:publisher\" content=\"https:\/\/www.facebook.com\/aedashomes\/\" \/>\n<meta property=\"article:published_time\" content=\"2020-05-25T10:03:01+00:00\" \/>\n<meta property=\"article:modified_time\" content=\"2026-04-22T07:15:58+00:00\" \/>\n<meta property=\"og:image\" content=\"https:\/\/www.aedashomes.com\/blog\/wp-content\/uploads\/2020\/05\/compra-vivienda-01.jpg\" \/>\n\t<meta property=\"og:image:width\" content=\"1214\" \/>\n\t<meta property=\"og:image:height\" content=\"605\" \/>\n\t<meta property=\"og:image:type\" content=\"image\/jpeg\" \/>\n<meta name=\"author\" content=\"-\" \/>\n<meta name=\"twitter:card\" content=\"summary_large_image\" \/>\n<meta name=\"twitter:label1\" content=\"Escrito por\" \/>\n\t<meta name=\"twitter:data1\" content=\"-\" \/>\n\t<meta name=\"twitter:label2\" content=\"Tiempo de lectura\" \/>\n\t<meta name=\"twitter:data2\" content=\"6 minutos\" \/>\n<script type=\"application\/ld+json\" class=\"yoast-schema-graph\">{\"@context\":\"https:\/\/schema.org\",\"@graph\":[{\"@type\":\"Article\",\"@id\":\"https:\/\/www.aedashomes.com\/blog\/compra-vivienda-bajada-precios-covid\/#article\",\"isPartOf\":{\"@id\":\"https:\/\/www.aedashomes.com\/blog\/compra-vivienda-bajada-precios-covid\/\"},\"author\":{\"name\":\"-\",\"@id\":\"https:\/\/www.aedashomes.com\/blog\/#\/schema\/person\/3943511ba2e912cf5f6ba43a52940713\"},\"headline\":\"Tras el COVID-19, las decisiones de compra de vivienda se basan en un nuevo estilo de vida\",\"datePublished\":\"2020-05-25T10:03:01+00:00\",\"dateModified\":\"2026-04-22T07:15:58+00:00\",\"mainEntityOfPage\":{\"@id\":\"https:\/\/www.aedashomes.com\/blog\/compra-vivienda-bajada-precios-covid\/\"},\"wordCount\":1037,\"image\":{\"@id\":\"https:\/\/www.aedashomes.com\/blog\/compra-vivienda-bajada-precios-covid\/#primaryimage\"},\"thumbnailUrl\":\"https:\/\/www.aedashomes.com\/blog\/wp-content\/uploads\/2020\/05\/compra-vivienda-01.jpg\",\"articleSection\":[\"AEDAS News\"],\"inLanguage\":\"es\"},{\"@type\":\"WebPage\",\"@id\":\"https:\/\/www.aedashomes.com\/blog\/compra-vivienda-bajada-precios-covid\/\",\"url\":\"https:\/\/www.aedashomes.com\/blog\/compra-vivienda-bajada-precios-covid\/\",\"name\":\"\u25b7 Tras COVID-19, as\u00ed ser\u00e1n las decisiones de compra de vivienda | AEDAS Homes Blog\",\"isPartOf\":{\"@id\":\"https:\/\/www.aedashomes.com\/blog\/#website\"},\"primaryImageOfPage\":{\"@id\":\"https:\/\/www.aedashomes.com\/blog\/compra-vivienda-bajada-precios-covid\/#primaryimage\"},\"image\":{\"@id\":\"https:\/\/www.aedashomes.com\/blog\/compra-vivienda-bajada-precios-covid\/#primaryimage\"},\"thumbnailUrl\":\"https:\/\/www.aedashomes.com\/blog\/wp-content\/uploads\/2020\/05\/compra-vivienda-01.jpg\",\"datePublished\":\"2020-05-25T10:03:01+00:00\",\"dateModified\":\"2026-04-22T07:15:58+00:00\",\"author\":{\"@id\":\"https:\/\/www.aedashomes.com\/blog\/#\/schema\/person\/3943511ba2e912cf5f6ba43a52940713\"},\"description\":\"\u00bfSe espera una bajada de precios? \u00bfQu\u00e9 demanda se prev\u00e9? As\u00ed ser\u00e1n las deciciones de compra de casa tras el COVID-19\",\"breadcrumb\":{\"@id\":\"https:\/\/www.aedashomes.com\/blog\/compra-vivienda-bajada-precios-covid\/#breadcrumb\"},\"inLanguage\":\"es\",\"potentialAction\":[{\"@type\":\"ReadAction\",\"target\":[\"https:\/\/www.aedashomes.com\/blog\/compra-vivienda-bajada-precios-covid\/\"]}]},{\"@type\":\"ImageObject\",\"inLanguage\":\"es\",\"@id\":\"https:\/\/www.aedashomes.com\/blog\/compra-vivienda-bajada-precios-covid\/#primaryimage\",\"url\":\"https:\/\/www.aedashomes.com\/blog\/wp-content\/uploads\/2020\/05\/compra-vivienda-01.jpg\",\"contentUrl\":\"https:\/\/www.aedashomes.com\/blog\/wp-content\/uploads\/2020\/05\/compra-vivienda-01.jpg\",\"width\":1214,\"height\":605,\"caption\":\"compra-vivienda-01\"},{\"@type\":\"BreadcrumbList\",\"@id\":\"https:\/\/www.aedashomes.com\/blog\/compra-vivienda-bajada-precios-covid\/#breadcrumb\",\"itemListElement\":[{\"@type\":\"ListItem\",\"position\":1,\"name\":\"Blog\",\"item\":\"https:\/\/www.aedashomes.com\/blog\/\"},{\"@type\":\"ListItem\",\"position\":2,\"name\":\"AEDAS News\",\"item\":\"https:\/\/www.aedashomes.com\/blog\/noticias-inmobiliarias\/\"},{\"@type\":\"ListItem\",\"position\":3,\"name\":\"Tras el COVID-19, las decisiones de compra de vivienda se basan en un nuevo estilo de vida\"}]},{\"@type\":\"WebSite\",\"@id\":\"https:\/\/www.aedashomes.com\/blog\/#website\",\"url\":\"https:\/\/www.aedashomes.com\/blog\/\",\"name\":\"AEDAS Homes Blog\",\"description\":\"El blog de la promotora inmobiliaria AEDAS Homes\",\"potentialAction\":[{\"@type\":\"SearchAction\",\"target\":{\"@type\":\"EntryPoint\",\"urlTemplate\":\"https:\/\/www.aedashomes.com\/blog\/?s={search_term_string}\"},\"query-input\":{\"@type\":\"PropertyValueSpecification\",\"valueRequired\":true,\"valueName\":\"search_term_string\"}}],\"inLanguage\":\"es\"},{\"@type\":\"Person\",\"@id\":\"https:\/\/www.aedashomes.com\/blog\/#\/schema\/person\/3943511ba2e912cf5f6ba43a52940713\",\"name\":\"-\",\"image\":{\"@type\":\"ImageObject\",\"inLanguage\":\"es\",\"@id\":\"https:\/\/www.aedashomes.com\/blog\/#\/schema\/person\/image\/\",\"url\":\"https:\/\/secure.gravatar.com\/avatar\/9a98fc972c3ec2b91fdfd2a81c93ee3fc7c04aeefac4d931b43205ed61d9e009?s=96&d=mm&r=g\",\"contentUrl\":\"https:\/\/secure.gravatar.com\/avatar\/9a98fc972c3ec2b91fdfd2a81c93ee3fc7c04aeefac4d931b43205ed61d9e009?s=96&d=mm&r=g\",\"caption\":\"-\"},\"url\":\"https:\/\/www.aedashomes.com\/blog\/author\/idento\/\"}]}<\/script>\n<!-- \/ Yoast SEO plugin. -->","yoast_head_json":{"title":"\u25b7 Tras COVID-19, as\u00ed ser\u00e1n las decisiones de compra de vivienda | AEDAS Homes Blog","description":"\u00bfSe espera una bajada de precios? \u00bfQu\u00e9 demanda se prev\u00e9? As\u00ed ser\u00e1n las deciciones de compra de casa tras el COVID-19","robots":{"index":"index","follow":"follow","max-snippet":"max-snippet:-1","max-image-preview":"max-image-preview:large","max-video-preview":"max-video-preview:-1"},"canonical":"https:\/\/www.aedashomes.com\/blog\/compra-vivienda-bajada-precios-covid\/","og_locale":"es_ES","og_type":"article","og_title":"\u25b7 Tras COVID-19, as\u00ed ser\u00e1n las decisiones de compra de vivienda | AEDAS Homes Blog","og_description":"\u00bfSe espera una bajada de precios? \u00bfQu\u00e9 demanda se prev\u00e9? As\u00ed ser\u00e1n las deciciones de compra de casa tras el COVID-19","og_url":"https:\/\/www.aedashomes.com\/blog\/compra-vivienda-bajada-precios-covid\/","og_site_name":"AEDAS Homes Blog","article_publisher":"https:\/\/www.facebook.com\/aedashomes\/","article_published_time":"2020-05-25T10:03:01+00:00","article_modified_time":"2026-04-22T07:15:58+00:00","og_image":[{"width":1214,"height":605,"url":"https:\/\/www.aedashomes.com\/blog\/wp-content\/uploads\/2020\/05\/compra-vivienda-01.jpg","type":"image\/jpeg"}],"author":"-","twitter_card":"summary_large_image","twitter_misc":{"Escrito por":"-","Tiempo de lectura":"6 minutos"},"schema":{"@context":"https:\/\/schema.org","@graph":[{"@type":"Article","@id":"https:\/\/www.aedashomes.com\/blog\/compra-vivienda-bajada-precios-covid\/#article","isPartOf":{"@id":"https:\/\/www.aedashomes.com\/blog\/compra-vivienda-bajada-precios-covid\/"},"author":{"name":"-","@id":"https:\/\/www.aedashomes.com\/blog\/#\/schema\/person\/3943511ba2e912cf5f6ba43a52940713"},"headline":"Tras el COVID-19, las decisiones de compra de vivienda se basan en un nuevo estilo de vida","datePublished":"2020-05-25T10:03:01+00:00","dateModified":"2026-04-22T07:15:58+00:00","mainEntityOfPage":{"@id":"https:\/\/www.aedashomes.com\/blog\/compra-vivienda-bajada-precios-covid\/"},"wordCount":1037,"image":{"@id":"https:\/\/www.aedashomes.com\/blog\/compra-vivienda-bajada-precios-covid\/#primaryimage"},"thumbnailUrl":"https:\/\/www.aedashomes.com\/blog\/wp-content\/uploads\/2020\/05\/compra-vivienda-01.jpg","articleSection":["AEDAS News"],"inLanguage":"es"},{"@type":"WebPage","@id":"https:\/\/www.aedashomes.com\/blog\/compra-vivienda-bajada-precios-covid\/","url":"https:\/\/www.aedashomes.com\/blog\/compra-vivienda-bajada-precios-covid\/","name":"\u25b7 Tras COVID-19, as\u00ed ser\u00e1n las decisiones de compra de vivienda | AEDAS Homes Blog","isPartOf":{"@id":"https:\/\/www.aedashomes.com\/blog\/#website"},"primaryImageOfPage":{"@id":"https:\/\/www.aedashomes.com\/blog\/compra-vivienda-bajada-precios-covid\/#primaryimage"},"image":{"@id":"https:\/\/www.aedashomes.com\/blog\/compra-vivienda-bajada-precios-covid\/#primaryimage"},"thumbnailUrl":"https:\/\/www.aedashomes.com\/blog\/wp-content\/uploads\/2020\/05\/compra-vivienda-01.jpg","datePublished":"2020-05-25T10:03:01+00:00","dateModified":"2026-04-22T07:15:58+00:00","author":{"@id":"https:\/\/www.aedashomes.com\/blog\/#\/schema\/person\/3943511ba2e912cf5f6ba43a52940713"},"description":"\u00bfSe espera una bajada de precios? \u00bfQu\u00e9 demanda se prev\u00e9? As\u00ed ser\u00e1n las deciciones de compra de casa tras el COVID-19","breadcrumb":{"@id":"https:\/\/www.aedashomes.com\/blog\/compra-vivienda-bajada-precios-covid\/#breadcrumb"},"inLanguage":"es","potentialAction":[{"@type":"ReadAction","target":["https:\/\/www.aedashomes.com\/blog\/compra-vivienda-bajada-precios-covid\/"]}]},{"@type":"ImageObject","inLanguage":"es","@id":"https:\/\/www.aedashomes.com\/blog\/compra-vivienda-bajada-precios-covid\/#primaryimage","url":"https:\/\/www.aedashomes.com\/blog\/wp-content\/uploads\/2020\/05\/compra-vivienda-01.jpg","contentUrl":"https:\/\/www.aedashomes.com\/blog\/wp-content\/uploads\/2020\/05\/compra-vivienda-01.jpg","width":1214,"height":605,"caption":"compra-vivienda-01"},{"@type":"BreadcrumbList","@id":"https:\/\/www.aedashomes.com\/blog\/compra-vivienda-bajada-precios-covid\/#breadcrumb","itemListElement":[{"@type":"ListItem","position":1,"name":"Blog","item":"https:\/\/www.aedashomes.com\/blog\/"},{"@type":"ListItem","position":2,"name":"AEDAS News","item":"https:\/\/www.aedashomes.com\/blog\/noticias-inmobiliarias\/"},{"@type":"ListItem","position":3,"name":"Tras el COVID-19, las decisiones de compra de vivienda se basan en un nuevo estilo de vida"}]},{"@type":"WebSite","@id":"https:\/\/www.aedashomes.com\/blog\/#website","url":"https:\/\/www.aedashomes.com\/blog\/","name":"AEDAS Homes Blog","description":"El blog de la promotora inmobiliaria AEDAS Homes","potentialAction":[{"@type":"SearchAction","target":{"@type":"EntryPoint","urlTemplate":"https:\/\/www.aedashomes.com\/blog\/?s={search_term_string}"},"query-input":{"@type":"PropertyValueSpecification","valueRequired":true,"valueName":"search_term_string"}}],"inLanguage":"es"},{"@type":"Person","@id":"https:\/\/www.aedashomes.com\/blog\/#\/schema\/person\/3943511ba2e912cf5f6ba43a52940713","name":"-","image":{"@type":"ImageObject","inLanguage":"es","@id":"https:\/\/www.aedashomes.com\/blog\/#\/schema\/person\/image\/","url":"https:\/\/secure.gravatar.com\/avatar\/9a98fc972c3ec2b91fdfd2a81c93ee3fc7c04aeefac4d931b43205ed61d9e009?s=96&d=mm&r=g","contentUrl":"https:\/\/secure.gravatar.com\/avatar\/9a98fc972c3ec2b91fdfd2a81c93ee3fc7c04aeefac4d931b43205ed61d9e009?s=96&d=mm&r=g","caption":"-"},"url":"https:\/\/www.aedashomes.com\/blog\/author\/idento\/"}]}},"_links":{"self":[{"href":"https:\/\/www.aedashomes.com\/blog\/wp-json\/wp\/v2\/posts\/11635","targetHints":{"allow":["GET"]}}],"collection":[{"href":"https:\/\/www.aedashomes.com\/blog\/wp-json\/wp\/v2\/posts"}],"about":[{"href":"https:\/\/www.aedashomes.com\/blog\/wp-json\/wp\/v2\/types\/post"}],"author":[{"embeddable":true,"href":"https:\/\/www.aedashomes.com\/blog\/wp-json\/wp\/v2\/users\/15"}],"replies":[{"embeddable":true,"href":"https:\/\/www.aedashomes.com\/blog\/wp-json\/wp\/v2\/comments?post=11635"}],"version-history":[{"count":11,"href":"https:\/\/www.aedashomes.com\/blog\/wp-json\/wp\/v2\/posts\/11635\/revisions"}],"predecessor-version":[{"id":19280,"href":"https:\/\/www.aedashomes.com\/blog\/wp-json\/wp\/v2\/posts\/11635\/revisions\/19280"}],"wp:featuredmedia":[{"embeddable":true,"href":"https:\/\/www.aedashomes.com\/blog\/wp-json\/wp\/v2\/media\/11637"}],"wp:attachment":[{"href":"https:\/\/www.aedashomes.com\/blog\/wp-json\/wp\/v2\/media?parent=11635"}],"wp:term":[{"taxonomy":"category","embeddable":true,"href":"https:\/\/www.aedashomes.com\/blog\/wp-json\/wp\/v2\/categories?post=11635"},{"taxonomy":"post_tag","embeddable":true,"href":"https:\/\/www.aedashomes.com\/blog\/wp-json\/wp\/v2\/tags?post=11635"}],"curies":[{"name":"wp","href":"https:\/\/api.w.org\/{rel}","templated":true}]}}