{"id":1181,"date":"2017-11-07T10:18:10","date_gmt":"2017-11-07T09:18:10","guid":{"rendered":"https:\/\/www.aedashomes.com\/blog\/?p=1181"},"modified":"2022-11-10T16:27:49","modified_gmt":"2022-11-10T15:27:49","slug":"feria-urbe-promociones-valencia","status":"publish","type":"post","link":"https:\/\/www.aedashomes.com\/blog\/feria-urbe-promociones-valencia\/","title":{"rendered":"AEDAS Homes impulsa en URBE sus promociones en destinos tur\u00edsticos y urbanos de la Comunidad Valenciana"},"content":{"rendered":"<p>AEDAS Homes presenta en URBE, la <strong>Feria Inmobiliaria del Mediterr\u00e1neo<\/strong>, los proyectos que desarrolla en la Comunidad Valenciana, una zona donde la promotora ha constatado una reactivaci\u00f3n del inter\u00e9s del comprador por la obra nueva.<\/p>\n<p>Adem\u00e1s de promociones de car\u00e1cter urbano, como en la propia capital valenciana, la compa\u00f1\u00eda apuesta por el desarrollo de proyectos residenciales en ubicaciones consolidadas como destino tur\u00edstico, como es el caso de Denia o J\u00e1vea, localidades en las que&nbsp;<a href=\"https:\/\/www.aedashomes.com\/\"><strong>AEDAS Homes&nbsp;<\/strong><\/a>ha constatado una alta demanda de vivienda.<\/p>\n<p>En Valencia se comercializa el proyecto<strong>&nbsp;<\/strong><a href=\"https:\/\/www.aedashomes.com\/pisos-en-venta-obra-nueva-carreres-10-valencia\"><strong>Carreres 10<\/strong>,<\/a>&nbsp;una espectacular torre que contar\u00e1 con <strong>59 viviendas<\/strong> de 2, 3 y 4 dormitorios y \u00e1ticos d\u00faplex. El edificio tambi\u00e9n albergar\u00e1 despachos profesionales. La distribuci\u00f3n y el dise\u00f1o de las viviendas est\u00e1 cuidadosamente estudiado, pensado para el confort de sus habitantes, con estancias abiertas para que la luz natural siempre est\u00e9 presente. Un moderno residencial que se ubica en una de las zonas m\u00e1s exclusivas de la ciudad.<\/p>\n<p><img loading=\"lazy\" decoding=\"async\" class=\"size-full wp-image-1182 alignnone\" src=\"https:\/\/www.aedashomes.com\/blog\/wp-content\/uploads\/2018\/01\/1-1.png\" alt=\"ferias urbe promociones valencia\" width=\"667\" height=\"834\" srcset=\"https:\/\/www.aedashomes.com\/blog\/wp-content\/uploads\/2018\/01\/1-1.png 667w, https:\/\/www.aedashomes.com\/blog\/wp-content\/uploads\/2018\/01\/1-1-240x300.png 240w\" sizes=\"auto, (max-width: 667px) 100vw, 667px\" \/><\/p>\n<p>Quatre Carreres se ha convertido en uno de los distritos m\u00e1s codiciados, una zona muy tranquila y segura, donde la arquitectura contempor\u00e1nea se funde con el entorno, con amplias avenidas y muy bien comunicada. El residencial se ubica a pocos metros del centro, en uno de los puntos m\u00e1s emblem\u00e1ticos de Valencia como es <strong>la Ciudad de las Artes y de las Ciencias<\/strong>. El 78 % de las viviendas de Carreres 10 ya est\u00e1n pre-comercializadas.<\/p>\n<h2 class=\"h2-post\">Modernos residenciales con excelentes zonas comunes<\/h2>\n<p>Tambi\u00e9n en la capital valenciana se desarrollar\u00e1 pr\u00f3ximamente<strong>&nbsp;<\/strong><a href=\"https:\/\/www.aedashomes.com\/pisos-en-venta-obra-nueva-hevia-valencia\"><strong>Hevia<\/strong><\/a>, un residencial de 220 unidades de 2, 3 y 4 dormitorios que contar\u00e1n con espectaculares terrazas, garaje y trastero. El proyecto, ubicado entre la avenida Maestro Rodrigo y las calles Jorge Com\u00edn y Luis Bu\u00f1uel, est\u00e1 integrado en un entorno muy consolidado, a pocos minutos del centro y con excelentes dotaciones comerciales. El complejo estar\u00e1 dotado con <strong>modernas zonas comunes<\/strong>: piscina, gimnasio, club social, ludoteca y \u00e1reas infantiles.<\/p>\n<p><img loading=\"lazy\" decoding=\"async\" class=\"size-full wp-image-1184 alignnone\" src=\"https:\/\/www.aedashomes.com\/blog\/wp-content\/uploads\/2018\/01\/2-1.png\" alt=\"ferias urbe promociones valencia\" width=\"1100\" height=\"550\" srcset=\"https:\/\/www.aedashomes.com\/blog\/wp-content\/uploads\/2018\/01\/2-1.png 1100w, https:\/\/www.aedashomes.com\/blog\/wp-content\/uploads\/2018\/01\/2-1-300x150.png 300w, https:\/\/www.aedashomes.com\/blog\/wp-content\/uploads\/2018\/01\/2-1-768x384.png 768w, https:\/\/www.aedashomes.com\/blog\/wp-content\/uploads\/2018\/01\/2-1-1024x512.png 1024w\" sizes=\"auto, (max-width: 1100px) 100vw, 1100px\" \/><\/p>\n<p>En la provincia de Alicante, Denia acoge el residencial<strong>&nbsp;<a href=\"https:\/\/www.aedashomes.com\/pisos-en-venta-en-denia-obra-nueva-marina-real-II\">Marina Real<\/a><\/strong>, situado en uno de los mejores enclaves de la ciudad, a 500 metros del puerto deportivo de Marina del Este. Se trata de una nueva zona residencial, de alta demanda, junto al casco urbano de la ciudad y a escasos metros de las playas y calas que rodean la localidad. Las viviendas de este proyecto est\u00e1n planteadas para ofrecer amplios espacios, doble orientaci\u00f3n, dormitorios con luz natural y estancias funcionales, todo ello con un cuidado dise\u00f1o.&nbsp; La promoci\u00f3n dispondr\u00e1 de amplios espacios ajardinados con piscina para adultos y ni\u00f1os, gimnasio, parque infantil y club social.<\/p>\n<p>Los ritmos de comercializaci\u00f3n de las dos primeras fases de este complejo (40 viviendas cada una) son muy buenos ya que superan el 60 % de pre-ventas. Por ello, ya est\u00e1 en el&nbsp;mercado la tercera fase, que consta de 20 viviendas de 2 y 3 dormitorios, bajos con jard\u00edn, \u00e1ticos y d\u00faplex con vistas al mar y al Parque Natural del Montg\u00f3. El inicio de obras est\u00e1 previsto para<strong> finales de 2017.<\/strong><\/p>\n<p>A un paso de la playa m\u00e1s valorada de J\u00e1vea (El Arenal), AEDAS Homes desarrolla<a href=\"https:\/\/www.aedashomes.com\/pisos-en-venta-en-javea-obra-nueva-brisas-del-arenal\"><strong>&nbsp;Brisas del Arenal<\/strong>,<\/a>&nbsp;un residencial de lujo compuesto por 64 viviendas de 2, 3 y 4 dormitorios que ya ha comenzado sus obras. El proyecto incluye una urbanizaci\u00f3n privada que contar\u00e1 con piscina, \u00e1rea infantil y amplias zonas ajardinadas donde se podr\u00e1 encontrar una selecci\u00f3n de plantas aut\u00f3ctonas. Las viviendas, que se entregar\u00e1n en 2018, incluyen plaza de garaje y trastero. La comercializaci\u00f3n prosigue con excelentes datos, ya que el 66 % de la promoci\u00f3n ya est\u00e1 pre-vendida,<\/p>\n","protected":false},"excerpt":{"rendered":"<p>AEDAS Homes presenta en URBE, la Feria Inmobiliaria del Mediterr\u00e1neo, los proyectos que desarrolla en la Comunidad Valenciana, una zona donde la promotora ha constatado una reactivaci\u00f3n del inter\u00e9s del comprador por la obra nueva. Adem\u00e1s de promociones de car\u00e1cter urbano, como en la propia capital valenciana, la compa\u00f1\u00eda apuesta por el desarrollo de proyectos&#8230;<\/p>\n","protected":false},"author":15,"featured_media":1189,"comment_status":"closed","ping_status":"open","sticky":false,"template":"","format":"standard","meta":{"_acf_changed":false,"footnotes":""},"categories":[209,203,207,176],"tags":[],"class_list":["post-1181","post","type-post","status-publish","format-standard","has-post-thumbnail","hentry","category-noticias-inmobiliarias","category-promocion-inmobiliaria-carreres","category-promocion-inmobiliaria-hevia","category-promociones-levante"],"acf":[],"yoast_head":"<!-- This site is optimized with the Yoast SEO plugin v27.0 - https:\/\/yoast.com\/product\/yoast-seo-wordpress\/ -->\n<title>AEDAS Homes impulsa en URBE sus promociones en destinos tur\u00edsticos<\/title>\n<meta name=\"description\" content=\"AEDAS Homes presenta en URBE, los proyectos de car\u00e1cter urbano destino tur\u00edstico, que desarrolla en la Comunidad Valenciana.\" \/>\n<meta name=\"robots\" content=\"noindex, follow\" \/>\n<meta property=\"og:locale\" content=\"es_ES\" \/>\n<meta property=\"og:type\" content=\"article\" \/>\n<meta property=\"og:title\" content=\"AEDAS Homes impulsa en URBE sus promociones en destinos tur\u00edsticos\" \/>\n<meta property=\"og:description\" content=\"AEDAS Homes presenta en URBE, los proyectos de car\u00e1cter urbano destino tur\u00edstico, que desarrolla en la Comunidad Valenciana.\" \/>\n<meta property=\"og:url\" content=\"https:\/\/www.aedashomes.com\/blog\/feria-urbe-promociones-valencia\/\" \/>\n<meta property=\"og:site_name\" content=\"AEDAS Homes Blog\" \/>\n<meta property=\"article:publisher\" content=\"https:\/\/www.facebook.com\/aedashomes\/\" \/>\n<meta property=\"article:published_time\" content=\"2017-11-07T09:18:10+00:00\" \/>\n<meta property=\"article:modified_time\" content=\"2022-11-10T15:27:49+00:00\" \/>\n<meta property=\"og:image\" content=\"https:\/\/www.aedashomes.com\/blog\/wp-content\/uploads\/2018\/01\/3-1024x680.png\" \/>\n\t<meta property=\"og:image:width\" content=\"1024\" \/>\n\t<meta property=\"og:image:height\" content=\"680\" \/>\n\t<meta property=\"og:image:type\" content=\"image\/png\" \/>\n<meta name=\"author\" content=\"-\" \/>\n<meta name=\"twitter:card\" content=\"summary_large_image\" \/>\n<meta name=\"twitter:label1\" content=\"Escrito por\" \/>\n\t<meta name=\"twitter:data1\" content=\"-\" \/>\n<script type=\"application\/ld+json\" class=\"yoast-schema-graph\">{\"@context\":\"https:\/\/schema.org\",\"@graph\":[{\"@type\":\"Article\",\"@id\":\"https:\/\/www.aedashomes.com\/blog\/feria-urbe-promociones-valencia\/#article\",\"isPartOf\":{\"@id\":\"https:\/\/www.aedashomes.com\/blog\/feria-urbe-promociones-valencia\/\"},\"author\":{\"name\":\"-\",\"@id\":\"https:\/\/www.aedashomes.com\/blog\/#\/schema\/person\/3943511ba2e912cf5f6ba43a52940713\"},\"headline\":\"AEDAS Homes impulsa en URBE sus promociones en destinos tur\u00edsticos y urbanos de la Comunidad Valenciana\",\"datePublished\":\"2017-11-07T09:18:10+00:00\",\"dateModified\":\"2022-11-10T15:27:49+00:00\",\"mainEntityOfPage\":{\"@id\":\"https:\/\/www.aedashomes.com\/blog\/feria-urbe-promociones-valencia\/\"},\"wordCount\":628,\"image\":{\"@id\":\"https:\/\/www.aedashomes.com\/blog\/feria-urbe-promociones-valencia\/#primaryimage\"},\"thumbnailUrl\":\"https:\/\/www.aedashomes.com\/blog\/wp-content\/uploads\/2018\/01\/3.png\",\"articleSection\":[\"AEDAS News\",\"Promoci\u00f3n inmobiliaria Carreres 10\",\"Promoci\u00f3n inmobiliaria Hevia Campanar\",\"Promociones en Levante\"],\"inLanguage\":\"es\"},{\"@type\":\"WebPage\",\"@id\":\"https:\/\/www.aedashomes.com\/blog\/feria-urbe-promociones-valencia\/\",\"url\":\"https:\/\/www.aedashomes.com\/blog\/feria-urbe-promociones-valencia\/\",\"name\":\"AEDAS Homes impulsa en URBE sus promociones en destinos tur\u00edsticos\",\"isPartOf\":{\"@id\":\"https:\/\/www.aedashomes.com\/blog\/#website\"},\"primaryImageOfPage\":{\"@id\":\"https:\/\/www.aedashomes.com\/blog\/feria-urbe-promociones-valencia\/#primaryimage\"},\"image\":{\"@id\":\"https:\/\/www.aedashomes.com\/blog\/feria-urbe-promociones-valencia\/#primaryimage\"},\"thumbnailUrl\":\"https:\/\/www.aedashomes.com\/blog\/wp-content\/uploads\/2018\/01\/3.png\",\"datePublished\":\"2017-11-07T09:18:10+00:00\",\"dateModified\":\"2022-11-10T15:27:49+00:00\",\"author\":{\"@id\":\"https:\/\/www.aedashomes.com\/blog\/#\/schema\/person\/3943511ba2e912cf5f6ba43a52940713\"},\"description\":\"AEDAS Homes presenta en URBE, los proyectos de car\u00e1cter urbano destino tur\u00edstico, que desarrolla en la Comunidad Valenciana.\",\"breadcrumb\":{\"@id\":\"https:\/\/www.aedashomes.com\/blog\/feria-urbe-promociones-valencia\/#breadcrumb\"},\"inLanguage\":\"es\",\"potentialAction\":[{\"@type\":\"ReadAction\",\"target\":[\"https:\/\/www.aedashomes.com\/blog\/feria-urbe-promociones-valencia\/\"]}]},{\"@type\":\"ImageObject\",\"inLanguage\":\"es\",\"@id\":\"https:\/\/www.aedashomes.com\/blog\/feria-urbe-promociones-valencia\/#primaryimage\",\"url\":\"https:\/\/www.aedashomes.com\/blog\/wp-content\/uploads\/2018\/01\/3.png\",\"contentUrl\":\"https:\/\/www.aedashomes.com\/blog\/wp-content\/uploads\/2018\/01\/3.png\",\"width\":1391,\"height\":924,\"caption\":\"feria urbe promociones valencia\"},{\"@type\":\"BreadcrumbList\",\"@id\":\"https:\/\/www.aedashomes.com\/blog\/feria-urbe-promociones-valencia\/#breadcrumb\",\"itemListElement\":[{\"@type\":\"ListItem\",\"position\":1,\"name\":\"Blog\",\"item\":\"https:\/\/www.aedashomes.com\/blog\/\"},{\"@type\":\"ListItem\",\"position\":2,\"name\":\"AEDAS News\",\"item\":\"https:\/\/www.aedashomes.com\/blog\/noticias-inmobiliarias\/\"},{\"@type\":\"ListItem\",\"position\":3,\"name\":\"AEDAS Homes impulsa en URBE sus promociones en destinos tur\u00edsticos y urbanos de la Comunidad Valenciana\"}]},{\"@type\":\"WebSite\",\"@id\":\"https:\/\/www.aedashomes.com\/blog\/#website\",\"url\":\"https:\/\/www.aedashomes.com\/blog\/\",\"name\":\"AEDAS Homes Blog\",\"description\":\"El blog de la promotora inmobiliaria AEDAS Homes\",\"potentialAction\":[{\"@type\":\"SearchAction\",\"target\":{\"@type\":\"EntryPoint\",\"urlTemplate\":\"https:\/\/www.aedashomes.com\/blog\/?s={search_term_string}\"},\"query-input\":{\"@type\":\"PropertyValueSpecification\",\"valueRequired\":true,\"valueName\":\"search_term_string\"}}],\"inLanguage\":\"es\"},{\"@type\":\"Person\",\"@id\":\"https:\/\/www.aedashomes.com\/blog\/#\/schema\/person\/3943511ba2e912cf5f6ba43a52940713\",\"name\":\"-\",\"image\":{\"@type\":\"ImageObject\",\"inLanguage\":\"es\",\"@id\":\"https:\/\/www.aedashomes.com\/blog\/#\/schema\/person\/image\/\",\"url\":\"https:\/\/secure.gravatar.com\/avatar\/9a98fc972c3ec2b91fdfd2a81c93ee3fc7c04aeefac4d931b43205ed61d9e009?s=96&d=mm&r=g\",\"contentUrl\":\"https:\/\/secure.gravatar.com\/avatar\/9a98fc972c3ec2b91fdfd2a81c93ee3fc7c04aeefac4d931b43205ed61d9e009?s=96&d=mm&r=g\",\"caption\":\"-\"},\"url\":\"https:\/\/www.aedashomes.com\/blog\/author\/idento\/\"}]}<\/script>\n<!-- \/ Yoast SEO plugin. -->","yoast_head_json":{"title":"AEDAS Homes impulsa en URBE sus promociones en destinos tur\u00edsticos","description":"AEDAS Homes presenta en URBE, los proyectos de car\u00e1cter urbano destino tur\u00edstico, que desarrolla en la Comunidad Valenciana.","robots":{"index":"noindex","follow":"follow"},"og_locale":"es_ES","og_type":"article","og_title":"AEDAS Homes impulsa en URBE sus promociones en destinos tur\u00edsticos","og_description":"AEDAS Homes presenta en URBE, los proyectos de car\u00e1cter urbano destino tur\u00edstico, que desarrolla en la Comunidad Valenciana.","og_url":"https:\/\/www.aedashomes.com\/blog\/feria-urbe-promociones-valencia\/","og_site_name":"AEDAS Homes Blog","article_publisher":"https:\/\/www.facebook.com\/aedashomes\/","article_published_time":"2017-11-07T09:18:10+00:00","article_modified_time":"2022-11-10T15:27:49+00:00","og_image":[{"width":1024,"height":680,"url":"https:\/\/www.aedashomes.com\/blog\/wp-content\/uploads\/2018\/01\/3-1024x680.png","type":"image\/png"}],"author":"-","twitter_card":"summary_large_image","twitter_misc":{"Escrito por":"-"},"schema":{"@context":"https:\/\/schema.org","@graph":[{"@type":"Article","@id":"https:\/\/www.aedashomes.com\/blog\/feria-urbe-promociones-valencia\/#article","isPartOf":{"@id":"https:\/\/www.aedashomes.com\/blog\/feria-urbe-promociones-valencia\/"},"author":{"name":"-","@id":"https:\/\/www.aedashomes.com\/blog\/#\/schema\/person\/3943511ba2e912cf5f6ba43a52940713"},"headline":"AEDAS Homes impulsa en URBE sus promociones en destinos tur\u00edsticos y urbanos de la Comunidad Valenciana","datePublished":"2017-11-07T09:18:10+00:00","dateModified":"2022-11-10T15:27:49+00:00","mainEntityOfPage":{"@id":"https:\/\/www.aedashomes.com\/blog\/feria-urbe-promociones-valencia\/"},"wordCount":628,"image":{"@id":"https:\/\/www.aedashomes.com\/blog\/feria-urbe-promociones-valencia\/#primaryimage"},"thumbnailUrl":"https:\/\/www.aedashomes.com\/blog\/wp-content\/uploads\/2018\/01\/3.png","articleSection":["AEDAS News","Promoci\u00f3n inmobiliaria Carreres 10","Promoci\u00f3n inmobiliaria Hevia Campanar","Promociones en Levante"],"inLanguage":"es"},{"@type":"WebPage","@id":"https:\/\/www.aedashomes.com\/blog\/feria-urbe-promociones-valencia\/","url":"https:\/\/www.aedashomes.com\/blog\/feria-urbe-promociones-valencia\/","name":"AEDAS Homes impulsa en URBE sus promociones en destinos tur\u00edsticos","isPartOf":{"@id":"https:\/\/www.aedashomes.com\/blog\/#website"},"primaryImageOfPage":{"@id":"https:\/\/www.aedashomes.com\/blog\/feria-urbe-promociones-valencia\/#primaryimage"},"image":{"@id":"https:\/\/www.aedashomes.com\/blog\/feria-urbe-promociones-valencia\/#primaryimage"},"thumbnailUrl":"https:\/\/www.aedashomes.com\/blog\/wp-content\/uploads\/2018\/01\/3.png","datePublished":"2017-11-07T09:18:10+00:00","dateModified":"2022-11-10T15:27:49+00:00","author":{"@id":"https:\/\/www.aedashomes.com\/blog\/#\/schema\/person\/3943511ba2e912cf5f6ba43a52940713"},"description":"AEDAS Homes presenta en URBE, los proyectos de car\u00e1cter urbano destino tur\u00edstico, que desarrolla en la Comunidad Valenciana.","breadcrumb":{"@id":"https:\/\/www.aedashomes.com\/blog\/feria-urbe-promociones-valencia\/#breadcrumb"},"inLanguage":"es","potentialAction":[{"@type":"ReadAction","target":["https:\/\/www.aedashomes.com\/blog\/feria-urbe-promociones-valencia\/"]}]},{"@type":"ImageObject","inLanguage":"es","@id":"https:\/\/www.aedashomes.com\/blog\/feria-urbe-promociones-valencia\/#primaryimage","url":"https:\/\/www.aedashomes.com\/blog\/wp-content\/uploads\/2018\/01\/3.png","contentUrl":"https:\/\/www.aedashomes.com\/blog\/wp-content\/uploads\/2018\/01\/3.png","width":1391,"height":924,"caption":"feria urbe promociones valencia"},{"@type":"BreadcrumbList","@id":"https:\/\/www.aedashomes.com\/blog\/feria-urbe-promociones-valencia\/#breadcrumb","itemListElement":[{"@type":"ListItem","position":1,"name":"Blog","item":"https:\/\/www.aedashomes.com\/blog\/"},{"@type":"ListItem","position":2,"name":"AEDAS News","item":"https:\/\/www.aedashomes.com\/blog\/noticias-inmobiliarias\/"},{"@type":"ListItem","position":3,"name":"AEDAS Homes impulsa en URBE sus promociones en destinos tur\u00edsticos y urbanos de la Comunidad Valenciana"}]},{"@type":"WebSite","@id":"https:\/\/www.aedashomes.com\/blog\/#website","url":"https:\/\/www.aedashomes.com\/blog\/","name":"AEDAS Homes Blog","description":"El blog de la promotora inmobiliaria AEDAS Homes","potentialAction":[{"@type":"SearchAction","target":{"@type":"EntryPoint","urlTemplate":"https:\/\/www.aedashomes.com\/blog\/?s={search_term_string}"},"query-input":{"@type":"PropertyValueSpecification","valueRequired":true,"valueName":"search_term_string"}}],"inLanguage":"es"},{"@type":"Person","@id":"https:\/\/www.aedashomes.com\/blog\/#\/schema\/person\/3943511ba2e912cf5f6ba43a52940713","name":"-","image":{"@type":"ImageObject","inLanguage":"es","@id":"https:\/\/www.aedashomes.com\/blog\/#\/schema\/person\/image\/","url":"https:\/\/secure.gravatar.com\/avatar\/9a98fc972c3ec2b91fdfd2a81c93ee3fc7c04aeefac4d931b43205ed61d9e009?s=96&d=mm&r=g","contentUrl":"https:\/\/secure.gravatar.com\/avatar\/9a98fc972c3ec2b91fdfd2a81c93ee3fc7c04aeefac4d931b43205ed61d9e009?s=96&d=mm&r=g","caption":"-"},"url":"https:\/\/www.aedashomes.com\/blog\/author\/idento\/"}]}},"_links":{"self":[{"href":"https:\/\/www.aedashomes.com\/blog\/wp-json\/wp\/v2\/posts\/1181","targetHints":{"allow":["GET"]}}],"collection":[{"href":"https:\/\/www.aedashomes.com\/blog\/wp-json\/wp\/v2\/posts"}],"about":[{"href":"https:\/\/www.aedashomes.com\/blog\/wp-json\/wp\/v2\/types\/post"}],"author":[{"embeddable":true,"href":"https:\/\/www.aedashomes.com\/blog\/wp-json\/wp\/v2\/users\/15"}],"replies":[{"embeddable":true,"href":"https:\/\/www.aedashomes.com\/blog\/wp-json\/wp\/v2\/comments?post=1181"}],"version-history":[{"count":10,"href":"https:\/\/www.aedashomes.com\/blog\/wp-json\/wp\/v2\/posts\/1181\/revisions"}],"predecessor-version":[{"id":16043,"href":"https:\/\/www.aedashomes.com\/blog\/wp-json\/wp\/v2\/posts\/1181\/revisions\/16043"}],"wp:featuredmedia":[{"embeddable":true,"href":"https:\/\/www.aedashomes.com\/blog\/wp-json\/wp\/v2\/media\/1189"}],"wp:attachment":[{"href":"https:\/\/www.aedashomes.com\/blog\/wp-json\/wp\/v2\/media?parent=1181"}],"wp:term":[{"taxonomy":"category","embeddable":true,"href":"https:\/\/www.aedashomes.com\/blog\/wp-json\/wp\/v2\/categories?post=1181"},{"taxonomy":"post_tag","embeddable":true,"href":"https:\/\/www.aedashomes.com\/blog\/wp-json\/wp\/v2\/tags?post=1181"}],"curies":[{"name":"wp","href":"https:\/\/api.w.org\/{rel}","templated":true}]}}