{"id":12352,"date":"2020-09-24T16:54:05","date_gmt":"2020-09-24T15:54:05","guid":{"rendered":"http:\/\/52.31.48.128\/blog\/?p=12352"},"modified":"2025-02-19T10:54:02","modified_gmt":"2025-02-19T09:54:02","slug":"acceso-vivienda-jovenes-inmoforum","status":"publish","type":"post","link":"https:\/\/www.aedashomes.com\/blog\/acceso-vivienda-jovenes-inmoforum\/","title":{"rendered":"La alianza del sector inmobiliario y la administraci\u00f3n p\u00fablica, crucial para el acceso a la primera vivienda"},"content":{"rendered":"\n<p>INMOFORUM ALICANTE, el encuentro\nonline sobre la salud del sector inmobiliario en Alicante, ha celebrado su\nsegunda jornada este jueves 24 de septiembre de 2020. De nuevo, la cita ha\nabordado la importancia de este sector como uno de los motores para lograr la\nreactivaci\u00f3n de la econom\u00eda nacional y de Alicante tras la crisis ocasionada\npor la pandemia. Adem\u00e1s, este segundo coloquio ha puesto el foco en la\nproblem\u00e1tica del acceso a la primera vivienda para el conjunto de los\nciudadanos, y ha servido para poner sobre la mesa una soluci\u00f3n: la alianza\nentre el sector inmobiliario y la administraci\u00f3n.<strong><\/strong><\/p>\n\n\n\n<div class=\"wp-block-image\"><figure class=\"alignleft is-resized\"><img loading=\"lazy\" decoding=\"async\" src=\"https:\/\/www.aedashomes.com\/blog\/wp-content\/uploads\/2020\/09\/inmoforum-alicante-sergio-galvez-1024x529.jpg\" alt=\"inmoforum alicante sergio galvez\" class=\"wp-image-12353\" width=\"372\" height=\"192\" srcset=\"https:\/\/www.aedashomes.com\/blog\/wp-content\/uploads\/2020\/09\/inmoforum-alicante-sergio-galvez-1024x529.jpg 1024w, https:\/\/www.aedashomes.com\/blog\/wp-content\/uploads\/2020\/09\/inmoforum-alicante-sergio-galvez-300x155.jpg 300w, https:\/\/www.aedashomes.com\/blog\/wp-content\/uploads\/2020\/09\/inmoforum-alicante-sergio-galvez.jpg 1172w\" sizes=\"auto, (max-width: 372px) 100vw, 372px\" \/><figcaption>Todos los participantes en la segunda jornada de Inmoforum Alicante<\/figcaption><\/figure><\/div>\n\n\n\n<p>Tras la bienvenida de <strong>Antonio\nGonz\u00e1lez, presidente de Planner Exhibitions<\/strong> y organizador del evento \u2013quien\nremarc\u00f3 precisamente ese \u201ccar\u00e1cter del sector inmobiliario como motor econ\u00f3mico\nde la regi\u00f3n\u201d\u2013, intervino el Vicepresidente Segundo y Conseller de Vivienda y\nArquitectura Bioclim\u00e1tica de la Generalitat Valenciana, Rub\u00e9n Mart\u00ednez Dalmau, que\nmand\u00f3 un mensaje claro: <strong>\u201cEs fundamental que la Administraci\u00f3n P\u00fablica y el\nsector privado est\u00e9n unidos para afrontar la pandemia\u201d.<\/strong> <\/p>\n\n\n\n<p>Y prosigui\u00f3: \u201cNuestros hogares se\nconvirtieron en nuestro mejor refugio durante todos los meses de confinamiento,\nun espacio que nos ha servido para afrontar esta situaci\u00f3n, pero tambi\u00e9n los\nretos que vengan.\u201d Estas palabras fueron compartidas por <strong>C\u00e9sar Jim\u00e9nez\nDom\u00e9nech, Secretario Auton\u00f3mico de Vivienda y Funci\u00f3n Social<\/strong>, quien incidi\u00f3\nen que se debe abordar, con intensidad, los mecanismos de colaboraci\u00f3n p\u00fablico-privada.\n<\/p>\n\n\n\n<center><iframe loading=\"lazy\" src=\"https:\/\/player.vimeo.com\/video\/458652901\" width=\"640\" height=\"564\" frameborder=\"0\" allow=\"autoplay; fullscreen\" allowfullscreen=\"\"><\/iframe><\/center>\n\n\n\n<h2 class=\"wp-block-heading\"><strong>La vivienda y los j\u00f3venes<\/strong><\/h2>\n\n\n\n<p>Ya en la mesa de debate \u2013que estuvo moderada por Toni Cabot, Director del Club Informaci\u00f3n\u2013 Antonio Fern\u00e1ndez, presidente de PROVIA, apunt\u00f3 hacia la misma l\u00ednea: \u201cTanto las promotoras de viviendas como la Administraci\u00f3n P\u00fablica no deben ir por separado, sino trabajar de forma conjunta para <strong>solucionar, de una vez, el <a href=\"https:\/\/www.aedashomes.com\/blog\/viviendas-jovenes\/\">problema del acceso a la vivienda<\/a><\/strong>\u201d. Fern\u00e1ndez subray\u00f3 que \u201cencuentros como el de INMOFORUM ALICANTE suponen una oportunidad muy interesante para compartir posiciones\u201d. <\/p>\n\n\n\n<p>En los mismos t\u00e9rminos se\npronunci\u00f3 <strong>Adri\u00e1n Santos, Concejal de Urbanismo de Alicante<\/strong>, que tildaba\nde \u201cfundamental\u201d la colaboraci\u00f3n p\u00fablico-privada. <\/p>\n\n\n\n<div class=\"wp-block-image\"><figure class=\"aligncenter\"><img loading=\"lazy\" decoding=\"async\" width=\"1024\" height=\"571\" src=\"https:\/\/www.aedashomes.com\/blog\/wp-content\/uploads\/2020\/01\/jovenes-acceso-casa00-1024x571.jpg\" alt=\"jovenes acceso casa00\" class=\"wp-image-10612\" srcset=\"https:\/\/www.aedashomes.com\/blog\/wp-content\/uploads\/2020\/01\/jovenes-acceso-casa00-1024x571.jpg 1024w, https:\/\/www.aedashomes.com\/blog\/wp-content\/uploads\/2020\/01\/jovenes-acceso-casa00-300x167.jpg 300w, https:\/\/www.aedashomes.com\/blog\/wp-content\/uploads\/2020\/01\/jovenes-acceso-casa00.jpg 1085w\" sizes=\"auto, (max-width: 1024px) 100vw, 1024px\" \/><\/figure><\/div>\n\n\n\n<h2 class=\"wp-block-heading\"><strong>\u201cUna oportunidad magn\u00edfica\u201d<\/strong><\/h2>\n\n\n\n<p>Dando una respuesta afirmativa a este mensaje un\u00e1nime de uni\u00f3n, el <strong>Director General de Estrategia, Inversiones y Desarrollos Alternativos de AEDAS Homes, Sergio G\u00e1lvez<\/strong>, afirm\u00f3 que \u201cdesde <a href=\"https:\/\/www.aedashomes.com\/\">AEDAS Homes<\/a> entendemos esta colaboraci\u00f3n como una oportunidad magn\u00edfica, para los ciudadanos, la Administraci\u00f3n y las promotoras inmobiliarias\u201d. \u201cAdem\u00e1s\u201d, subray\u00f3, \u201ces viable t\u00e9cnica, jur\u00eddica y administrativamente\u201d.<\/p>\n\n\n\n<div class=\"wp-block-image\"><figure class=\"alignleft is-resized\"><img loading=\"lazy\" decoding=\"async\" src=\"https:\/\/www.aedashomes.com\/blog\/wp-content\/uploads\/2019\/12\/ahorro-casa-cuesta-enero01.jpg\" alt=\"ahorro casa cuesta enero01\" class=\"wp-image-10441\" width=\"298\" height=\"176\" srcset=\"https:\/\/www.aedashomes.com\/blog\/wp-content\/uploads\/2019\/12\/ahorro-casa-cuesta-enero01.jpg 1023w, https:\/\/www.aedashomes.com\/blog\/wp-content\/uploads\/2019\/12\/ahorro-casa-cuesta-enero01-300x177.jpg 300w\" sizes=\"auto, (max-width: 298px) 100vw, 298px\" \/><\/figure><\/div>\n\n\n\n<p>\u201cEntre todos necesitamos ser\ncapaces de captar todo el capital necesario para desarrollar estas iniciativas\u201d,\nexplic\u00f3 Sergio G\u00e1lvez, incidiendo en que \u201cen AEDAS Homes estamos comprometidos\ndesde el minuto cero para impulsar este tipo de acciones. De hecho, vamos ya\npor buen camino, aunque no podemos obviar que no se trata de un camino\nsencillo\u201d. <\/p>\n\n\n\n<p>Sergio G\u00e1lvez record\u00f3, en este\nsentido, que <strong>\u201cAEDAS Homes integra en su RSC (Responsabilidad Social\nCorporativa) favorecer el acceso a la vivienda<\/strong>. Para nosotros, esto es algo\nque se deben plantear m\u00e1s promotoras, ya que es evidente que cuantas m\u00e1s\ncompa\u00f1\u00edas sigan este camino, m\u00e1s oportunidades habr\u00e1 para que la Administraci\u00f3n\nP\u00fablica lo fomente\u201d. <\/p>\n","protected":false},"excerpt":{"rendered":"<p>INMOFORUM ALICANTE, el encuentro online sobre la salud del sector inmobiliario en Alicante, ha celebrado su segunda jornada este jueves 24 de septiembre de 2020. De nuevo, la cita ha abordado la importancia de este sector como uno de los motores para lograr la reactivaci\u00f3n de la econom\u00eda nacional y de Alicante tras la crisis&#8230;<\/p>\n","protected":false},"author":15,"featured_media":11892,"comment_status":"closed","ping_status":"open","sticky":false,"template":"","format":"standard","meta":{"_acf_changed":false,"footnotes":""},"categories":[209],"tags":[],"class_list":["post-12352","post","type-post","status-publish","format-standard","has-post-thumbnail","hentry","category-noticias-inmobiliarias"],"acf":[],"yoast_head":"<!-- This site is optimized with the Yoast SEO plugin v27.0 - https:\/\/yoast.com\/product\/yoast-seo-wordpress\/ -->\n<title>Claves para el acceso a la vivienda de los j\u00f3venes | AEDAS Homes<\/title>\n<meta name=\"description\" content=\"\u201cLas promotoras y la Administraci\u00f3n P\u00fablica deben trabajar de forma conjunta para solucionar el problema de acceso a la vivienda\u201d.\" \/>\n<meta name=\"robots\" content=\"noindex, follow\" \/>\n<meta property=\"og:locale\" content=\"es_ES\" \/>\n<meta property=\"og:type\" content=\"article\" \/>\n<meta property=\"og:title\" content=\"Claves para el acceso a la vivienda de los j\u00f3venes | AEDAS Homes\" \/>\n<meta property=\"og:description\" content=\"\u201cLas promotoras y la Administraci\u00f3n P\u00fablica deben trabajar de forma conjunta para solucionar el problema de acceso a la vivienda\u201d.\" \/>\n<meta property=\"og:url\" content=\"https:\/\/www.aedashomes.com\/blog\/acceso-vivienda-jovenes-inmoforum\/\" \/>\n<meta property=\"og:site_name\" content=\"AEDAS Homes Blog\" \/>\n<meta property=\"article:publisher\" content=\"https:\/\/www.facebook.com\/aedashomes\/\" \/>\n<meta property=\"article:published_time\" content=\"2020-09-24T15:54:05+00:00\" \/>\n<meta property=\"article:modified_time\" content=\"2025-02-19T09:54:02+00:00\" \/>\n<meta property=\"og:image\" content=\"https:\/\/www.aedashomes.com\/blog\/wp-content\/uploads\/2020\/06\/sector-inmobiliario-el-economista00.jpg\" \/>\n\t<meta property=\"og:image:width\" content=\"1169\" \/>\n\t<meta property=\"og:image:height\" content=\"605\" \/>\n\t<meta property=\"og:image:type\" content=\"image\/jpeg\" \/>\n<meta name=\"author\" content=\"-\" \/>\n<meta name=\"twitter:card\" content=\"summary_large_image\" \/>\n<meta name=\"twitter:label1\" content=\"Escrito por\" \/>\n\t<meta name=\"twitter:data1\" content=\"-\" \/>\n<script type=\"application\/ld+json\" class=\"yoast-schema-graph\">{\"@context\":\"https:\/\/schema.org\",\"@graph\":[{\"@type\":\"Article\",\"@id\":\"https:\/\/www.aedashomes.com\/blog\/acceso-vivienda-jovenes-inmoforum\/#article\",\"isPartOf\":{\"@id\":\"https:\/\/www.aedashomes.com\/blog\/acceso-vivienda-jovenes-inmoforum\/\"},\"author\":{\"name\":\"-\",\"@id\":\"https:\/\/www.aedashomes.com\/blog\/#\/schema\/person\/3943511ba2e912cf5f6ba43a52940713\"},\"headline\":\"La alianza del sector inmobiliario y la administraci\u00f3n p\u00fablica, crucial para el acceso a la primera vivienda\",\"datePublished\":\"2020-09-24T15:54:05+00:00\",\"dateModified\":\"2025-02-19T09:54:02+00:00\",\"mainEntityOfPage\":{\"@id\":\"https:\/\/www.aedashomes.com\/blog\/acceso-vivienda-jovenes-inmoforum\/\"},\"wordCount\":574,\"image\":{\"@id\":\"https:\/\/www.aedashomes.com\/blog\/acceso-vivienda-jovenes-inmoforum\/#primaryimage\"},\"thumbnailUrl\":\"https:\/\/www.aedashomes.com\/blog\/wp-content\/uploads\/2020\/06\/sector-inmobiliario-el-economista00.jpg\",\"articleSection\":[\"AEDAS News\"],\"inLanguage\":\"es\"},{\"@type\":\"WebPage\",\"@id\":\"https:\/\/www.aedashomes.com\/blog\/acceso-vivienda-jovenes-inmoforum\/\",\"url\":\"https:\/\/www.aedashomes.com\/blog\/acceso-vivienda-jovenes-inmoforum\/\",\"name\":\"Claves para el acceso a la vivienda de los j\u00f3venes | AEDAS Homes\",\"isPartOf\":{\"@id\":\"https:\/\/www.aedashomes.com\/blog\/#website\"},\"primaryImageOfPage\":{\"@id\":\"https:\/\/www.aedashomes.com\/blog\/acceso-vivienda-jovenes-inmoforum\/#primaryimage\"},\"image\":{\"@id\":\"https:\/\/www.aedashomes.com\/blog\/acceso-vivienda-jovenes-inmoforum\/#primaryimage\"},\"thumbnailUrl\":\"https:\/\/www.aedashomes.com\/blog\/wp-content\/uploads\/2020\/06\/sector-inmobiliario-el-economista00.jpg\",\"datePublished\":\"2020-09-24T15:54:05+00:00\",\"dateModified\":\"2025-02-19T09:54:02+00:00\",\"author\":{\"@id\":\"https:\/\/www.aedashomes.com\/blog\/#\/schema\/person\/3943511ba2e912cf5f6ba43a52940713\"},\"description\":\"\u201cLas promotoras y la Administraci\u00f3n P\u00fablica deben trabajar de forma conjunta para solucionar el problema de acceso a la vivienda\u201d.\",\"breadcrumb\":{\"@id\":\"https:\/\/www.aedashomes.com\/blog\/acceso-vivienda-jovenes-inmoforum\/#breadcrumb\"},\"inLanguage\":\"es\",\"potentialAction\":[{\"@type\":\"ReadAction\",\"target\":[\"https:\/\/www.aedashomes.com\/blog\/acceso-vivienda-jovenes-inmoforum\/\"]}]},{\"@type\":\"ImageObject\",\"inLanguage\":\"es\",\"@id\":\"https:\/\/www.aedashomes.com\/blog\/acceso-vivienda-jovenes-inmoforum\/#primaryimage\",\"url\":\"https:\/\/www.aedashomes.com\/blog\/wp-content\/uploads\/2020\/06\/sector-inmobiliario-el-economista00.jpg\",\"contentUrl\":\"https:\/\/www.aedashomes.com\/blog\/wp-content\/uploads\/2020\/06\/sector-inmobiliario-el-economista00.jpg\",\"width\":1169,\"height\":605,\"caption\":\"sector inmobiliario el economista00\"},{\"@type\":\"BreadcrumbList\",\"@id\":\"https:\/\/www.aedashomes.com\/blog\/acceso-vivienda-jovenes-inmoforum\/#breadcrumb\",\"itemListElement\":[{\"@type\":\"ListItem\",\"position\":1,\"name\":\"Blog\",\"item\":\"https:\/\/www.aedashomes.com\/blog\/\"},{\"@type\":\"ListItem\",\"position\":2,\"name\":\"AEDAS News\",\"item\":\"https:\/\/www.aedashomes.com\/blog\/noticias-inmobiliarias\/\"},{\"@type\":\"ListItem\",\"position\":3,\"name\":\"La alianza del sector inmobiliario y la administraci\u00f3n p\u00fablica, crucial para el acceso a la primera vivienda\"}]},{\"@type\":\"WebSite\",\"@id\":\"https:\/\/www.aedashomes.com\/blog\/#website\",\"url\":\"https:\/\/www.aedashomes.com\/blog\/\",\"name\":\"AEDAS Homes Blog\",\"description\":\"El blog de la promotora inmobiliaria AEDAS Homes\",\"potentialAction\":[{\"@type\":\"SearchAction\",\"target\":{\"@type\":\"EntryPoint\",\"urlTemplate\":\"https:\/\/www.aedashomes.com\/blog\/?s={search_term_string}\"},\"query-input\":{\"@type\":\"PropertyValueSpecification\",\"valueRequired\":true,\"valueName\":\"search_term_string\"}}],\"inLanguage\":\"es\"},{\"@type\":\"Person\",\"@id\":\"https:\/\/www.aedashomes.com\/blog\/#\/schema\/person\/3943511ba2e912cf5f6ba43a52940713\",\"name\":\"-\",\"image\":{\"@type\":\"ImageObject\",\"inLanguage\":\"es\",\"@id\":\"https:\/\/www.aedashomes.com\/blog\/#\/schema\/person\/image\/\",\"url\":\"https:\/\/secure.gravatar.com\/avatar\/9a98fc972c3ec2b91fdfd2a81c93ee3fc7c04aeefac4d931b43205ed61d9e009?s=96&d=mm&r=g\",\"contentUrl\":\"https:\/\/secure.gravatar.com\/avatar\/9a98fc972c3ec2b91fdfd2a81c93ee3fc7c04aeefac4d931b43205ed61d9e009?s=96&d=mm&r=g\",\"caption\":\"-\"},\"url\":\"https:\/\/www.aedashomes.com\/blog\/author\/idento\/\"}]}<\/script>\n<!-- \/ Yoast SEO plugin. -->","yoast_head_json":{"title":"Claves para el acceso a la vivienda de los j\u00f3venes | AEDAS Homes","description":"\u201cLas promotoras y la Administraci\u00f3n P\u00fablica deben trabajar de forma conjunta para solucionar el problema de acceso a la vivienda\u201d.","robots":{"index":"noindex","follow":"follow"},"og_locale":"es_ES","og_type":"article","og_title":"Claves para el acceso a la vivienda de los j\u00f3venes | AEDAS Homes","og_description":"\u201cLas promotoras y la Administraci\u00f3n P\u00fablica deben trabajar de forma conjunta para solucionar el problema de acceso a la vivienda\u201d.","og_url":"https:\/\/www.aedashomes.com\/blog\/acceso-vivienda-jovenes-inmoforum\/","og_site_name":"AEDAS Homes Blog","article_publisher":"https:\/\/www.facebook.com\/aedashomes\/","article_published_time":"2020-09-24T15:54:05+00:00","article_modified_time":"2025-02-19T09:54:02+00:00","og_image":[{"width":1169,"height":605,"url":"https:\/\/www.aedashomes.com\/blog\/wp-content\/uploads\/2020\/06\/sector-inmobiliario-el-economista00.jpg","type":"image\/jpeg"}],"author":"-","twitter_card":"summary_large_image","twitter_misc":{"Escrito por":"-"},"schema":{"@context":"https:\/\/schema.org","@graph":[{"@type":"Article","@id":"https:\/\/www.aedashomes.com\/blog\/acceso-vivienda-jovenes-inmoforum\/#article","isPartOf":{"@id":"https:\/\/www.aedashomes.com\/blog\/acceso-vivienda-jovenes-inmoforum\/"},"author":{"name":"-","@id":"https:\/\/www.aedashomes.com\/blog\/#\/schema\/person\/3943511ba2e912cf5f6ba43a52940713"},"headline":"La alianza del sector inmobiliario y la administraci\u00f3n p\u00fablica, crucial para el acceso a la primera vivienda","datePublished":"2020-09-24T15:54:05+00:00","dateModified":"2025-02-19T09:54:02+00:00","mainEntityOfPage":{"@id":"https:\/\/www.aedashomes.com\/blog\/acceso-vivienda-jovenes-inmoforum\/"},"wordCount":574,"image":{"@id":"https:\/\/www.aedashomes.com\/blog\/acceso-vivienda-jovenes-inmoforum\/#primaryimage"},"thumbnailUrl":"https:\/\/www.aedashomes.com\/blog\/wp-content\/uploads\/2020\/06\/sector-inmobiliario-el-economista00.jpg","articleSection":["AEDAS News"],"inLanguage":"es"},{"@type":"WebPage","@id":"https:\/\/www.aedashomes.com\/blog\/acceso-vivienda-jovenes-inmoforum\/","url":"https:\/\/www.aedashomes.com\/blog\/acceso-vivienda-jovenes-inmoforum\/","name":"Claves para el acceso a la vivienda de los j\u00f3venes | AEDAS Homes","isPartOf":{"@id":"https:\/\/www.aedashomes.com\/blog\/#website"},"primaryImageOfPage":{"@id":"https:\/\/www.aedashomes.com\/blog\/acceso-vivienda-jovenes-inmoforum\/#primaryimage"},"image":{"@id":"https:\/\/www.aedashomes.com\/blog\/acceso-vivienda-jovenes-inmoforum\/#primaryimage"},"thumbnailUrl":"https:\/\/www.aedashomes.com\/blog\/wp-content\/uploads\/2020\/06\/sector-inmobiliario-el-economista00.jpg","datePublished":"2020-09-24T15:54:05+00:00","dateModified":"2025-02-19T09:54:02+00:00","author":{"@id":"https:\/\/www.aedashomes.com\/blog\/#\/schema\/person\/3943511ba2e912cf5f6ba43a52940713"},"description":"\u201cLas promotoras y la Administraci\u00f3n P\u00fablica deben trabajar de forma conjunta para solucionar el problema de acceso a la vivienda\u201d.","breadcrumb":{"@id":"https:\/\/www.aedashomes.com\/blog\/acceso-vivienda-jovenes-inmoforum\/#breadcrumb"},"inLanguage":"es","potentialAction":[{"@type":"ReadAction","target":["https:\/\/www.aedashomes.com\/blog\/acceso-vivienda-jovenes-inmoforum\/"]}]},{"@type":"ImageObject","inLanguage":"es","@id":"https:\/\/www.aedashomes.com\/blog\/acceso-vivienda-jovenes-inmoforum\/#primaryimage","url":"https:\/\/www.aedashomes.com\/blog\/wp-content\/uploads\/2020\/06\/sector-inmobiliario-el-economista00.jpg","contentUrl":"https:\/\/www.aedashomes.com\/blog\/wp-content\/uploads\/2020\/06\/sector-inmobiliario-el-economista00.jpg","width":1169,"height":605,"caption":"sector inmobiliario el economista00"},{"@type":"BreadcrumbList","@id":"https:\/\/www.aedashomes.com\/blog\/acceso-vivienda-jovenes-inmoforum\/#breadcrumb","itemListElement":[{"@type":"ListItem","position":1,"name":"Blog","item":"https:\/\/www.aedashomes.com\/blog\/"},{"@type":"ListItem","position":2,"name":"AEDAS News","item":"https:\/\/www.aedashomes.com\/blog\/noticias-inmobiliarias\/"},{"@type":"ListItem","position":3,"name":"La alianza del sector inmobiliario y la administraci\u00f3n p\u00fablica, crucial para el acceso a la primera vivienda"}]},{"@type":"WebSite","@id":"https:\/\/www.aedashomes.com\/blog\/#website","url":"https:\/\/www.aedashomes.com\/blog\/","name":"AEDAS Homes Blog","description":"El blog de la promotora inmobiliaria AEDAS Homes","potentialAction":[{"@type":"SearchAction","target":{"@type":"EntryPoint","urlTemplate":"https:\/\/www.aedashomes.com\/blog\/?s={search_term_string}"},"query-input":{"@type":"PropertyValueSpecification","valueRequired":true,"valueName":"search_term_string"}}],"inLanguage":"es"},{"@type":"Person","@id":"https:\/\/www.aedashomes.com\/blog\/#\/schema\/person\/3943511ba2e912cf5f6ba43a52940713","name":"-","image":{"@type":"ImageObject","inLanguage":"es","@id":"https:\/\/www.aedashomes.com\/blog\/#\/schema\/person\/image\/","url":"https:\/\/secure.gravatar.com\/avatar\/9a98fc972c3ec2b91fdfd2a81c93ee3fc7c04aeefac4d931b43205ed61d9e009?s=96&d=mm&r=g","contentUrl":"https:\/\/secure.gravatar.com\/avatar\/9a98fc972c3ec2b91fdfd2a81c93ee3fc7c04aeefac4d931b43205ed61d9e009?s=96&d=mm&r=g","caption":"-"},"url":"https:\/\/www.aedashomes.com\/blog\/author\/idento\/"}]}},"_links":{"self":[{"href":"https:\/\/www.aedashomes.com\/blog\/wp-json\/wp\/v2\/posts\/12352","targetHints":{"allow":["GET"]}}],"collection":[{"href":"https:\/\/www.aedashomes.com\/blog\/wp-json\/wp\/v2\/posts"}],"about":[{"href":"https:\/\/www.aedashomes.com\/blog\/wp-json\/wp\/v2\/types\/post"}],"author":[{"embeddable":true,"href":"https:\/\/www.aedashomes.com\/blog\/wp-json\/wp\/v2\/users\/15"}],"replies":[{"embeddable":true,"href":"https:\/\/www.aedashomes.com\/blog\/wp-json\/wp\/v2\/comments?post=12352"}],"version-history":[{"count":9,"href":"https:\/\/www.aedashomes.com\/blog\/wp-json\/wp\/v2\/posts\/12352\/revisions"}],"predecessor-version":[{"id":17941,"href":"https:\/\/www.aedashomes.com\/blog\/wp-json\/wp\/v2\/posts\/12352\/revisions\/17941"}],"wp:featuredmedia":[{"embeddable":true,"href":"https:\/\/www.aedashomes.com\/blog\/wp-json\/wp\/v2\/media\/11892"}],"wp:attachment":[{"href":"https:\/\/www.aedashomes.com\/blog\/wp-json\/wp\/v2\/media?parent=12352"}],"wp:term":[{"taxonomy":"category","embeddable":true,"href":"https:\/\/www.aedashomes.com\/blog\/wp-json\/wp\/v2\/categories?post=12352"},{"taxonomy":"post_tag","embeddable":true,"href":"https:\/\/www.aedashomes.com\/blog\/wp-json\/wp\/v2\/tags?post=12352"}],"curies":[{"name":"wp","href":"https:\/\/api.w.org\/{rel}","templated":true}]}}