{"id":13585,"date":"2021-04-29T09:49:31","date_gmt":"2021-04-29T08:49:31","guid":{"rendered":"https:\/\/52.31.48.128\/blog\/?p=13585"},"modified":"2025-02-19T11:01:03","modified_gmt":"2025-02-19T10:01:03","slug":"david-martinez-ceo-de-aedas-homes-la-sostenibilidad-ha-venido-para-quedarse","status":"publish","type":"post","link":"https:\/\/www.aedashomes.com\/blog\/david-martinez-ceo-de-aedas-homes-la-sostenibilidad-ha-venido-para-quedarse\/","title":{"rendered":"David Mart\u00ednez, CEO de AEDAS Homes: \u201cLa sostenibilidad ha venido para quedarse\u201d"},"content":{"rendered":"\n<p>\u00bfNos encontramos ante un nuevo paradigma en la vivienda? \u00bfCu\u00e1les son las nuevas necesidades de los compradores? Estas son algunas de las cuestiones que se debatieron en el encuentro online organizado por ULI Spain el pasado 27 de abril de 2021 en el que se present\u00f3 el <strong>informe \u2018COVID-19: Impacto en el sector inmobiliario\u2019<\/strong>, un estudio que pone de manifiesto las nuevas tendencias a las que se enfrenta la industria inmobiliaria tras el Covid-19 y en el que ha colaborado activamente AEDAS Homes. <\/p>\n\n\n\n<p><strong>David Mart\u00ednez, CEO de AEDAS Homes<\/strong>, particip\u00f3\nen el webinar junto a <strong>F\u00e1tima S\u00e1ez del Cano, Executive Director de Grosvenor\nEurope<\/strong>; Pere Vi\u00f1olas, CEO de Inmobiliaria Colonial; y Jos\u00e9 <strong>Ignacio\nMorales Plaza, CEO de V\u00eda C\u00e9lere<\/strong>; mientras Lisette van Doorn, CEO de ULI\nEuropa, introdujo la charla; y Alfonso Benavides, Presidente de ULI Madrid, ejerci\u00f3\nde moderador.<\/p>\n\n\n\n<div class=\"wp-block-image\"><figure class=\"aligncenter\"><img loading=\"lazy\" decoding=\"async\" width=\"1024\" height=\"395\" src=\"https:\/\/www.aedashomes.com\/blog\/wp-content\/uploads\/2021\/04\/covid-impacto-sector-inmobiliario-ponentes-1024x395.jpg\" alt=\"covid impacto sector inmobiliario ponentes\" class=\"wp-image-13586\" srcset=\"https:\/\/www.aedashomes.com\/blog\/wp-content\/uploads\/2021\/04\/covid-impacto-sector-inmobiliario-ponentes-1024x395.jpg 1024w, https:\/\/www.aedashomes.com\/blog\/wp-content\/uploads\/2021\/04\/covid-impacto-sector-inmobiliario-ponentes-300x116.jpg 300w, https:\/\/www.aedashomes.com\/blog\/wp-content\/uploads\/2021\/04\/covid-impacto-sector-inmobiliario-ponentes.jpg 1445w\" sizes=\"auto, (max-width: 1024px) 100vw, 1024px\" \/><figcaption>Participantes de la presentaci\u00f3n del informe de ULI Spain<\/figcaption><\/figure><\/div>\n\n\n\n<h2 class=\"wp-block-heading\"><strong>Redise\u00f1o de las casas<\/strong><\/h2>\n\n\n\n<p>Durante el encuentro digital, los\nexpertos confirmaron que existe un <strong>cambio de tendencia evidente en el sector\n<\/strong><strong>como consecuencia del aumento del teletrabajo<\/strong>, lo que\nha supuesto un replanteamiento del dise\u00f1o de los hogares. <\/p>\n\n\n\n<p>En este sentido, David Mart\u00ednez dio el\npistoletazo de salida al debate con una reflexi\u00f3n: <strong>\u201cLa importancia de\ndisponer de una vivienda adecuada\u201d<\/strong>. En su opini\u00f3n, este concepto puede\nvariar para cada comprador, pero \u201cprecisamente, el COVID-19 nos ha servido a\ntodos para valorar m\u00e1s que nunca el hecho de <strong>que nuestra casa se ajuste\nrealmente a nuestras necesidades<\/strong>\u201d.<\/p>\n\n\n\n<p class=\"has-text-color has-background has-very-dark-gray-color has-very-light-gray-background-color\"><strong>Lee aqu\u00ed: <a href=\"https:\/\/www.aedashomes.com\/blog\/empresas-teletrabajo-coronavirus-covid-medidas\/\">\u201cEl Covid-19 ha sido un catalizador en el proceso de implantaci\u00f3n del teletrabajo\u201d<\/a><\/strong><\/p>\n\n\n\n<h2 class=\"wp-block-heading\"><strong>Descentralizaci\u00f3n de los n\u00facleos urbanos<\/strong><\/h2>\n\n\n\n<p>Todos los participantes estuvieron\nde acuerdo con el CEO de AEDAS Homes cuando explic\u00f3 que \u201cestamos viendo una mayor\nconcentraci\u00f3n en \u00e1reas metropolitanas \u2013lo que est\u00e1 provocando que se est\u00e9n\ndespoblando ciertas zonas\u2013 y una descentralizaci\u00f3n de los n\u00facleos urbanos\u201d en\nfavor de las afueras por dos motivos: <strong>\u201cNo hay suelo en el centro de las\nciudades <\/strong>y hay un incremento del inter\u00e9s por la tipolog\u00eda unifamiliar\u201d. <\/p>\n\n\n\n<div class=\"wp-block-image\"><figure class=\"aligncenter\"><img loading=\"lazy\" decoding=\"async\" width=\"1024\" height=\"581\" src=\"https:\/\/www.aedashomes.com\/blog\/wp-content\/uploads\/2020\/07\/eneida-chalet-mallorca-llucmajor01-1024x581.jpg\" alt=\"eneida chalet mallorca llucmajor01\" class=\"wp-image-11941\" srcset=\"https:\/\/www.aedashomes.com\/blog\/wp-content\/uploads\/2020\/07\/eneida-chalet-mallorca-llucmajor01-1024x581.jpg 1024w, https:\/\/www.aedashomes.com\/blog\/wp-content\/uploads\/2020\/07\/eneida-chalet-mallorca-llucmajor01-300x170.jpg 300w, https:\/\/www.aedashomes.com\/blog\/wp-content\/uploads\/2020\/07\/eneida-chalet-mallorca-llucmajor01.jpg 1067w\" sizes=\"auto, (max-width: 1024px) 100vw, 1024px\" \/><figcaption>Los chalets de Eneida, en Palma de Mallorca, ofrecen piscina privada en el jard\u00edn<\/figcaption><\/figure><\/div>\n\n\n\n<p>Otra de las conclusiones que se puso de\nmanifiesto en el encuentro, a ra\u00edz del informe, fue que <strong>el acceso a la\nvivienda ser\u00e1 a\u00fan m\u00e1s complicado tras la pandemia<\/strong>, en especial para los j\u00f3venes\ny las familias con bajos ingresos. Por esta raz\u00f3n, los nuevos modelos de\nviviendas en alquiler como el <strong>Built to Rent (BtR)<\/strong>; de convivencia, como\nel <strong>coliving<\/strong> o el <strong>cohousing<\/strong>; o de inversi\u00f3n, como la llamada <strong>inversi\u00f3n\nde impacto<\/strong>; suponen nuevas oportunidades para rebajar la tensi\u00f3n del\nmercado, aunque requerir\u00edan de actualizaciones de las normativas urban\u00edsticas y\njur\u00eddicas.<\/p>\n\n\n\n<h2 class=\"wp-block-heading\"><strong>Viviendas sostenibles<\/strong><\/h2>\n\n\n\n<p>El estudio elaborado por ULI apunta que los clientes cada vez demandan viviendas m\u00e1s sostenibles, una preferencia que tambi\u00e9n est\u00e1 comenzando a tener en cuenta la nueva legislaci\u00f3n. En este punto, David Mart\u00ednez se\u00f1al\u00f3 que \u201ctodav\u00eda no somos plenamente conscientes en la industria de los cambios que tenemos que implementar para cumplir con los compromisos de la Uni\u00f3n Europea (UE)\u201d. <strong>\u201cLa sostenibilidad es esencial y sin duda un <em>must have<\/em>. Esto ha venido para quedarse\u201d,<\/strong> asegur\u00f3. <\/p>\n\n\n\n<p class=\"has-background has-very-light-gray-background-color\"><strong>Lee aqu\u00ed: Viviendas 100 % respetuosas con el planeta: AEDAS Homes ya tiene su Dec\u00e1logo de Sostenibilidad Medioambiental<\/strong><\/p>\n\n\n\n<p>\u201cPor nuestra parte\u201d, concluy\u00f3 el CEO\nde AEDAS Homes al respecto, \u201cnos sentimos especialmente orgullosos, ya que en\nAEDAS Homes <strong>promovemos viviendas saludables<\/strong> en toda la amplitud del\nconcepto y que ponen a los clientes en el centro de todo el esfuerzo de la\ncompa\u00f1\u00eda, con un dise\u00f1o y medidas pensadas para el usuario\u201d. La promotora ha\npresentado recientemente su ambicioso <a href=\"https:\/\/www.aedashomes.com\/prensa\/plan-estrategico-ESG\">Plan\nEstrat\u00e9gico ESG 2021-2023<\/a>, alineado con los Objetivos de Desarrollo\nSostenible de Naciones Unidas.<\/p>\n","protected":false},"excerpt":{"rendered":"<p>\u00bfNos encontramos ante un nuevo paradigma en la vivienda? \u00bfCu\u00e1les son las nuevas necesidades de los compradores? Estas son algunas de las cuestiones que se debatieron en el encuentro online organizado por ULI Spain el pasado 27 de abril de 2021 en el que se present\u00f3 el informe \u2018COVID-19: Impacto en el sector inmobiliario\u2019, un&#8230;<\/p>\n","protected":false},"author":15,"featured_media":12894,"comment_status":"closed","ping_status":"open","sticky":false,"template":"","format":"standard","meta":{"_acf_changed":false,"footnotes":""},"categories":[209,169],"tags":[],"class_list":["post-13585","post","type-post","status-publish","format-standard","has-post-thumbnail","hentry","category-noticias-inmobiliarias","category-casas-ecologicas"],"acf":[],"yoast_head":"<!-- This site is optimized with the Yoast SEO plugin v27.0 - https:\/\/yoast.com\/product\/yoast-seo-wordpress\/ -->\n<title>AEDAS Homes: &quot;La sostenibilidad ha venido para quedarse&quot;<\/title>\n<meta name=\"description\" content=\"La sostenibilidad es uno de los puntos clave que desde la promotora AEDAS Homes impulsan y fomentan a trav\u00e9s de sus proyectos.\" \/>\n<meta name=\"robots\" content=\"noindex, follow\" \/>\n<meta property=\"og:locale\" content=\"es_ES\" \/>\n<meta property=\"og:type\" content=\"article\" \/>\n<meta property=\"og:title\" content=\"AEDAS Homes: &quot;La sostenibilidad ha venido para quedarse&quot;\" \/>\n<meta property=\"og:description\" content=\"La sostenibilidad es uno de los puntos clave que desde la promotora AEDAS Homes impulsan y fomentan a trav\u00e9s de sus proyectos.\" \/>\n<meta property=\"og:url\" content=\"https:\/\/www.aedashomes.com\/blog\/david-martinez-ceo-de-aedas-homes-la-sostenibilidad-ha-venido-para-quedarse\/\" \/>\n<meta property=\"og:site_name\" content=\"AEDAS Homes Blog\" \/>\n<meta property=\"article:publisher\" content=\"https:\/\/www.facebook.com\/aedashomes\/\" \/>\n<meta property=\"article:published_time\" content=\"2021-04-29T08:49:31+00:00\" \/>\n<meta property=\"article:modified_time\" content=\"2025-02-19T10:01:03+00:00\" \/>\n<meta property=\"og:image\" content=\"https:\/\/www.aedashomes.com\/blog\/wp-content\/uploads\/2020\/12\/avenida-verde-ciudad-sostenible.jpg\" \/>\n\t<meta property=\"og:image:width\" content=\"909\" \/>\n\t<meta property=\"og:image:height\" content=\"605\" \/>\n\t<meta property=\"og:image:type\" content=\"image\/jpeg\" \/>\n<meta name=\"author\" content=\"-\" \/>\n<meta name=\"twitter:card\" content=\"summary_large_image\" \/>\n<meta name=\"twitter:label1\" content=\"Escrito por\" \/>\n\t<meta name=\"twitter:data1\" content=\"-\" \/>\n<script type=\"application\/ld+json\" class=\"yoast-schema-graph\">{\"@context\":\"https:\/\/schema.org\",\"@graph\":[{\"@type\":\"Article\",\"@id\":\"https:\/\/www.aedashomes.com\/blog\/david-martinez-ceo-de-aedas-homes-la-sostenibilidad-ha-venido-para-quedarse\/#article\",\"isPartOf\":{\"@id\":\"https:\/\/www.aedashomes.com\/blog\/david-martinez-ceo-de-aedas-homes-la-sostenibilidad-ha-venido-para-quedarse\/\"},\"author\":{\"name\":\"-\",\"@id\":\"https:\/\/www.aedashomes.com\/blog\/#\/schema\/person\/3943511ba2e912cf5f6ba43a52940713\"},\"headline\":\"David Mart\u00ednez, CEO de AEDAS Homes: \u201cLa sostenibilidad ha venido para quedarse\u201d\",\"datePublished\":\"2021-04-29T08:49:31+00:00\",\"dateModified\":\"2025-02-19T10:01:03+00:00\",\"mainEntityOfPage\":{\"@id\":\"https:\/\/www.aedashomes.com\/blog\/david-martinez-ceo-de-aedas-homes-la-sostenibilidad-ha-venido-para-quedarse\/\"},\"wordCount\":666,\"image\":{\"@id\":\"https:\/\/www.aedashomes.com\/blog\/david-martinez-ceo-de-aedas-homes-la-sostenibilidad-ha-venido-para-quedarse\/#primaryimage\"},\"thumbnailUrl\":\"https:\/\/www.aedashomes.com\/blog\/wp-content\/uploads\/2020\/12\/avenida-verde-ciudad-sostenible.jpg\",\"articleSection\":[\"AEDAS News\",\"Sostenibilidad\"],\"inLanguage\":\"es\"},{\"@type\":\"WebPage\",\"@id\":\"https:\/\/www.aedashomes.com\/blog\/david-martinez-ceo-de-aedas-homes-la-sostenibilidad-ha-venido-para-quedarse\/\",\"url\":\"https:\/\/www.aedashomes.com\/blog\/david-martinez-ceo-de-aedas-homes-la-sostenibilidad-ha-venido-para-quedarse\/\",\"name\":\"AEDAS Homes: \\\"La sostenibilidad ha venido para quedarse\\\"\",\"isPartOf\":{\"@id\":\"https:\/\/www.aedashomes.com\/blog\/#website\"},\"primaryImageOfPage\":{\"@id\":\"https:\/\/www.aedashomes.com\/blog\/david-martinez-ceo-de-aedas-homes-la-sostenibilidad-ha-venido-para-quedarse\/#primaryimage\"},\"image\":{\"@id\":\"https:\/\/www.aedashomes.com\/blog\/david-martinez-ceo-de-aedas-homes-la-sostenibilidad-ha-venido-para-quedarse\/#primaryimage\"},\"thumbnailUrl\":\"https:\/\/www.aedashomes.com\/blog\/wp-content\/uploads\/2020\/12\/avenida-verde-ciudad-sostenible.jpg\",\"datePublished\":\"2021-04-29T08:49:31+00:00\",\"dateModified\":\"2025-02-19T10:01:03+00:00\",\"author\":{\"@id\":\"https:\/\/www.aedashomes.com\/blog\/#\/schema\/person\/3943511ba2e912cf5f6ba43a52940713\"},\"description\":\"La sostenibilidad es uno de los puntos clave que desde la promotora AEDAS Homes impulsan y fomentan a trav\u00e9s de sus proyectos.\",\"breadcrumb\":{\"@id\":\"https:\/\/www.aedashomes.com\/blog\/david-martinez-ceo-de-aedas-homes-la-sostenibilidad-ha-venido-para-quedarse\/#breadcrumb\"},\"inLanguage\":\"es\",\"potentialAction\":[{\"@type\":\"ReadAction\",\"target\":[\"https:\/\/www.aedashomes.com\/blog\/david-martinez-ceo-de-aedas-homes-la-sostenibilidad-ha-venido-para-quedarse\/\"]}]},{\"@type\":\"ImageObject\",\"inLanguage\":\"es\",\"@id\":\"https:\/\/www.aedashomes.com\/blog\/david-martinez-ceo-de-aedas-homes-la-sostenibilidad-ha-venido-para-quedarse\/#primaryimage\",\"url\":\"https:\/\/www.aedashomes.com\/blog\/wp-content\/uploads\/2020\/12\/avenida-verde-ciudad-sostenible.jpg\",\"contentUrl\":\"https:\/\/www.aedashomes.com\/blog\/wp-content\/uploads\/2020\/12\/avenida-verde-ciudad-sostenible.jpg\",\"width\":909,\"height\":605,\"caption\":\"Avenida con espacios verdes en una ciudad sostenible\"},{\"@type\":\"BreadcrumbList\",\"@id\":\"https:\/\/www.aedashomes.com\/blog\/david-martinez-ceo-de-aedas-homes-la-sostenibilidad-ha-venido-para-quedarse\/#breadcrumb\",\"itemListElement\":[{\"@type\":\"ListItem\",\"position\":1,\"name\":\"Blog\",\"item\":\"https:\/\/www.aedashomes.com\/blog\/\"},{\"@type\":\"ListItem\",\"position\":2,\"name\":\"AEDAS News\",\"item\":\"https:\/\/www.aedashomes.com\/blog\/noticias-inmobiliarias\/\"},{\"@type\":\"ListItem\",\"position\":3,\"name\":\"David Mart\u00ednez, CEO de AEDAS Homes: \u201cLa sostenibilidad ha venido para quedarse\u201d\"}]},{\"@type\":\"WebSite\",\"@id\":\"https:\/\/www.aedashomes.com\/blog\/#website\",\"url\":\"https:\/\/www.aedashomes.com\/blog\/\",\"name\":\"AEDAS Homes Blog\",\"description\":\"El blog de la promotora inmobiliaria AEDAS Homes\",\"potentialAction\":[{\"@type\":\"SearchAction\",\"target\":{\"@type\":\"EntryPoint\",\"urlTemplate\":\"https:\/\/www.aedashomes.com\/blog\/?s={search_term_string}\"},\"query-input\":{\"@type\":\"PropertyValueSpecification\",\"valueRequired\":true,\"valueName\":\"search_term_string\"}}],\"inLanguage\":\"es\"},{\"@type\":\"Person\",\"@id\":\"https:\/\/www.aedashomes.com\/blog\/#\/schema\/person\/3943511ba2e912cf5f6ba43a52940713\",\"name\":\"-\",\"image\":{\"@type\":\"ImageObject\",\"inLanguage\":\"es\",\"@id\":\"https:\/\/www.aedashomes.com\/blog\/#\/schema\/person\/image\/\",\"url\":\"https:\/\/secure.gravatar.com\/avatar\/9a98fc972c3ec2b91fdfd2a81c93ee3fc7c04aeefac4d931b43205ed61d9e009?s=96&d=mm&r=g\",\"contentUrl\":\"https:\/\/secure.gravatar.com\/avatar\/9a98fc972c3ec2b91fdfd2a81c93ee3fc7c04aeefac4d931b43205ed61d9e009?s=96&d=mm&r=g\",\"caption\":\"-\"},\"url\":\"https:\/\/www.aedashomes.com\/blog\/author\/idento\/\"}]}<\/script>\n<!-- \/ Yoast SEO plugin. -->","yoast_head_json":{"title":"AEDAS Homes: \"La sostenibilidad ha venido para quedarse\"","description":"La sostenibilidad es uno de los puntos clave que desde la promotora AEDAS Homes impulsan y fomentan a trav\u00e9s de sus proyectos.","robots":{"index":"noindex","follow":"follow"},"og_locale":"es_ES","og_type":"article","og_title":"AEDAS Homes: \"La sostenibilidad ha venido para quedarse\"","og_description":"La sostenibilidad es uno de los puntos clave que desde la promotora AEDAS Homes impulsan y fomentan a trav\u00e9s de sus proyectos.","og_url":"https:\/\/www.aedashomes.com\/blog\/david-martinez-ceo-de-aedas-homes-la-sostenibilidad-ha-venido-para-quedarse\/","og_site_name":"AEDAS Homes Blog","article_publisher":"https:\/\/www.facebook.com\/aedashomes\/","article_published_time":"2021-04-29T08:49:31+00:00","article_modified_time":"2025-02-19T10:01:03+00:00","og_image":[{"width":909,"height":605,"url":"https:\/\/www.aedashomes.com\/blog\/wp-content\/uploads\/2020\/12\/avenida-verde-ciudad-sostenible.jpg","type":"image\/jpeg"}],"author":"-","twitter_card":"summary_large_image","twitter_misc":{"Escrito por":"-"},"schema":{"@context":"https:\/\/schema.org","@graph":[{"@type":"Article","@id":"https:\/\/www.aedashomes.com\/blog\/david-martinez-ceo-de-aedas-homes-la-sostenibilidad-ha-venido-para-quedarse\/#article","isPartOf":{"@id":"https:\/\/www.aedashomes.com\/blog\/david-martinez-ceo-de-aedas-homes-la-sostenibilidad-ha-venido-para-quedarse\/"},"author":{"name":"-","@id":"https:\/\/www.aedashomes.com\/blog\/#\/schema\/person\/3943511ba2e912cf5f6ba43a52940713"},"headline":"David Mart\u00ednez, CEO de AEDAS Homes: \u201cLa sostenibilidad ha venido para quedarse\u201d","datePublished":"2021-04-29T08:49:31+00:00","dateModified":"2025-02-19T10:01:03+00:00","mainEntityOfPage":{"@id":"https:\/\/www.aedashomes.com\/blog\/david-martinez-ceo-de-aedas-homes-la-sostenibilidad-ha-venido-para-quedarse\/"},"wordCount":666,"image":{"@id":"https:\/\/www.aedashomes.com\/blog\/david-martinez-ceo-de-aedas-homes-la-sostenibilidad-ha-venido-para-quedarse\/#primaryimage"},"thumbnailUrl":"https:\/\/www.aedashomes.com\/blog\/wp-content\/uploads\/2020\/12\/avenida-verde-ciudad-sostenible.jpg","articleSection":["AEDAS News","Sostenibilidad"],"inLanguage":"es"},{"@type":"WebPage","@id":"https:\/\/www.aedashomes.com\/blog\/david-martinez-ceo-de-aedas-homes-la-sostenibilidad-ha-venido-para-quedarse\/","url":"https:\/\/www.aedashomes.com\/blog\/david-martinez-ceo-de-aedas-homes-la-sostenibilidad-ha-venido-para-quedarse\/","name":"AEDAS Homes: \"La sostenibilidad ha venido para quedarse\"","isPartOf":{"@id":"https:\/\/www.aedashomes.com\/blog\/#website"},"primaryImageOfPage":{"@id":"https:\/\/www.aedashomes.com\/blog\/david-martinez-ceo-de-aedas-homes-la-sostenibilidad-ha-venido-para-quedarse\/#primaryimage"},"image":{"@id":"https:\/\/www.aedashomes.com\/blog\/david-martinez-ceo-de-aedas-homes-la-sostenibilidad-ha-venido-para-quedarse\/#primaryimage"},"thumbnailUrl":"https:\/\/www.aedashomes.com\/blog\/wp-content\/uploads\/2020\/12\/avenida-verde-ciudad-sostenible.jpg","datePublished":"2021-04-29T08:49:31+00:00","dateModified":"2025-02-19T10:01:03+00:00","author":{"@id":"https:\/\/www.aedashomes.com\/blog\/#\/schema\/person\/3943511ba2e912cf5f6ba43a52940713"},"description":"La sostenibilidad es uno de los puntos clave que desde la promotora AEDAS Homes impulsan y fomentan a trav\u00e9s de sus proyectos.","breadcrumb":{"@id":"https:\/\/www.aedashomes.com\/blog\/david-martinez-ceo-de-aedas-homes-la-sostenibilidad-ha-venido-para-quedarse\/#breadcrumb"},"inLanguage":"es","potentialAction":[{"@type":"ReadAction","target":["https:\/\/www.aedashomes.com\/blog\/david-martinez-ceo-de-aedas-homes-la-sostenibilidad-ha-venido-para-quedarse\/"]}]},{"@type":"ImageObject","inLanguage":"es","@id":"https:\/\/www.aedashomes.com\/blog\/david-martinez-ceo-de-aedas-homes-la-sostenibilidad-ha-venido-para-quedarse\/#primaryimage","url":"https:\/\/www.aedashomes.com\/blog\/wp-content\/uploads\/2020\/12\/avenida-verde-ciudad-sostenible.jpg","contentUrl":"https:\/\/www.aedashomes.com\/blog\/wp-content\/uploads\/2020\/12\/avenida-verde-ciudad-sostenible.jpg","width":909,"height":605,"caption":"Avenida con espacios verdes en una ciudad sostenible"},{"@type":"BreadcrumbList","@id":"https:\/\/www.aedashomes.com\/blog\/david-martinez-ceo-de-aedas-homes-la-sostenibilidad-ha-venido-para-quedarse\/#breadcrumb","itemListElement":[{"@type":"ListItem","position":1,"name":"Blog","item":"https:\/\/www.aedashomes.com\/blog\/"},{"@type":"ListItem","position":2,"name":"AEDAS News","item":"https:\/\/www.aedashomes.com\/blog\/noticias-inmobiliarias\/"},{"@type":"ListItem","position":3,"name":"David Mart\u00ednez, CEO de AEDAS Homes: \u201cLa sostenibilidad ha venido para quedarse\u201d"}]},{"@type":"WebSite","@id":"https:\/\/www.aedashomes.com\/blog\/#website","url":"https:\/\/www.aedashomes.com\/blog\/","name":"AEDAS Homes Blog","description":"El blog de la promotora inmobiliaria AEDAS Homes","potentialAction":[{"@type":"SearchAction","target":{"@type":"EntryPoint","urlTemplate":"https:\/\/www.aedashomes.com\/blog\/?s={search_term_string}"},"query-input":{"@type":"PropertyValueSpecification","valueRequired":true,"valueName":"search_term_string"}}],"inLanguage":"es"},{"@type":"Person","@id":"https:\/\/www.aedashomes.com\/blog\/#\/schema\/person\/3943511ba2e912cf5f6ba43a52940713","name":"-","image":{"@type":"ImageObject","inLanguage":"es","@id":"https:\/\/www.aedashomes.com\/blog\/#\/schema\/person\/image\/","url":"https:\/\/secure.gravatar.com\/avatar\/9a98fc972c3ec2b91fdfd2a81c93ee3fc7c04aeefac4d931b43205ed61d9e009?s=96&d=mm&r=g","contentUrl":"https:\/\/secure.gravatar.com\/avatar\/9a98fc972c3ec2b91fdfd2a81c93ee3fc7c04aeefac4d931b43205ed61d9e009?s=96&d=mm&r=g","caption":"-"},"url":"https:\/\/www.aedashomes.com\/blog\/author\/idento\/"}]}},"_links":{"self":[{"href":"https:\/\/www.aedashomes.com\/blog\/wp-json\/wp\/v2\/posts\/13585","targetHints":{"allow":["GET"]}}],"collection":[{"href":"https:\/\/www.aedashomes.com\/blog\/wp-json\/wp\/v2\/posts"}],"about":[{"href":"https:\/\/www.aedashomes.com\/blog\/wp-json\/wp\/v2\/types\/post"}],"author":[{"embeddable":true,"href":"https:\/\/www.aedashomes.com\/blog\/wp-json\/wp\/v2\/users\/15"}],"replies":[{"embeddable":true,"href":"https:\/\/www.aedashomes.com\/blog\/wp-json\/wp\/v2\/comments?post=13585"}],"version-history":[{"count":7,"href":"https:\/\/www.aedashomes.com\/blog\/wp-json\/wp\/v2\/posts\/13585\/revisions"}],"predecessor-version":[{"id":18044,"href":"https:\/\/www.aedashomes.com\/blog\/wp-json\/wp\/v2\/posts\/13585\/revisions\/18044"}],"wp:featuredmedia":[{"embeddable":true,"href":"https:\/\/www.aedashomes.com\/blog\/wp-json\/wp\/v2\/media\/12894"}],"wp:attachment":[{"href":"https:\/\/www.aedashomes.com\/blog\/wp-json\/wp\/v2\/media?parent=13585"}],"wp:term":[{"taxonomy":"category","embeddable":true,"href":"https:\/\/www.aedashomes.com\/blog\/wp-json\/wp\/v2\/categories?post=13585"},{"taxonomy":"post_tag","embeddable":true,"href":"https:\/\/www.aedashomes.com\/blog\/wp-json\/wp\/v2\/tags?post=13585"}],"curies":[{"name":"wp","href":"https:\/\/api.w.org\/{rel}","templated":true}]}}