{"id":14075,"date":"2021-07-26T12:55:00","date_gmt":"2021-07-26T11:55:00","guid":{"rendered":"https:\/\/52.31.48.128\/blog\/?p=14075"},"modified":"2025-02-19T11:03:51","modified_gmt":"2025-02-19T10:03:51","slug":"tour-francia-villanueva-pardillo","status":"publish","type":"post","link":"https:\/\/www.aedashomes.com\/blog\/tour-francia-villanueva-pardillo\/","title":{"rendered":"El Tour de Francia visita Villanueva del Pardillo con AEDAS Homes como patrocinador"},"content":{"rendered":"\n<p>El pasado s\u00e1bado 24 de julio tuvo lugar en la localidad madrile\u00f1a de Villanueva del Pardillo la prueba cicloturista <em><strong>L\u2019\u00c9tape Madrid by Tour de France<\/strong><\/em><strong>.<\/strong> En AEDAS Homes nos gusta poder apoyar los deportes que fomentan superaci\u00f3n, por ello apoyamos este evento como uno de los patrocinadores principales.<\/p>\n\n\n\n<p>Esta prueba pretende acercar la historia y la emoci\u00f3n del Tour de Francia a todos aquellos <strong>aficionados al ciclismo <\/strong>mediante dos rutas adaptadas a distintos los niveles en el entorno natural de la comarca del Parque Regional del Curso Medio del del R\u00edo Guadarrama y, m\u00e1s concretamente, de la localidad de Villanueva del Pardillo.<\/p>\n\n\n\n<div class=\"wp-block-image\"><figure class=\"aligncenter\"><img loading=\"lazy\" decoding=\"async\" width=\"860\" height=\"605\" src=\"https:\/\/www.aedashomes.com\/blog\/wp-content\/uploads\/2021\/07\/tour-francia-villanueva-pardillo01.jpg\" alt=\"\" class=\"wp-image-14077\" srcset=\"https:\/\/www.aedashomes.com\/blog\/wp-content\/uploads\/2021\/07\/tour-francia-villanueva-pardillo01.jpg 860w, https:\/\/www.aedashomes.com\/blog\/wp-content\/uploads\/2021\/07\/tour-francia-villanueva-pardillo01-300x211.jpg 300w\" sizes=\"auto, (max-width: 860px) 100vw, 860px\" \/><figcaption>Participantes de la prueba cicloturista <em>L\u2019\u00c9tape Madrid by Tour de France<\/em> <\/figcaption><\/figure><\/div>\n\n\n\n<p>La ciudad madrile\u00f1a se convirti\u00f3, por un fin de semana, en la capital del ciclismo con la celebraci\u00f3n de <em>L\u2019\u00c9tape Madrid by Tour de France<\/em>. El viernes 23 de julio los aficionados pod\u00edan disfrutar del Village de la prueba ubicado en el Polideportivo Infanta Cristina donde los <strong>diferentes patrocinadores, entre ellos AEDAS Homes<\/strong>, proporcionamos stands con m\u00faltiples regalos y sorpresas. <\/p>\n\n\n\n<p>El s\u00e1bado 24 a las 8 horas se daba la salida de la prueba cicloturista que conclu\u00eda a las 13 horas con la entrega de trofeos. Raimundo Gim\u00e9nez, Delegado de la Direcci\u00f3n Territorial Centro, represent\u00f3 a la compa\u00f1\u00eda en el evento.<\/p>\n\n\n\n<p>La pasi\u00f3n y la resiliencia demostrada por los corredores de <em>L\u2019\u00c9tape\nMadrid by Tour de France <\/em>el pasado s\u00e1bado se alinean perfectamente con los\nvalores que <a href=\"https:\/\/www.aedashomes.com\/\">AEDAS Homes<\/a> tiene como\nempresa.<\/p>\n\n\n\n<h2 class=\"wp-block-heading\"><strong>Embajadores de lujo<\/strong><\/h2>\n\n\n\n<div class=\"wp-block-image\"><figure class=\"alignright is-resized\"><img loading=\"lazy\" decoding=\"async\" src=\"https:\/\/www.aedashomes.com\/blog\/wp-content\/uploads\/2021\/07\/tour-francia-villanueva-pardillo02.jpg\" alt=\"tour-francia-villanueva-pardillo02\" class=\"wp-image-14078\" width=\"399\" height=\"228\" srcset=\"https:\/\/www.aedashomes.com\/blog\/wp-content\/uploads\/2021\/07\/tour-francia-villanueva-pardillo02.jpg 730w, https:\/\/www.aedashomes.com\/blog\/wp-content\/uploads\/2021\/07\/tour-francia-villanueva-pardillo02-300x171.jpg 300w\" sizes=\"auto, (max-width: 399px) 100vw, 399px\" \/><figcaption>Miguel Indurain, a la izquierda, junto a los responsables de las promociones de AEDAS Homes en Villanueva del Pardillo<\/figcaption><\/figure><\/div>\n\n\n\n<p>En Espa\u00f1a, la persona que mejor representa el esp\u00edritu del Tour de Francia es sin duda <strong>Miguel Indurain<\/strong>. El ciclista, ganador de esta prueba durante cinco a\u00f1os consecutivos, fue el padrino de <em>L\u2019\u00c9tape Madrid. <\/em>Tambi\u00e9n estuvieron presentes el s\u00e1bado en la salida <strong>\u00d3scar Pereiro<\/strong>, vencedor del Tour 2006 y perfecto conocedor de la ruta por la que transcurre la prueba, y Sara Mart\u00edn, corredora del Movistar Team femenino.<\/p>\n\n\n\n<p>Otros deportistas aficionados al ciclismo, como el\nexfutbolista del Real Madrid \u00c1lvaro Arbeloa, no quisieron perderse la\noportunidad de participar en la primera edici\u00f3n de la prueba.<\/p>\n\n\n\n<h2 class=\"wp-block-heading\"><strong>Villanueva del Pardillo, un entorno \u00fanico para vivir<\/strong><\/h2>\n\n\n\n<p>Rodeado de naturaleza y con unas comunicaciones excelentes, <strong>Villanueva del Pardillo se presenta como uno de los municipios madrile\u00f1os m\u00e1s atractivos para vivir<\/strong>. La ciudad aspira a ser referente de sostenibilidad al convertirse en \u2018ciudad de 15 minutos\u2019 \u2013 ya que permite acceder a cualquier punto de la misma en este tiempo- y fomentar al transporte sostenible como la bicicleta. <\/p>\n\n\n\n<div class=\"wp-block-image\"><figure class=\"aligncenter\"><img loading=\"lazy\" decoding=\"async\" width=\"1024\" height=\"573\" src=\"https:\/\/www.aedashomes.com\/blog\/wp-content\/uploads\/2020\/11\/sanabria-rincon-lectura00-1024x573.jpg\" alt=\"sanabria rincon lectura00\" class=\"wp-image-12773\" srcset=\"https:\/\/www.aedashomes.com\/blog\/wp-content\/uploads\/2020\/11\/sanabria-rincon-lectura00-1024x573.jpg 1024w, https:\/\/www.aedashomes.com\/blog\/wp-content\/uploads\/2020\/11\/sanabria-rincon-lectura00-300x168.jpg 300w, https:\/\/www.aedashomes.com\/blog\/wp-content\/uploads\/2020\/11\/sanabria-rincon-lectura00-600x337.jpg 600w, https:\/\/www.aedashomes.com\/blog\/wp-content\/uploads\/2020\/11\/sanabria-rincon-lectura00.jpg 1082w\" sizes=\"auto, (max-width: 1024px) 100vw, 1024px\" \/><figcaption>Recreaci\u00f3n del amplio sal\u00f3n de la promoci\u00f3n Sanabria I, en Villanueva del Pardillo<\/figcaption><\/figure><\/div>\n\n\n\n<p>En AEDAS Homes contamos con <strong>3 promociones de obra nueva<\/strong> dentro del municipio. <\/p>\n\n\n\n<ul class=\"wp-block-list\"><li><a href=\"https:\/\/www.aedashomes.com\/pisos-obra-nueva-arana-villanueva-del-pardillo\">Arana<\/a>,\nurbanizaci\u00f3n de 107 viviendas con amplias zonas comunes que cuentan con pista\nde p\u00e1del, piscina, zona infantil, entre otros.<\/li><li><a href=\"https:\/\/www.aedashomes.com\/chalets-obra-nueva-sanabria-villanueva-del-pardillo\">Sanabria<\/a>,\nexclusiva promoci\u00f3n residencial compuesta por 28 viviendas unifamiliares donde\nla arquitectura est\u00e1 en perfecta armon\u00eda con la funcionalidad.<\/li><li><a href=\"https:\/\/www.aedashomes.com\/chalets-obra-nueva-sanabria-2-villanueva-del-pardillo\">Sanabria\nII<\/a> compuesta por 21 viviendas pareadas con jard\u00edn y piscina privada. La\npromoci\u00f3n cuenta, adem\u00e1s, con zona de juegos infantil.<\/li><\/ul>\n","protected":false},"excerpt":{"rendered":"<p>El pasado s\u00e1bado 24 de julio tuvo lugar en la localidad madrile\u00f1a de Villanueva del Pardillo la prueba cicloturista L\u2019\u00c9tape Madrid by Tour de France. En AEDAS Homes nos gusta poder apoyar los deportes que fomentan superaci\u00f3n, por ello apoyamos este evento como uno de los patrocinadores principales. Esta prueba pretende acercar la historia y&#8230;<\/p>\n","protected":false},"author":15,"featured_media":14076,"comment_status":"closed","ping_status":"closed","sticky":false,"template":"","format":"standard","meta":{"_acf_changed":false,"footnotes":""},"categories":[209],"tags":[],"class_list":["post-14075","post","type-post","status-publish","format-standard","has-post-thumbnail","hentry","category-noticias-inmobiliarias"],"acf":[],"yoast_head":"<!-- This site is optimized with the Yoast SEO plugin v27.0 - https:\/\/yoast.com\/product\/yoast-seo-wordpress\/ -->\n<title>El Tour de Francia visita Villanueva del Pardillo con AEDAS Homes como patrocinador - AEDAS Homes Blog<\/title>\n<meta name=\"description\" content=\"AEDAS Homes ha patrocinado esta prueba en l\u00ednea con los valores de la compa\u00f1\u00eda. Echa un vistazo a nuestras promociones en Villanueva del Pardillo.\" \/>\n<meta name=\"robots\" content=\"noindex, nofollow\" \/>\n<meta property=\"og:locale\" content=\"es_ES\" \/>\n<meta property=\"og:type\" content=\"article\" \/>\n<meta property=\"og:title\" content=\"El Tour de Francia visita Villanueva del Pardillo con AEDAS Homes como patrocinador - AEDAS Homes Blog\" \/>\n<meta property=\"og:description\" content=\"AEDAS Homes ha patrocinado esta prueba en l\u00ednea con los valores de la compa\u00f1\u00eda. Echa un vistazo a nuestras promociones en Villanueva del Pardillo.\" \/>\n<meta property=\"og:url\" content=\"https:\/\/www.aedashomes.com\/blog\/tour-francia-villanueva-pardillo\/\" \/>\n<meta property=\"og:site_name\" content=\"AEDAS Homes Blog\" \/>\n<meta property=\"article:publisher\" content=\"https:\/\/www.facebook.com\/aedashomes\/\" \/>\n<meta property=\"article:published_time\" content=\"2021-07-26T11:55:00+00:00\" \/>\n<meta property=\"article:modified_time\" content=\"2025-02-19T10:03:51+00:00\" \/>\n<meta property=\"og:image\" content=\"https:\/\/www.aedashomes.com\/blog\/wp-content\/uploads\/2021\/07\/tour-francia-villanueva-pardillo00.jpg\" \/>\n\t<meta property=\"og:image:width\" content=\"1095\" \/>\n\t<meta property=\"og:image:height\" content=\"526\" \/>\n\t<meta property=\"og:image:type\" content=\"image\/jpeg\" \/>\n<meta name=\"author\" content=\"-\" \/>\n<meta name=\"twitter:card\" content=\"summary_large_image\" \/>\n<meta name=\"twitter:label1\" content=\"Escrito por\" \/>\n\t<meta name=\"twitter:data1\" content=\"-\" \/>\n<script type=\"application\/ld+json\" class=\"yoast-schema-graph\">{\"@context\":\"https:\/\/schema.org\",\"@graph\":[{\"@type\":\"Article\",\"@id\":\"https:\/\/www.aedashomes.com\/blog\/tour-francia-villanueva-pardillo\/#article\",\"isPartOf\":{\"@id\":\"https:\/\/www.aedashomes.com\/blog\/tour-francia-villanueva-pardillo\/\"},\"author\":{\"name\":\"-\",\"@id\":\"https:\/\/www.aedashomes.com\/blog\/#\/schema\/person\/3943511ba2e912cf5f6ba43a52940713\"},\"headline\":\"El Tour de Francia visita Villanueva del Pardillo con AEDAS Homes como patrocinador\",\"datePublished\":\"2021-07-26T11:55:00+00:00\",\"dateModified\":\"2025-02-19T10:03:51+00:00\",\"mainEntityOfPage\":{\"@id\":\"https:\/\/www.aedashomes.com\/blog\/tour-francia-villanueva-pardillo\/\"},\"wordCount\":558,\"image\":{\"@id\":\"https:\/\/www.aedashomes.com\/blog\/tour-francia-villanueva-pardillo\/#primaryimage\"},\"thumbnailUrl\":\"https:\/\/www.aedashomes.com\/blog\/wp-content\/uploads\/2021\/07\/tour-francia-villanueva-pardillo00.jpg\",\"articleSection\":[\"AEDAS News\"],\"inLanguage\":\"es\"},{\"@type\":\"WebPage\",\"@id\":\"https:\/\/www.aedashomes.com\/blog\/tour-francia-villanueva-pardillo\/\",\"url\":\"https:\/\/www.aedashomes.com\/blog\/tour-francia-villanueva-pardillo\/\",\"name\":\"El Tour de Francia visita Villanueva del Pardillo con AEDAS Homes como patrocinador - AEDAS Homes Blog\",\"isPartOf\":{\"@id\":\"https:\/\/www.aedashomes.com\/blog\/#website\"},\"primaryImageOfPage\":{\"@id\":\"https:\/\/www.aedashomes.com\/blog\/tour-francia-villanueva-pardillo\/#primaryimage\"},\"image\":{\"@id\":\"https:\/\/www.aedashomes.com\/blog\/tour-francia-villanueva-pardillo\/#primaryimage\"},\"thumbnailUrl\":\"https:\/\/www.aedashomes.com\/blog\/wp-content\/uploads\/2021\/07\/tour-francia-villanueva-pardillo00.jpg\",\"datePublished\":\"2021-07-26T11:55:00+00:00\",\"dateModified\":\"2025-02-19T10:03:51+00:00\",\"author\":{\"@id\":\"https:\/\/www.aedashomes.com\/blog\/#\/schema\/person\/3943511ba2e912cf5f6ba43a52940713\"},\"description\":\"AEDAS Homes ha patrocinado esta prueba en l\u00ednea con los valores de la compa\u00f1\u00eda. Echa un vistazo a nuestras promociones en Villanueva del Pardillo.\",\"breadcrumb\":{\"@id\":\"https:\/\/www.aedashomes.com\/blog\/tour-francia-villanueva-pardillo\/#breadcrumb\"},\"inLanguage\":\"es\",\"potentialAction\":[{\"@type\":\"ReadAction\",\"target\":[\"https:\/\/www.aedashomes.com\/blog\/tour-francia-villanueva-pardillo\/\"]}]},{\"@type\":\"ImageObject\",\"inLanguage\":\"es\",\"@id\":\"https:\/\/www.aedashomes.com\/blog\/tour-francia-villanueva-pardillo\/#primaryimage\",\"url\":\"https:\/\/www.aedashomes.com\/blog\/wp-content\/uploads\/2021\/07\/tour-francia-villanueva-pardillo00.jpg\",\"contentUrl\":\"https:\/\/www.aedashomes.com\/blog\/wp-content\/uploads\/2021\/07\/tour-francia-villanueva-pardillo00.jpg\",\"width\":1095,\"height\":526,\"caption\":\"tour-francia-villanueva-pardillo00\"},{\"@type\":\"BreadcrumbList\",\"@id\":\"https:\/\/www.aedashomes.com\/blog\/tour-francia-villanueva-pardillo\/#breadcrumb\",\"itemListElement\":[{\"@type\":\"ListItem\",\"position\":1,\"name\":\"Blog\",\"item\":\"https:\/\/www.aedashomes.com\/blog\/\"},{\"@type\":\"ListItem\",\"position\":2,\"name\":\"AEDAS News\",\"item\":\"https:\/\/www.aedashomes.com\/blog\/noticias-inmobiliarias\/\"},{\"@type\":\"ListItem\",\"position\":3,\"name\":\"El Tour de Francia visita Villanueva del Pardillo con AEDAS Homes como patrocinador\"}]},{\"@type\":\"WebSite\",\"@id\":\"https:\/\/www.aedashomes.com\/blog\/#website\",\"url\":\"https:\/\/www.aedashomes.com\/blog\/\",\"name\":\"AEDAS Homes Blog\",\"description\":\"El blog de la promotora inmobiliaria AEDAS Homes\",\"potentialAction\":[{\"@type\":\"SearchAction\",\"target\":{\"@type\":\"EntryPoint\",\"urlTemplate\":\"https:\/\/www.aedashomes.com\/blog\/?s={search_term_string}\"},\"query-input\":{\"@type\":\"PropertyValueSpecification\",\"valueRequired\":true,\"valueName\":\"search_term_string\"}}],\"inLanguage\":\"es\"},{\"@type\":\"Person\",\"@id\":\"https:\/\/www.aedashomes.com\/blog\/#\/schema\/person\/3943511ba2e912cf5f6ba43a52940713\",\"name\":\"-\",\"image\":{\"@type\":\"ImageObject\",\"inLanguage\":\"es\",\"@id\":\"https:\/\/www.aedashomes.com\/blog\/#\/schema\/person\/image\/\",\"url\":\"https:\/\/secure.gravatar.com\/avatar\/9a98fc972c3ec2b91fdfd2a81c93ee3fc7c04aeefac4d931b43205ed61d9e009?s=96&d=mm&r=g\",\"contentUrl\":\"https:\/\/secure.gravatar.com\/avatar\/9a98fc972c3ec2b91fdfd2a81c93ee3fc7c04aeefac4d931b43205ed61d9e009?s=96&d=mm&r=g\",\"caption\":\"-\"},\"url\":\"https:\/\/www.aedashomes.com\/blog\/author\/idento\/\"}]}<\/script>\n<!-- \/ Yoast SEO plugin. -->","yoast_head_json":{"title":"El Tour de Francia visita Villanueva del Pardillo con AEDAS Homes como patrocinador - AEDAS Homes Blog","description":"AEDAS Homes ha patrocinado esta prueba en l\u00ednea con los valores de la compa\u00f1\u00eda. Echa un vistazo a nuestras promociones en Villanueva del Pardillo.","robots":{"index":"noindex","follow":"nofollow"},"og_locale":"es_ES","og_type":"article","og_title":"El Tour de Francia visita Villanueva del Pardillo con AEDAS Homes como patrocinador - AEDAS Homes Blog","og_description":"AEDAS Homes ha patrocinado esta prueba en l\u00ednea con los valores de la compa\u00f1\u00eda. Echa un vistazo a nuestras promociones en Villanueva del Pardillo.","og_url":"https:\/\/www.aedashomes.com\/blog\/tour-francia-villanueva-pardillo\/","og_site_name":"AEDAS Homes Blog","article_publisher":"https:\/\/www.facebook.com\/aedashomes\/","article_published_time":"2021-07-26T11:55:00+00:00","article_modified_time":"2025-02-19T10:03:51+00:00","og_image":[{"width":1095,"height":526,"url":"https:\/\/www.aedashomes.com\/blog\/wp-content\/uploads\/2021\/07\/tour-francia-villanueva-pardillo00.jpg","type":"image\/jpeg"}],"author":"-","twitter_card":"summary_large_image","twitter_misc":{"Escrito por":"-"},"schema":{"@context":"https:\/\/schema.org","@graph":[{"@type":"Article","@id":"https:\/\/www.aedashomes.com\/blog\/tour-francia-villanueva-pardillo\/#article","isPartOf":{"@id":"https:\/\/www.aedashomes.com\/blog\/tour-francia-villanueva-pardillo\/"},"author":{"name":"-","@id":"https:\/\/www.aedashomes.com\/blog\/#\/schema\/person\/3943511ba2e912cf5f6ba43a52940713"},"headline":"El Tour de Francia visita Villanueva del Pardillo con AEDAS Homes como patrocinador","datePublished":"2021-07-26T11:55:00+00:00","dateModified":"2025-02-19T10:03:51+00:00","mainEntityOfPage":{"@id":"https:\/\/www.aedashomes.com\/blog\/tour-francia-villanueva-pardillo\/"},"wordCount":558,"image":{"@id":"https:\/\/www.aedashomes.com\/blog\/tour-francia-villanueva-pardillo\/#primaryimage"},"thumbnailUrl":"https:\/\/www.aedashomes.com\/blog\/wp-content\/uploads\/2021\/07\/tour-francia-villanueva-pardillo00.jpg","articleSection":["AEDAS News"],"inLanguage":"es"},{"@type":"WebPage","@id":"https:\/\/www.aedashomes.com\/blog\/tour-francia-villanueva-pardillo\/","url":"https:\/\/www.aedashomes.com\/blog\/tour-francia-villanueva-pardillo\/","name":"El Tour de Francia visita Villanueva del Pardillo con AEDAS Homes como patrocinador - AEDAS Homes Blog","isPartOf":{"@id":"https:\/\/www.aedashomes.com\/blog\/#website"},"primaryImageOfPage":{"@id":"https:\/\/www.aedashomes.com\/blog\/tour-francia-villanueva-pardillo\/#primaryimage"},"image":{"@id":"https:\/\/www.aedashomes.com\/blog\/tour-francia-villanueva-pardillo\/#primaryimage"},"thumbnailUrl":"https:\/\/www.aedashomes.com\/blog\/wp-content\/uploads\/2021\/07\/tour-francia-villanueva-pardillo00.jpg","datePublished":"2021-07-26T11:55:00+00:00","dateModified":"2025-02-19T10:03:51+00:00","author":{"@id":"https:\/\/www.aedashomes.com\/blog\/#\/schema\/person\/3943511ba2e912cf5f6ba43a52940713"},"description":"AEDAS Homes ha patrocinado esta prueba en l\u00ednea con los valores de la compa\u00f1\u00eda. Echa un vistazo a nuestras promociones en Villanueva del Pardillo.","breadcrumb":{"@id":"https:\/\/www.aedashomes.com\/blog\/tour-francia-villanueva-pardillo\/#breadcrumb"},"inLanguage":"es","potentialAction":[{"@type":"ReadAction","target":["https:\/\/www.aedashomes.com\/blog\/tour-francia-villanueva-pardillo\/"]}]},{"@type":"ImageObject","inLanguage":"es","@id":"https:\/\/www.aedashomes.com\/blog\/tour-francia-villanueva-pardillo\/#primaryimage","url":"https:\/\/www.aedashomes.com\/blog\/wp-content\/uploads\/2021\/07\/tour-francia-villanueva-pardillo00.jpg","contentUrl":"https:\/\/www.aedashomes.com\/blog\/wp-content\/uploads\/2021\/07\/tour-francia-villanueva-pardillo00.jpg","width":1095,"height":526,"caption":"tour-francia-villanueva-pardillo00"},{"@type":"BreadcrumbList","@id":"https:\/\/www.aedashomes.com\/blog\/tour-francia-villanueva-pardillo\/#breadcrumb","itemListElement":[{"@type":"ListItem","position":1,"name":"Blog","item":"https:\/\/www.aedashomes.com\/blog\/"},{"@type":"ListItem","position":2,"name":"AEDAS News","item":"https:\/\/www.aedashomes.com\/blog\/noticias-inmobiliarias\/"},{"@type":"ListItem","position":3,"name":"El Tour de Francia visita Villanueva del Pardillo con AEDAS Homes como patrocinador"}]},{"@type":"WebSite","@id":"https:\/\/www.aedashomes.com\/blog\/#website","url":"https:\/\/www.aedashomes.com\/blog\/","name":"AEDAS Homes Blog","description":"El blog de la promotora inmobiliaria AEDAS Homes","potentialAction":[{"@type":"SearchAction","target":{"@type":"EntryPoint","urlTemplate":"https:\/\/www.aedashomes.com\/blog\/?s={search_term_string}"},"query-input":{"@type":"PropertyValueSpecification","valueRequired":true,"valueName":"search_term_string"}}],"inLanguage":"es"},{"@type":"Person","@id":"https:\/\/www.aedashomes.com\/blog\/#\/schema\/person\/3943511ba2e912cf5f6ba43a52940713","name":"-","image":{"@type":"ImageObject","inLanguage":"es","@id":"https:\/\/www.aedashomes.com\/blog\/#\/schema\/person\/image\/","url":"https:\/\/secure.gravatar.com\/avatar\/9a98fc972c3ec2b91fdfd2a81c93ee3fc7c04aeefac4d931b43205ed61d9e009?s=96&d=mm&r=g","contentUrl":"https:\/\/secure.gravatar.com\/avatar\/9a98fc972c3ec2b91fdfd2a81c93ee3fc7c04aeefac4d931b43205ed61d9e009?s=96&d=mm&r=g","caption":"-"},"url":"https:\/\/www.aedashomes.com\/blog\/author\/idento\/"}]}},"_links":{"self":[{"href":"https:\/\/www.aedashomes.com\/blog\/wp-json\/wp\/v2\/posts\/14075","targetHints":{"allow":["GET"]}}],"collection":[{"href":"https:\/\/www.aedashomes.com\/blog\/wp-json\/wp\/v2\/posts"}],"about":[{"href":"https:\/\/www.aedashomes.com\/blog\/wp-json\/wp\/v2\/types\/post"}],"author":[{"embeddable":true,"href":"https:\/\/www.aedashomes.com\/blog\/wp-json\/wp\/v2\/users\/15"}],"replies":[{"embeddable":true,"href":"https:\/\/www.aedashomes.com\/blog\/wp-json\/wp\/v2\/comments?post=14075"}],"version-history":[{"count":7,"href":"https:\/\/www.aedashomes.com\/blog\/wp-json\/wp\/v2\/posts\/14075\/revisions"}],"predecessor-version":[{"id":18098,"href":"https:\/\/www.aedashomes.com\/blog\/wp-json\/wp\/v2\/posts\/14075\/revisions\/18098"}],"wp:featuredmedia":[{"embeddable":true,"href":"https:\/\/www.aedashomes.com\/blog\/wp-json\/wp\/v2\/media\/14076"}],"wp:attachment":[{"href":"https:\/\/www.aedashomes.com\/blog\/wp-json\/wp\/v2\/media?parent=14075"}],"wp:term":[{"taxonomy":"category","embeddable":true,"href":"https:\/\/www.aedashomes.com\/blog\/wp-json\/wp\/v2\/categories?post=14075"},{"taxonomy":"post_tag","embeddable":true,"href":"https:\/\/www.aedashomes.com\/blog\/wp-json\/wp\/v2\/tags?post=14075"}],"curies":[{"name":"wp","href":"https:\/\/api.w.org\/{rel}","templated":true}]}}