{"id":14888,"date":"2022-01-27T17:43:47","date_gmt":"2022-01-27T16:43:47","guid":{"rendered":"https:\/\/52.31.48.128\/blog\/?p=14888"},"modified":"2025-02-19T11:11:10","modified_gmt":"2025-02-19T10:11:10","slug":"cantidad-viviendas-espana","status":"publish","type":"post","link":"https:\/\/www.aedashomes.com\/blog\/cantidad-viviendas-espana\/","title":{"rendered":"\u201cLa colaboraci\u00f3n p\u00fablico-privada es clave para dotar de m\u00e1s vivienda a Espa\u00f1a\u201d"},"content":{"rendered":"\n<p><strong>\u201cEs necesario proporcionar m\u00e1s\nvivienda al mercado<\/strong>\u201d. David Mart\u00ednez, CEO de AEDAS Homes, inici\u00f3 con esta\nfrase su intervenci\u00f3n en la mesa \u2018La sostenibilidad social de la vivienda\u2019\ncelebrada en el marco del 8 IESE Real Estate, cita anual de referencia en el\nsector inmobiliario. <\/p>\n\n\n\n<p>Al igual que el resto de ponentes\nen la mesa (Eduard Mendiluce, CEO de Anticipa y Aliseda; Javier Bur\u00f3n, Gerente\ny de Vivienda del Ayuntamiento de Barcelona; y Letizia Ponz, Head Real Estate\nSpain, de Union Investment), el <strong>directivo de AEDAS Homes incidi\u00f3 en la\nimportancia de la colaboraci\u00f3n p\u00fablico-privada para poder dotar de m\u00e1s vivienda\na Espa\u00f1a<\/strong>. <\/p>\n\n\n\n<p>\u201cEs imprescindible que todos los actores\ninmobiliarios, tanto privados como p\u00fablicos, realicemos un debate serio y\nriguroso para <strong>impulsar un marco jur\u00eddico estable y duradero<\/strong> que permita\nacometer inversiones de manera segura\u201d, asever\u00f3. <\/p>\n\n\n\n<div class=\"wp-block-image\"><figure class=\"alignleft is-resized\"><img loading=\"lazy\" decoding=\"async\" src=\"https:\/\/www.aedashomes.com\/blog\/wp-content\/uploads\/2022\/01\/david-martinez-ceo-de-aedas-homes-en-el-8-iese-real-estate.jpg\" alt=\"\" class=\"wp-image-14889\" width=\"366\" height=\"239\" srcset=\"https:\/\/www.aedashomes.com\/blog\/wp-content\/uploads\/2022\/01\/david-martinez-ceo-de-aedas-homes-en-el-8-iese-real-estate.jpg 923w, https:\/\/www.aedashomes.com\/blog\/wp-content\/uploads\/2022\/01\/david-martinez-ceo-de-aedas-homes-en-el-8-iese-real-estate-300x197.jpg 300w\" sizes=\"auto, (max-width: 366px) 100vw, 366px\" \/><figcaption>David Mart\u00ednez, CEO de AEDAS, Homes en el 8 IESE Real Estate<\/figcaption><\/figure><\/div>\n\n\n\n<p>M\u00e1s all\u00e1 de la colaboraci\u00f3n\np\u00fablico-privada, David Mart\u00ednez dio una doble (posible) soluci\u00f3n al problema de\nla escasez de vivienda: 1) <strong>\u201cHay que fabricar suelo\u201d,<\/strong> y lament\u00f3 que \u201cfabricar\nsuelo nuevo es pr\u00e1cticamente un proceso heroico, muy lento\u201d.2) <strong>\u201cHay\nque reutilizar el suelo ya existente\u201d<\/strong>, por ejemplo, dotando de un uso\nresidencial a desarrollos concebidos con una edificabilidad distinta y que el\nmercado no ha absorbido; o impulsando suelos <em>ociosos<\/em> de las\nadministraciones, como ha hecho la Comunidad de Madrid con el Plan VIVE. <\/p>\n\n\n\n<p class=\"has-text-color has-very-dark-gray-color\"><a>En este\nsentido, el CEO de AEDAS Homes tambi\u00e9n record\u00f3 que las partidas de los <strong>Fondos\nNext Generation<\/strong> ser\u00e1n una grand\u00edsima <strong>oportunidad para reconvertir suelo\nurbano degradado<\/strong>. <\/a><\/p>\n\n\n\n<h2 class=\"wp-block-heading\"><strong>Objetivo: ser un sector\nestable<\/strong><\/h2>\n\n\n\n<p>Mirando hacia el futuro, David\nMart\u00ednez advirti\u00f3 de que <strong>\u201cal sector inmobiliario le queda a\u00fan mucho\nrecorrido por delante para conseguir ser estable\u201d<\/strong>. \u201cUn paso crucial, y en\nel que ya estamos trabajando, pasa por transformar nuestra actividad en un\nnegocio a una verdadera industria que traiga consigo la reducci\u00f3n de los plazos\nen todo lo que rodea a la actividad promotora\u201d, subray\u00f3<\/p>\n\n\n\n<p><strong> Y aport\u00f3 cifras: \u201cActualmente, el ciclo para levantar una vivienda es, como m\u00ednimo, 4 a\u00f1os <\/strong>desde la b\u00fasqueda de suelo hasta la obtenci\u00f3n de la licencia de primera ocupaci\u00f3n<strong>. Hay que reducir estos tiempos\u201d, sentenci\u00f3<\/strong>. Y a\u00f1adi\u00f3: \u201cPero, sobre todo, hay que modernizar el proceso constructivo porque seguimos construyendo como en la \u00e9poca de los romanos, con mano de obra artesanal\u201d. <\/p>\n\n\n\n<p> \u201cSi esos 48 meses se reducen a 36, <strong>el sector ser\u00e1 capaz de atraer inversi\u00f3n y evitar especulaciones<\/strong>\u201d, concluy\u00f3 su intervenci\u00f3n David Mart\u00ednez en el encuentro anual inmobiliario del IESE. <\/p>\n","protected":false},"excerpt":{"rendered":"<p>\u201cEs necesario proporcionar m\u00e1s vivienda al mercado\u201d. David Mart\u00ednez, CEO de AEDAS Homes, inici\u00f3 con esta frase su intervenci\u00f3n en la mesa \u2018La sostenibilidad social de la vivienda\u2019 celebrada en el marco del 8 IESE Real Estate, cita anual de referencia en el sector inmobiliario. Al igual que el resto de ponentes en la mesa&#8230;<\/p>\n","protected":false},"author":15,"featured_media":14892,"comment_status":"closed","ping_status":"closed","sticky":false,"template":"","format":"standard","meta":{"_acf_changed":false,"footnotes":""},"categories":[209],"tags":[],"class_list":["post-14888","post","type-post","status-publish","format-standard","has-post-thumbnail","hentry","category-noticias-inmobiliarias"],"acf":[],"yoast_head":"<!-- This site is optimized with the Yoast SEO plugin v27.0 - https:\/\/yoast.com\/product\/yoast-seo-wordpress\/ -->\n<title>\u201cLa colaboraci\u00f3n p\u00fablico-privada es clave para dotar de m\u00e1s vivienda a Espa\u00f1a\u201d - AEDAS Homes Blog<\/title>\n<meta name=\"description\" content=\"Descubre lo que se cont\u00f3 en la mesa \u2018La sostenibilidad social de la vivienda\u2019 celebrada en el marco del 8 IESE Real Estate, cita anual de referencia en el sector inmobiliario.\" \/>\n<meta name=\"robots\" content=\"index, follow, max-snippet:-1, max-image-preview:large, max-video-preview:-1\" \/>\n<link rel=\"canonical\" href=\"https:\/\/www.aedashomes.com\/blog\/cantidad-viviendas-espana\/\" \/>\n<meta property=\"og:locale\" content=\"es_ES\" \/>\n<meta property=\"og:type\" content=\"article\" \/>\n<meta property=\"og:title\" content=\"\u201cLa colaboraci\u00f3n p\u00fablico-privada es clave para dotar de m\u00e1s vivienda a Espa\u00f1a\u201d - AEDAS Homes Blog\" \/>\n<meta property=\"og:description\" content=\"Descubre lo que se cont\u00f3 en la mesa \u2018La sostenibilidad social de la vivienda\u2019 celebrada en el marco del 8 IESE Real Estate, cita anual de referencia en el sector inmobiliario.\" \/>\n<meta property=\"og:url\" content=\"https:\/\/www.aedashomes.com\/blog\/cantidad-viviendas-espana\/\" \/>\n<meta property=\"og:site_name\" content=\"AEDAS Homes Blog\" \/>\n<meta property=\"article:publisher\" content=\"https:\/\/www.facebook.com\/aedashomes\/\" \/>\n<meta property=\"article:published_time\" content=\"2022-01-27T16:43:47+00:00\" \/>\n<meta property=\"article:modified_time\" content=\"2025-02-19T10:11:10+00:00\" \/>\n<meta property=\"og:image\" content=\"https:\/\/www.aedashomes.com\/blog\/wp-content\/uploads\/2022\/01\/Intervenci\u00f3n-de-David-Mart\u00ednez-CEO-de-AEDAS-Homes-en-el-8-IESE-Real-Estate-b.jpg\" \/>\n\t<meta property=\"og:image:width\" content=\"1249\" \/>\n\t<meta property=\"og:image:height\" content=\"605\" \/>\n\t<meta property=\"og:image:type\" content=\"image\/jpeg\" \/>\n<meta name=\"author\" content=\"-\" \/>\n<meta name=\"twitter:card\" content=\"summary_large_image\" \/>\n<meta name=\"twitter:label1\" content=\"Escrito por\" \/>\n\t<meta name=\"twitter:data1\" content=\"-\" \/>\n<script type=\"application\/ld+json\" class=\"yoast-schema-graph\">{\"@context\":\"https:\/\/schema.org\",\"@graph\":[{\"@type\":\"Article\",\"@id\":\"https:\/\/www.aedashomes.com\/blog\/cantidad-viviendas-espana\/#article\",\"isPartOf\":{\"@id\":\"https:\/\/www.aedashomes.com\/blog\/cantidad-viviendas-espana\/\"},\"author\":{\"name\":\"-\",\"@id\":\"https:\/\/www.aedashomes.com\/blog\/#\/schema\/person\/3943511ba2e912cf5f6ba43a52940713\"},\"headline\":\"\u201cLa colaboraci\u00f3n p\u00fablico-privada es clave para dotar de m\u00e1s vivienda a Espa\u00f1a\u201d\",\"datePublished\":\"2022-01-27T16:43:47+00:00\",\"dateModified\":\"2025-02-19T10:11:10+00:00\",\"mainEntityOfPage\":{\"@id\":\"https:\/\/www.aedashomes.com\/blog\/cantidad-viviendas-espana\/\"},\"wordCount\":460,\"image\":{\"@id\":\"https:\/\/www.aedashomes.com\/blog\/cantidad-viviendas-espana\/#primaryimage\"},\"thumbnailUrl\":\"https:\/\/www.aedashomes.com\/blog\/wp-content\/uploads\/2022\/01\/Intervenci\u00f3n-de-David-Mart\u00ednez-CEO-de-AEDAS-Homes-en-el-8-IESE-Real-Estate-b.jpg\",\"articleSection\":[\"AEDAS News\"],\"inLanguage\":\"es\"},{\"@type\":\"WebPage\",\"@id\":\"https:\/\/www.aedashomes.com\/blog\/cantidad-viviendas-espana\/\",\"url\":\"https:\/\/www.aedashomes.com\/blog\/cantidad-viviendas-espana\/\",\"name\":\"\u201cLa colaboraci\u00f3n p\u00fablico-privada es clave para dotar de m\u00e1s vivienda a Espa\u00f1a\u201d - AEDAS Homes Blog\",\"isPartOf\":{\"@id\":\"https:\/\/www.aedashomes.com\/blog\/#website\"},\"primaryImageOfPage\":{\"@id\":\"https:\/\/www.aedashomes.com\/blog\/cantidad-viviendas-espana\/#primaryimage\"},\"image\":{\"@id\":\"https:\/\/www.aedashomes.com\/blog\/cantidad-viviendas-espana\/#primaryimage\"},\"thumbnailUrl\":\"https:\/\/www.aedashomes.com\/blog\/wp-content\/uploads\/2022\/01\/Intervenci\u00f3n-de-David-Mart\u00ednez-CEO-de-AEDAS-Homes-en-el-8-IESE-Real-Estate-b.jpg\",\"datePublished\":\"2022-01-27T16:43:47+00:00\",\"dateModified\":\"2025-02-19T10:11:10+00:00\",\"author\":{\"@id\":\"https:\/\/www.aedashomes.com\/blog\/#\/schema\/person\/3943511ba2e912cf5f6ba43a52940713\"},\"description\":\"Descubre lo que se cont\u00f3 en la mesa \u2018La sostenibilidad social de la vivienda\u2019 celebrada en el marco del 8 IESE Real Estate, cita anual de referencia en el sector inmobiliario.\",\"breadcrumb\":{\"@id\":\"https:\/\/www.aedashomes.com\/blog\/cantidad-viviendas-espana\/#breadcrumb\"},\"inLanguage\":\"es\",\"potentialAction\":[{\"@type\":\"ReadAction\",\"target\":[\"https:\/\/www.aedashomes.com\/blog\/cantidad-viviendas-espana\/\"]}]},{\"@type\":\"ImageObject\",\"inLanguage\":\"es\",\"@id\":\"https:\/\/www.aedashomes.com\/blog\/cantidad-viviendas-espana\/#primaryimage\",\"url\":\"https:\/\/www.aedashomes.com\/blog\/wp-content\/uploads\/2022\/01\/Intervenci\u00f3n-de-David-Mart\u00ednez-CEO-de-AEDAS-Homes-en-el-8-IESE-Real-Estate-b.jpg\",\"contentUrl\":\"https:\/\/www.aedashomes.com\/blog\/wp-content\/uploads\/2022\/01\/Intervenci\u00f3n-de-David-Mart\u00ednez-CEO-de-AEDAS-Homes-en-el-8-IESE-Real-Estate-b.jpg\",\"width\":1249,\"height\":605},{\"@type\":\"BreadcrumbList\",\"@id\":\"https:\/\/www.aedashomes.com\/blog\/cantidad-viviendas-espana\/#breadcrumb\",\"itemListElement\":[{\"@type\":\"ListItem\",\"position\":1,\"name\":\"Blog\",\"item\":\"https:\/\/www.aedashomes.com\/blog\/\"},{\"@type\":\"ListItem\",\"position\":2,\"name\":\"AEDAS News\",\"item\":\"https:\/\/www.aedashomes.com\/blog\/noticias-inmobiliarias\/\"},{\"@type\":\"ListItem\",\"position\":3,\"name\":\"\u201cLa colaboraci\u00f3n p\u00fablico-privada es clave para dotar de m\u00e1s vivienda a Espa\u00f1a\u201d\"}]},{\"@type\":\"WebSite\",\"@id\":\"https:\/\/www.aedashomes.com\/blog\/#website\",\"url\":\"https:\/\/www.aedashomes.com\/blog\/\",\"name\":\"AEDAS Homes Blog\",\"description\":\"El blog de la promotora inmobiliaria AEDAS Homes\",\"potentialAction\":[{\"@type\":\"SearchAction\",\"target\":{\"@type\":\"EntryPoint\",\"urlTemplate\":\"https:\/\/www.aedashomes.com\/blog\/?s={search_term_string}\"},\"query-input\":{\"@type\":\"PropertyValueSpecification\",\"valueRequired\":true,\"valueName\":\"search_term_string\"}}],\"inLanguage\":\"es\"},{\"@type\":\"Person\",\"@id\":\"https:\/\/www.aedashomes.com\/blog\/#\/schema\/person\/3943511ba2e912cf5f6ba43a52940713\",\"name\":\"-\",\"image\":{\"@type\":\"ImageObject\",\"inLanguage\":\"es\",\"@id\":\"https:\/\/www.aedashomes.com\/blog\/#\/schema\/person\/image\/\",\"url\":\"https:\/\/secure.gravatar.com\/avatar\/9a98fc972c3ec2b91fdfd2a81c93ee3fc7c04aeefac4d931b43205ed61d9e009?s=96&d=mm&r=g\",\"contentUrl\":\"https:\/\/secure.gravatar.com\/avatar\/9a98fc972c3ec2b91fdfd2a81c93ee3fc7c04aeefac4d931b43205ed61d9e009?s=96&d=mm&r=g\",\"caption\":\"-\"},\"url\":\"https:\/\/www.aedashomes.com\/blog\/author\/idento\/\"}]}<\/script>\n<!-- \/ Yoast SEO plugin. -->","yoast_head_json":{"title":"\u201cLa colaboraci\u00f3n p\u00fablico-privada es clave para dotar de m\u00e1s vivienda a Espa\u00f1a\u201d - AEDAS Homes Blog","description":"Descubre lo que se cont\u00f3 en la mesa \u2018La sostenibilidad social de la vivienda\u2019 celebrada en el marco del 8 IESE Real Estate, cita anual de referencia en el sector inmobiliario.","robots":{"index":"index","follow":"follow","max-snippet":"max-snippet:-1","max-image-preview":"max-image-preview:large","max-video-preview":"max-video-preview:-1"},"canonical":"https:\/\/www.aedashomes.com\/blog\/cantidad-viviendas-espana\/","og_locale":"es_ES","og_type":"article","og_title":"\u201cLa colaboraci\u00f3n p\u00fablico-privada es clave para dotar de m\u00e1s vivienda a Espa\u00f1a\u201d - AEDAS Homes Blog","og_description":"Descubre lo que se cont\u00f3 en la mesa \u2018La sostenibilidad social de la vivienda\u2019 celebrada en el marco del 8 IESE Real Estate, cita anual de referencia en el sector inmobiliario.","og_url":"https:\/\/www.aedashomes.com\/blog\/cantidad-viviendas-espana\/","og_site_name":"AEDAS Homes Blog","article_publisher":"https:\/\/www.facebook.com\/aedashomes\/","article_published_time":"2022-01-27T16:43:47+00:00","article_modified_time":"2025-02-19T10:11:10+00:00","og_image":[{"width":1249,"height":605,"url":"https:\/\/www.aedashomes.com\/blog\/wp-content\/uploads\/2022\/01\/Intervenci\u00f3n-de-David-Mart\u00ednez-CEO-de-AEDAS-Homes-en-el-8-IESE-Real-Estate-b.jpg","type":"image\/jpeg"}],"author":"-","twitter_card":"summary_large_image","twitter_misc":{"Escrito por":"-"},"schema":{"@context":"https:\/\/schema.org","@graph":[{"@type":"Article","@id":"https:\/\/www.aedashomes.com\/blog\/cantidad-viviendas-espana\/#article","isPartOf":{"@id":"https:\/\/www.aedashomes.com\/blog\/cantidad-viviendas-espana\/"},"author":{"name":"-","@id":"https:\/\/www.aedashomes.com\/blog\/#\/schema\/person\/3943511ba2e912cf5f6ba43a52940713"},"headline":"\u201cLa colaboraci\u00f3n p\u00fablico-privada es clave para dotar de m\u00e1s vivienda a Espa\u00f1a\u201d","datePublished":"2022-01-27T16:43:47+00:00","dateModified":"2025-02-19T10:11:10+00:00","mainEntityOfPage":{"@id":"https:\/\/www.aedashomes.com\/blog\/cantidad-viviendas-espana\/"},"wordCount":460,"image":{"@id":"https:\/\/www.aedashomes.com\/blog\/cantidad-viviendas-espana\/#primaryimage"},"thumbnailUrl":"https:\/\/www.aedashomes.com\/blog\/wp-content\/uploads\/2022\/01\/Intervenci\u00f3n-de-David-Mart\u00ednez-CEO-de-AEDAS-Homes-en-el-8-IESE-Real-Estate-b.jpg","articleSection":["AEDAS News"],"inLanguage":"es"},{"@type":"WebPage","@id":"https:\/\/www.aedashomes.com\/blog\/cantidad-viviendas-espana\/","url":"https:\/\/www.aedashomes.com\/blog\/cantidad-viviendas-espana\/","name":"\u201cLa colaboraci\u00f3n p\u00fablico-privada es clave para dotar de m\u00e1s vivienda a Espa\u00f1a\u201d - AEDAS Homes Blog","isPartOf":{"@id":"https:\/\/www.aedashomes.com\/blog\/#website"},"primaryImageOfPage":{"@id":"https:\/\/www.aedashomes.com\/blog\/cantidad-viviendas-espana\/#primaryimage"},"image":{"@id":"https:\/\/www.aedashomes.com\/blog\/cantidad-viviendas-espana\/#primaryimage"},"thumbnailUrl":"https:\/\/www.aedashomes.com\/blog\/wp-content\/uploads\/2022\/01\/Intervenci\u00f3n-de-David-Mart\u00ednez-CEO-de-AEDAS-Homes-en-el-8-IESE-Real-Estate-b.jpg","datePublished":"2022-01-27T16:43:47+00:00","dateModified":"2025-02-19T10:11:10+00:00","author":{"@id":"https:\/\/www.aedashomes.com\/blog\/#\/schema\/person\/3943511ba2e912cf5f6ba43a52940713"},"description":"Descubre lo que se cont\u00f3 en la mesa \u2018La sostenibilidad social de la vivienda\u2019 celebrada en el marco del 8 IESE Real Estate, cita anual de referencia en el sector inmobiliario.","breadcrumb":{"@id":"https:\/\/www.aedashomes.com\/blog\/cantidad-viviendas-espana\/#breadcrumb"},"inLanguage":"es","potentialAction":[{"@type":"ReadAction","target":["https:\/\/www.aedashomes.com\/blog\/cantidad-viviendas-espana\/"]}]},{"@type":"ImageObject","inLanguage":"es","@id":"https:\/\/www.aedashomes.com\/blog\/cantidad-viviendas-espana\/#primaryimage","url":"https:\/\/www.aedashomes.com\/blog\/wp-content\/uploads\/2022\/01\/Intervenci\u00f3n-de-David-Mart\u00ednez-CEO-de-AEDAS-Homes-en-el-8-IESE-Real-Estate-b.jpg","contentUrl":"https:\/\/www.aedashomes.com\/blog\/wp-content\/uploads\/2022\/01\/Intervenci\u00f3n-de-David-Mart\u00ednez-CEO-de-AEDAS-Homes-en-el-8-IESE-Real-Estate-b.jpg","width":1249,"height":605},{"@type":"BreadcrumbList","@id":"https:\/\/www.aedashomes.com\/blog\/cantidad-viviendas-espana\/#breadcrumb","itemListElement":[{"@type":"ListItem","position":1,"name":"Blog","item":"https:\/\/www.aedashomes.com\/blog\/"},{"@type":"ListItem","position":2,"name":"AEDAS News","item":"https:\/\/www.aedashomes.com\/blog\/noticias-inmobiliarias\/"},{"@type":"ListItem","position":3,"name":"\u201cLa colaboraci\u00f3n p\u00fablico-privada es clave para dotar de m\u00e1s vivienda a Espa\u00f1a\u201d"}]},{"@type":"WebSite","@id":"https:\/\/www.aedashomes.com\/blog\/#website","url":"https:\/\/www.aedashomes.com\/blog\/","name":"AEDAS Homes Blog","description":"El blog de la promotora inmobiliaria AEDAS Homes","potentialAction":[{"@type":"SearchAction","target":{"@type":"EntryPoint","urlTemplate":"https:\/\/www.aedashomes.com\/blog\/?s={search_term_string}"},"query-input":{"@type":"PropertyValueSpecification","valueRequired":true,"valueName":"search_term_string"}}],"inLanguage":"es"},{"@type":"Person","@id":"https:\/\/www.aedashomes.com\/blog\/#\/schema\/person\/3943511ba2e912cf5f6ba43a52940713","name":"-","image":{"@type":"ImageObject","inLanguage":"es","@id":"https:\/\/www.aedashomes.com\/blog\/#\/schema\/person\/image\/","url":"https:\/\/secure.gravatar.com\/avatar\/9a98fc972c3ec2b91fdfd2a81c93ee3fc7c04aeefac4d931b43205ed61d9e009?s=96&d=mm&r=g","contentUrl":"https:\/\/secure.gravatar.com\/avatar\/9a98fc972c3ec2b91fdfd2a81c93ee3fc7c04aeefac4d931b43205ed61d9e009?s=96&d=mm&r=g","caption":"-"},"url":"https:\/\/www.aedashomes.com\/blog\/author\/idento\/"}]}},"_links":{"self":[{"href":"https:\/\/www.aedashomes.com\/blog\/wp-json\/wp\/v2\/posts\/14888","targetHints":{"allow":["GET"]}}],"collection":[{"href":"https:\/\/www.aedashomes.com\/blog\/wp-json\/wp\/v2\/posts"}],"about":[{"href":"https:\/\/www.aedashomes.com\/blog\/wp-json\/wp\/v2\/types\/post"}],"author":[{"embeddable":true,"href":"https:\/\/www.aedashomes.com\/blog\/wp-json\/wp\/v2\/users\/15"}],"replies":[{"embeddable":true,"href":"https:\/\/www.aedashomes.com\/blog\/wp-json\/wp\/v2\/comments?post=14888"}],"version-history":[{"count":3,"href":"https:\/\/www.aedashomes.com\/blog\/wp-json\/wp\/v2\/posts\/14888\/revisions"}],"predecessor-version":[{"id":18172,"href":"https:\/\/www.aedashomes.com\/blog\/wp-json\/wp\/v2\/posts\/14888\/revisions\/18172"}],"wp:featuredmedia":[{"embeddable":true,"href":"https:\/\/www.aedashomes.com\/blog\/wp-json\/wp\/v2\/media\/14892"}],"wp:attachment":[{"href":"https:\/\/www.aedashomes.com\/blog\/wp-json\/wp\/v2\/media?parent=14888"}],"wp:term":[{"taxonomy":"category","embeddable":true,"href":"https:\/\/www.aedashomes.com\/blog\/wp-json\/wp\/v2\/categories?post=14888"},{"taxonomy":"post_tag","embeddable":true,"href":"https:\/\/www.aedashomes.com\/blog\/wp-json\/wp\/v2\/tags?post=14888"}],"curies":[{"name":"wp","href":"https:\/\/api.w.org\/{rel}","templated":true}]}}