{"id":15896,"date":"2022-09-26T11:22:48","date_gmt":"2022-09-26T10:22:48","guid":{"rendered":"https:\/\/52.31.48.128\/blog\/?p=15896"},"modified":"2025-02-19T11:36:01","modified_gmt":"2025-02-19T10:36:01","slug":"espana-debe-generar-mas-oferta-de-vivienda-asequible-o-vamos-a-tener-un-problema-de-competitividad","status":"publish","type":"post","link":"https:\/\/www.aedashomes.com\/blog\/espana-debe-generar-mas-oferta-de-vivienda-asequible-o-vamos-a-tener-un-problema-de-competitividad\/","title":{"rendered":"\u201cEspa\u00f1a debe generar m\u00e1s oferta de vivienda asequible o vamos a tener un problema de competitividad\u201d"},"content":{"rendered":"\n<p>El <strong>III Congreso Nacional de la Vivienda<\/strong>, celebrado durante los d\u00edas\n20 y 21 de septiembre, reuni\u00f3 en el Palacio de Congresos de Valencia a\nurbanistas, soci\u00f3logos, arquitectos, destacados miembros de los sectores\nvinculados al sector residencial, administraci\u00f3n p\u00fablica y profesionales del\n\u00e1mbito para tomar el pulso al sector y reflexionar sobre las preferencias\nactuales de los consumidores y las nuevas formas de vivir.<\/p>\n\n\n\n<p>Dos jornadas de ponencias y debates entre las que tuvo lugar la mesa redonda \u2018Sociolog\u00eda de la vivienda del futuro\u2019, que cont\u00f3 con <strong>David Mart\u00ednez, CEO de <a href=\"https:\/\/www.aedashomes.com\/\">AEDAS Homes<\/a><\/strong>, junto a Jos\u00e9 Garc\u00eda Montalvo, economista en la Pompeu Fabra; Mar\u00eda Matos, portavoz de Fotocasa; Xavier Vilajoana, presidente de APCE Catalu\u00f1a; Agnes Noguera, consejera delejada de Libertas 7; y Teresa Puchades, presidenta de Avanza Urbana.<\/p>\n\n\n\n<div class=\"wp-block-image\"><figure class=\"aligncenter\"><img loading=\"lazy\" decoding=\"async\" width=\"971\" height=\"605\" src=\"https:\/\/www.aedashomes.com\/blog\/wp-content\/uploads\/2022\/09\/iii-congresp-nacional-vivienda.jpg\" alt=\"iii-congreso-nacional-vivienda\" class=\"wp-image-15898\" srcset=\"https:\/\/www.aedashomes.com\/blog\/wp-content\/uploads\/2022\/09\/iii-congresp-nacional-vivienda.jpg 971w, https:\/\/www.aedashomes.com\/blog\/wp-content\/uploads\/2022\/09\/iii-congresp-nacional-vivienda-300x187.jpg 300w\" sizes=\"auto, (max-width: 971px) 100vw, 971px\" \/><figcaption>David Mart\u00ednez, en el III Congreso Nacional de Vivienda APCE<\/figcaption><\/figure><\/div>\n\n\n\n<p>David Mart\u00ednez tuvo un activo papel durante la sesi\u00f3n, en la que dio su\nvisi\u00f3n sobre diferentes cuestiones relacionadas con la vivienda tanto en\nnuestro pa\u00eds como fuera de nuestras fronteras. Entre ellas, el acceso a la\nmisma y la decisi\u00f3n de alquilar o comprar: <strong>\u201cNo creo que la cultura de la\npropiedad sea algo propio de los espa\u00f1oles, sino algo que tiene que ver con el\nser humano<\/strong>. Genera confort y seguridad y por eso se aspira a una vivienda\nen propiedad. Es cierto que en Espa\u00f1a esto est\u00e1 cambiando, pero porque los\nj\u00f3venes no pueden pagar una vivienda. La crisis de 2008 y la m\u00e1s reciente de la\nCOVID-19 no les ha permitido ahorrar el 20 % necesario y ahora mismo tienen\nsueldos m\u00e1s bajos que sus pares europeos. Esto lo han asimilado fondos\neuropeos, que han entrado en el pa\u00eds y que son los que est\u00e1n ahora\nsatisfaciendo esa demanda de alquiler\u201d, explic\u00f3.<\/p>\n\n\n\n<div class=\"wp-block-image\"><figure class=\"alignright is-resized\"><img loading=\"lazy\" decoding=\"async\" src=\"https:\/\/www.aedashomes.com\/blog\/wp-content\/uploads\/2022\/09\/iii-congreso-nacional-vivienda-david-martinez.jpg\" alt=\"iii-congreso-nacional-vivienda-david-martinez\" class=\"wp-image-15899\" width=\"437\" height=\"277\" srcset=\"https:\/\/www.aedashomes.com\/blog\/wp-content\/uploads\/2022\/09\/iii-congreso-nacional-vivienda-david-martinez.jpg 955w, https:\/\/www.aedashomes.com\/blog\/wp-content\/uploads\/2022\/09\/iii-congreso-nacional-vivienda-david-martinez-300x190.jpg 300w\" sizes=\"auto, (max-width: 437px) 100vw, 437px\" \/><figcaption>David Mart\u00ednez, CEO de AEDAS Homes<\/figcaption><\/figure><\/div>\n\n\n\n<p>A este respecto, David Mart\u00ednez destac\u00f3 que en Espa\u00f1a hay una <strong>clara\nescasez de oferta<\/strong> de vivienda en comparaci\u00f3n con otros pa\u00edses: \u201cEl sector\nest\u00e1 produciendo 2 viviendas de obra nueva por cada 1.000 habitantes y el\nequilibrio \u00f3ptimo ser\u00eda 4 viviendas por cada 1.000 habitantes\u201d, cuantific\u00f3, \u201calgo\nque es prioritario revertir para ser competitivos\u201d. <\/p>\n\n\n\n<p>\u201cTenemos que<strong> generar m\u00e1s oferta de vivienda o vamos a tener un problema\nde competitividad.<\/strong> Los promotores ya no necesitamos el capital extranjero\npara financiarnos, lo que necesitamos es agilizar la oferta. Y eso necesitan\nhacerlo las administraciones mediante la facilitaci\u00f3n de suelo, en cantidad y\nsuficiente para satisfacer la demanda. Necesitamos estimular la oferta porque\nhay demanda, hay financiaci\u00f3n y hay capacidad industria\u201d, asegur\u00f3.<\/p>\n\n\n\n<p>David Mart\u00ednez se\u00f1al\u00f3 que la soluci\u00f3n para hacer la vivienda m\u00e1s accesible\na todos los niveles econ\u00f3micos pasa por la Administraci\u00f3n. \u201cEs prioritario que\nse faciliten los procesos de planeamiento y poner suelo a disposici\u00f3n de los\npromotores, como ha hecho muy bien, por ejemplo, el Ayuntamiento de Madrid\u201d,\ndestac\u00f3.<\/p>\n\n\n\n<div class=\"wp-block-image\"><figure class=\"aligncenter\"><img loading=\"lazy\" decoding=\"async\" width=\"1024\" height=\"466\" src=\"https:\/\/www.aedashomes.com\/blog\/wp-content\/uploads\/2020\/10\/gruas-construccion-edificios-1024x466.jpg\" alt=\"gruas construccion edificios\" class=\"wp-image-12555\" srcset=\"https:\/\/www.aedashomes.com\/blog\/wp-content\/uploads\/2020\/10\/gruas-construccion-edificios-1024x466.jpg 1024w, https:\/\/www.aedashomes.com\/blog\/wp-content\/uploads\/2020\/10\/gruas-construccion-edificios-300x136.jpg 300w, https:\/\/www.aedashomes.com\/blog\/wp-content\/uploads\/2020\/10\/gruas-construccion-edificios.jpg 1330w\" sizes=\"auto, (max-width: 1024px) 100vw, 1024px\" \/><\/figure><\/div>\n\n\n\n<p>El aprovechamiento del atractivo que Espa\u00f1a tiene para <strong>el comprador\nextranjero <\/strong>(\u201cen AEDAS Homes vendemos el 15 % a este mercado\u201d, especific\u00f3) y\nlas posibilidades que el pa\u00eds tiene para ser una especie de \u2018La Florida\nEuropea\u2019, atrayendo compradores de todo el continente, fue otro de los aspectos\ndestacados por el CEO de la promotora l\u00edder del mercado nacional.&nbsp;<\/p>\n\n\n\n<p>David Mart\u00ednez finaliz\u00f3 su intervenci\u00f3n reivindicando el papel de las\npromotoras y su peso como industria. \u201cEstamos al primer\u00edsimo nivel de nuestro\nentorno, muy por encima de franceses, alemanes o ingleses en t\u00e9rminos de <strong>conciencia\nsocial, tecnolog\u00eda, profesionales, eficiencia en nuestros procesos, etc\u00e9tera<\/strong>\u201d,\nafirm\u00f3. Entre las claves para conseguirlo, subray\u00f3 la necesidad de contar con\nla ayuda y educaci\u00f3n de la prensa para que sean conscientes de este hecho, al\nmismo tiempo que insisti\u00f3 en que la mejor ayuda, m\u00e1s que subvenciones directas\npara el acceso a la vivienda, es <strong>que las administraciones reduzcan la\nburocracia y los tiempos a la mitad. \u201cEl resto ya lo hacemos nosotros\u201d,<\/strong>\nconcluy\u00f3.<\/p>\n","protected":false},"excerpt":{"rendered":"<p>El III Congreso Nacional de la Vivienda, celebrado durante los d\u00edas 20 y 21 de septiembre, reuni\u00f3 en el Palacio de Congresos de Valencia a urbanistas, soci\u00f3logos, arquitectos, destacados miembros de los sectores vinculados al sector residencial, administraci\u00f3n p\u00fablica y profesionales del \u00e1mbito para tomar el pulso al sector y reflexionar sobre las preferencias actuales&#8230;<\/p>\n","protected":false},"author":15,"featured_media":15897,"comment_status":"closed","ping_status":"closed","sticky":false,"template":"","format":"standard","meta":{"_acf_changed":false,"footnotes":""},"categories":[209],"tags":[],"class_list":["post-15896","post","type-post","status-publish","format-standard","has-post-thumbnail","hentry","category-noticias-inmobiliarias"],"acf":[],"yoast_head":"<!-- This site is optimized with the Yoast SEO plugin v27.0 - https:\/\/yoast.com\/product\/yoast-seo-wordpress\/ -->\n<title>\u201cEspa\u00f1a debe generar m\u00e1s oferta de vivienda asequible o vamos a tener un problema de competitividad\u201d - AEDAS Homes Blog<\/title>\n<meta name=\"description\" content=\"David Mart\u00ednez, CEO de AEDAS Homes, muestra su visi\u00f3n sobre cuestiones relacionadas con la vivienda tanto en Espa\u00f1a como fuera de nuestras fronteras.\" \/>\n<meta name=\"robots\" content=\"index, follow, max-snippet:-1, max-image-preview:large, max-video-preview:-1\" \/>\n<link rel=\"canonical\" href=\"https:\/\/www.aedashomes.com\/blog\/espana-debe-generar-mas-oferta-de-vivienda-asequible-o-vamos-a-tener-un-problema-de-competitividad\/\" \/>\n<meta property=\"og:locale\" content=\"es_ES\" \/>\n<meta property=\"og:type\" content=\"article\" \/>\n<meta property=\"og:title\" content=\"\u201cEspa\u00f1a debe generar m\u00e1s oferta de vivienda asequible o vamos a tener un problema de competitividad\u201d - AEDAS Homes Blog\" \/>\n<meta property=\"og:description\" content=\"David Mart\u00ednez, CEO de AEDAS Homes, muestra su visi\u00f3n sobre cuestiones relacionadas con la vivienda tanto en Espa\u00f1a como fuera de nuestras fronteras.\" \/>\n<meta property=\"og:url\" content=\"https:\/\/www.aedashomes.com\/blog\/espana-debe-generar-mas-oferta-de-vivienda-asequible-o-vamos-a-tener-un-problema-de-competitividad\/\" \/>\n<meta property=\"og:site_name\" content=\"AEDAS Homes Blog\" \/>\n<meta property=\"article:publisher\" content=\"https:\/\/www.facebook.com\/aedashomes\/\" \/>\n<meta property=\"article:published_time\" content=\"2022-09-26T10:22:48+00:00\" \/>\n<meta property=\"article:modified_time\" content=\"2025-02-19T10:36:01+00:00\" \/>\n<meta property=\"og:image\" content=\"https:\/\/www.aedashomes.com\/blog\/wp-content\/uploads\/2022\/09\/gruas-obras-construccion.jpg\" \/>\n\t<meta property=\"og:image:width\" content=\"1290\" \/>\n\t<meta property=\"og:image:height\" content=\"605\" \/>\n\t<meta property=\"og:image:type\" content=\"image\/jpeg\" \/>\n<meta name=\"author\" content=\"-\" \/>\n<meta name=\"twitter:card\" content=\"summary_large_image\" \/>\n<meta name=\"twitter:label1\" content=\"Escrito por\" \/>\n\t<meta name=\"twitter:data1\" content=\"-\" \/>\n<script type=\"application\/ld+json\" class=\"yoast-schema-graph\">{\"@context\":\"https:\/\/schema.org\",\"@graph\":[{\"@type\":\"Article\",\"@id\":\"https:\/\/www.aedashomes.com\/blog\/espana-debe-generar-mas-oferta-de-vivienda-asequible-o-vamos-a-tener-un-problema-de-competitividad\/#article\",\"isPartOf\":{\"@id\":\"https:\/\/www.aedashomes.com\/blog\/espana-debe-generar-mas-oferta-de-vivienda-asequible-o-vamos-a-tener-un-problema-de-competitividad\/\"},\"author\":{\"name\":\"-\",\"@id\":\"https:\/\/www.aedashomes.com\/blog\/#\/schema\/person\/3943511ba2e912cf5f6ba43a52940713\"},\"headline\":\"\u201cEspa\u00f1a debe generar m\u00e1s oferta de vivienda asequible o vamos a tener un problema de competitividad\u201d\",\"datePublished\":\"2022-09-26T10:22:48+00:00\",\"dateModified\":\"2025-02-19T10:36:01+00:00\",\"mainEntityOfPage\":{\"@id\":\"https:\/\/www.aedashomes.com\/blog\/espana-debe-generar-mas-oferta-de-vivienda-asequible-o-vamos-a-tener-un-problema-de-competitividad\/\"},\"wordCount\":694,\"image\":{\"@id\":\"https:\/\/www.aedashomes.com\/blog\/espana-debe-generar-mas-oferta-de-vivienda-asequible-o-vamos-a-tener-un-problema-de-competitividad\/#primaryimage\"},\"thumbnailUrl\":\"https:\/\/www.aedashomes.com\/blog\/wp-content\/uploads\/2022\/09\/gruas-obras-construccion.jpg\",\"articleSection\":[\"AEDAS News\"],\"inLanguage\":\"es\"},{\"@type\":\"WebPage\",\"@id\":\"https:\/\/www.aedashomes.com\/blog\/espana-debe-generar-mas-oferta-de-vivienda-asequible-o-vamos-a-tener-un-problema-de-competitividad\/\",\"url\":\"https:\/\/www.aedashomes.com\/blog\/espana-debe-generar-mas-oferta-de-vivienda-asequible-o-vamos-a-tener-un-problema-de-competitividad\/\",\"name\":\"\u201cEspa\u00f1a debe generar m\u00e1s oferta de vivienda asequible o vamos a tener un problema de competitividad\u201d - AEDAS Homes Blog\",\"isPartOf\":{\"@id\":\"https:\/\/www.aedashomes.com\/blog\/#website\"},\"primaryImageOfPage\":{\"@id\":\"https:\/\/www.aedashomes.com\/blog\/espana-debe-generar-mas-oferta-de-vivienda-asequible-o-vamos-a-tener-un-problema-de-competitividad\/#primaryimage\"},\"image\":{\"@id\":\"https:\/\/www.aedashomes.com\/blog\/espana-debe-generar-mas-oferta-de-vivienda-asequible-o-vamos-a-tener-un-problema-de-competitividad\/#primaryimage\"},\"thumbnailUrl\":\"https:\/\/www.aedashomes.com\/blog\/wp-content\/uploads\/2022\/09\/gruas-obras-construccion.jpg\",\"datePublished\":\"2022-09-26T10:22:48+00:00\",\"dateModified\":\"2025-02-19T10:36:01+00:00\",\"author\":{\"@id\":\"https:\/\/www.aedashomes.com\/blog\/#\/schema\/person\/3943511ba2e912cf5f6ba43a52940713\"},\"description\":\"David Mart\u00ednez, CEO de AEDAS Homes, muestra su visi\u00f3n sobre cuestiones relacionadas con la vivienda tanto en Espa\u00f1a como fuera de nuestras fronteras.\",\"breadcrumb\":{\"@id\":\"https:\/\/www.aedashomes.com\/blog\/espana-debe-generar-mas-oferta-de-vivienda-asequible-o-vamos-a-tener-un-problema-de-competitividad\/#breadcrumb\"},\"inLanguage\":\"es\",\"potentialAction\":[{\"@type\":\"ReadAction\",\"target\":[\"https:\/\/www.aedashomes.com\/blog\/espana-debe-generar-mas-oferta-de-vivienda-asequible-o-vamos-a-tener-un-problema-de-competitividad\/\"]}]},{\"@type\":\"ImageObject\",\"inLanguage\":\"es\",\"@id\":\"https:\/\/www.aedashomes.com\/blog\/espana-debe-generar-mas-oferta-de-vivienda-asequible-o-vamos-a-tener-un-problema-de-competitividad\/#primaryimage\",\"url\":\"https:\/\/www.aedashomes.com\/blog\/wp-content\/uploads\/2022\/09\/gruas-obras-construccion.jpg\",\"contentUrl\":\"https:\/\/www.aedashomes.com\/blog\/wp-content\/uploads\/2022\/09\/gruas-obras-construccion.jpg\",\"width\":1290,\"height\":605,\"caption\":\"gruas-obras-construccion\"},{\"@type\":\"BreadcrumbList\",\"@id\":\"https:\/\/www.aedashomes.com\/blog\/espana-debe-generar-mas-oferta-de-vivienda-asequible-o-vamos-a-tener-un-problema-de-competitividad\/#breadcrumb\",\"itemListElement\":[{\"@type\":\"ListItem\",\"position\":1,\"name\":\"Blog\",\"item\":\"https:\/\/www.aedashomes.com\/blog\/\"},{\"@type\":\"ListItem\",\"position\":2,\"name\":\"AEDAS News\",\"item\":\"https:\/\/www.aedashomes.com\/blog\/noticias-inmobiliarias\/\"},{\"@type\":\"ListItem\",\"position\":3,\"name\":\"\u201cEspa\u00f1a debe generar m\u00e1s oferta de vivienda asequible o vamos a tener un problema de competitividad\u201d\"}]},{\"@type\":\"WebSite\",\"@id\":\"https:\/\/www.aedashomes.com\/blog\/#website\",\"url\":\"https:\/\/www.aedashomes.com\/blog\/\",\"name\":\"AEDAS Homes Blog\",\"description\":\"El blog de la promotora inmobiliaria AEDAS Homes\",\"potentialAction\":[{\"@type\":\"SearchAction\",\"target\":{\"@type\":\"EntryPoint\",\"urlTemplate\":\"https:\/\/www.aedashomes.com\/blog\/?s={search_term_string}\"},\"query-input\":{\"@type\":\"PropertyValueSpecification\",\"valueRequired\":true,\"valueName\":\"search_term_string\"}}],\"inLanguage\":\"es\"},{\"@type\":\"Person\",\"@id\":\"https:\/\/www.aedashomes.com\/blog\/#\/schema\/person\/3943511ba2e912cf5f6ba43a52940713\",\"name\":\"-\",\"image\":{\"@type\":\"ImageObject\",\"inLanguage\":\"es\",\"@id\":\"https:\/\/www.aedashomes.com\/blog\/#\/schema\/person\/image\/\",\"url\":\"https:\/\/secure.gravatar.com\/avatar\/9a98fc972c3ec2b91fdfd2a81c93ee3fc7c04aeefac4d931b43205ed61d9e009?s=96&d=mm&r=g\",\"contentUrl\":\"https:\/\/secure.gravatar.com\/avatar\/9a98fc972c3ec2b91fdfd2a81c93ee3fc7c04aeefac4d931b43205ed61d9e009?s=96&d=mm&r=g\",\"caption\":\"-\"},\"url\":\"https:\/\/www.aedashomes.com\/blog\/author\/idento\/\"}]}<\/script>\n<!-- \/ Yoast SEO plugin. -->","yoast_head_json":{"title":"\u201cEspa\u00f1a debe generar m\u00e1s oferta de vivienda asequible o vamos a tener un problema de competitividad\u201d - AEDAS Homes Blog","description":"David Mart\u00ednez, CEO de AEDAS Homes, muestra su visi\u00f3n sobre cuestiones relacionadas con la vivienda tanto en Espa\u00f1a como fuera de nuestras fronteras.","robots":{"index":"index","follow":"follow","max-snippet":"max-snippet:-1","max-image-preview":"max-image-preview:large","max-video-preview":"max-video-preview:-1"},"canonical":"https:\/\/www.aedashomes.com\/blog\/espana-debe-generar-mas-oferta-de-vivienda-asequible-o-vamos-a-tener-un-problema-de-competitividad\/","og_locale":"es_ES","og_type":"article","og_title":"\u201cEspa\u00f1a debe generar m\u00e1s oferta de vivienda asequible o vamos a tener un problema de competitividad\u201d - AEDAS Homes Blog","og_description":"David Mart\u00ednez, CEO de AEDAS Homes, muestra su visi\u00f3n sobre cuestiones relacionadas con la vivienda tanto en Espa\u00f1a como fuera de nuestras fronteras.","og_url":"https:\/\/www.aedashomes.com\/blog\/espana-debe-generar-mas-oferta-de-vivienda-asequible-o-vamos-a-tener-un-problema-de-competitividad\/","og_site_name":"AEDAS Homes Blog","article_publisher":"https:\/\/www.facebook.com\/aedashomes\/","article_published_time":"2022-09-26T10:22:48+00:00","article_modified_time":"2025-02-19T10:36:01+00:00","og_image":[{"width":1290,"height":605,"url":"https:\/\/www.aedashomes.com\/blog\/wp-content\/uploads\/2022\/09\/gruas-obras-construccion.jpg","type":"image\/jpeg"}],"author":"-","twitter_card":"summary_large_image","twitter_misc":{"Escrito por":"-"},"schema":{"@context":"https:\/\/schema.org","@graph":[{"@type":"Article","@id":"https:\/\/www.aedashomes.com\/blog\/espana-debe-generar-mas-oferta-de-vivienda-asequible-o-vamos-a-tener-un-problema-de-competitividad\/#article","isPartOf":{"@id":"https:\/\/www.aedashomes.com\/blog\/espana-debe-generar-mas-oferta-de-vivienda-asequible-o-vamos-a-tener-un-problema-de-competitividad\/"},"author":{"name":"-","@id":"https:\/\/www.aedashomes.com\/blog\/#\/schema\/person\/3943511ba2e912cf5f6ba43a52940713"},"headline":"\u201cEspa\u00f1a debe generar m\u00e1s oferta de vivienda asequible o vamos a tener un problema de competitividad\u201d","datePublished":"2022-09-26T10:22:48+00:00","dateModified":"2025-02-19T10:36:01+00:00","mainEntityOfPage":{"@id":"https:\/\/www.aedashomes.com\/blog\/espana-debe-generar-mas-oferta-de-vivienda-asequible-o-vamos-a-tener-un-problema-de-competitividad\/"},"wordCount":694,"image":{"@id":"https:\/\/www.aedashomes.com\/blog\/espana-debe-generar-mas-oferta-de-vivienda-asequible-o-vamos-a-tener-un-problema-de-competitividad\/#primaryimage"},"thumbnailUrl":"https:\/\/www.aedashomes.com\/blog\/wp-content\/uploads\/2022\/09\/gruas-obras-construccion.jpg","articleSection":["AEDAS News"],"inLanguage":"es"},{"@type":"WebPage","@id":"https:\/\/www.aedashomes.com\/blog\/espana-debe-generar-mas-oferta-de-vivienda-asequible-o-vamos-a-tener-un-problema-de-competitividad\/","url":"https:\/\/www.aedashomes.com\/blog\/espana-debe-generar-mas-oferta-de-vivienda-asequible-o-vamos-a-tener-un-problema-de-competitividad\/","name":"\u201cEspa\u00f1a debe generar m\u00e1s oferta de vivienda asequible o vamos a tener un problema de competitividad\u201d - AEDAS Homes Blog","isPartOf":{"@id":"https:\/\/www.aedashomes.com\/blog\/#website"},"primaryImageOfPage":{"@id":"https:\/\/www.aedashomes.com\/blog\/espana-debe-generar-mas-oferta-de-vivienda-asequible-o-vamos-a-tener-un-problema-de-competitividad\/#primaryimage"},"image":{"@id":"https:\/\/www.aedashomes.com\/blog\/espana-debe-generar-mas-oferta-de-vivienda-asequible-o-vamos-a-tener-un-problema-de-competitividad\/#primaryimage"},"thumbnailUrl":"https:\/\/www.aedashomes.com\/blog\/wp-content\/uploads\/2022\/09\/gruas-obras-construccion.jpg","datePublished":"2022-09-26T10:22:48+00:00","dateModified":"2025-02-19T10:36:01+00:00","author":{"@id":"https:\/\/www.aedashomes.com\/blog\/#\/schema\/person\/3943511ba2e912cf5f6ba43a52940713"},"description":"David Mart\u00ednez, CEO de AEDAS Homes, muestra su visi\u00f3n sobre cuestiones relacionadas con la vivienda tanto en Espa\u00f1a como fuera de nuestras fronteras.","breadcrumb":{"@id":"https:\/\/www.aedashomes.com\/blog\/espana-debe-generar-mas-oferta-de-vivienda-asequible-o-vamos-a-tener-un-problema-de-competitividad\/#breadcrumb"},"inLanguage":"es","potentialAction":[{"@type":"ReadAction","target":["https:\/\/www.aedashomes.com\/blog\/espana-debe-generar-mas-oferta-de-vivienda-asequible-o-vamos-a-tener-un-problema-de-competitividad\/"]}]},{"@type":"ImageObject","inLanguage":"es","@id":"https:\/\/www.aedashomes.com\/blog\/espana-debe-generar-mas-oferta-de-vivienda-asequible-o-vamos-a-tener-un-problema-de-competitividad\/#primaryimage","url":"https:\/\/www.aedashomes.com\/blog\/wp-content\/uploads\/2022\/09\/gruas-obras-construccion.jpg","contentUrl":"https:\/\/www.aedashomes.com\/blog\/wp-content\/uploads\/2022\/09\/gruas-obras-construccion.jpg","width":1290,"height":605,"caption":"gruas-obras-construccion"},{"@type":"BreadcrumbList","@id":"https:\/\/www.aedashomes.com\/blog\/espana-debe-generar-mas-oferta-de-vivienda-asequible-o-vamos-a-tener-un-problema-de-competitividad\/#breadcrumb","itemListElement":[{"@type":"ListItem","position":1,"name":"Blog","item":"https:\/\/www.aedashomes.com\/blog\/"},{"@type":"ListItem","position":2,"name":"AEDAS News","item":"https:\/\/www.aedashomes.com\/blog\/noticias-inmobiliarias\/"},{"@type":"ListItem","position":3,"name":"\u201cEspa\u00f1a debe generar m\u00e1s oferta de vivienda asequible o vamos a tener un problema de competitividad\u201d"}]},{"@type":"WebSite","@id":"https:\/\/www.aedashomes.com\/blog\/#website","url":"https:\/\/www.aedashomes.com\/blog\/","name":"AEDAS Homes Blog","description":"El blog de la promotora inmobiliaria AEDAS Homes","potentialAction":[{"@type":"SearchAction","target":{"@type":"EntryPoint","urlTemplate":"https:\/\/www.aedashomes.com\/blog\/?s={search_term_string}"},"query-input":{"@type":"PropertyValueSpecification","valueRequired":true,"valueName":"search_term_string"}}],"inLanguage":"es"},{"@type":"Person","@id":"https:\/\/www.aedashomes.com\/blog\/#\/schema\/person\/3943511ba2e912cf5f6ba43a52940713","name":"-","image":{"@type":"ImageObject","inLanguage":"es","@id":"https:\/\/www.aedashomes.com\/blog\/#\/schema\/person\/image\/","url":"https:\/\/secure.gravatar.com\/avatar\/9a98fc972c3ec2b91fdfd2a81c93ee3fc7c04aeefac4d931b43205ed61d9e009?s=96&d=mm&r=g","contentUrl":"https:\/\/secure.gravatar.com\/avatar\/9a98fc972c3ec2b91fdfd2a81c93ee3fc7c04aeefac4d931b43205ed61d9e009?s=96&d=mm&r=g","caption":"-"},"url":"https:\/\/www.aedashomes.com\/blog\/author\/idento\/"}]}},"_links":{"self":[{"href":"https:\/\/www.aedashomes.com\/blog\/wp-json\/wp\/v2\/posts\/15896","targetHints":{"allow":["GET"]}}],"collection":[{"href":"https:\/\/www.aedashomes.com\/blog\/wp-json\/wp\/v2\/posts"}],"about":[{"href":"https:\/\/www.aedashomes.com\/blog\/wp-json\/wp\/v2\/types\/post"}],"author":[{"embeddable":true,"href":"https:\/\/www.aedashomes.com\/blog\/wp-json\/wp\/v2\/users\/15"}],"replies":[{"embeddable":true,"href":"https:\/\/www.aedashomes.com\/blog\/wp-json\/wp\/v2\/comments?post=15896"}],"version-history":[{"count":5,"href":"https:\/\/www.aedashomes.com\/blog\/wp-json\/wp\/v2\/posts\/15896\/revisions"}],"predecessor-version":[{"id":18282,"href":"https:\/\/www.aedashomes.com\/blog\/wp-json\/wp\/v2\/posts\/15896\/revisions\/18282"}],"wp:featuredmedia":[{"embeddable":true,"href":"https:\/\/www.aedashomes.com\/blog\/wp-json\/wp\/v2\/media\/15897"}],"wp:attachment":[{"href":"https:\/\/www.aedashomes.com\/blog\/wp-json\/wp\/v2\/media?parent=15896"}],"wp:term":[{"taxonomy":"category","embeddable":true,"href":"https:\/\/www.aedashomes.com\/blog\/wp-json\/wp\/v2\/categories?post=15896"},{"taxonomy":"post_tag","embeddable":true,"href":"https:\/\/www.aedashomes.com\/blog\/wp-json\/wp\/v2\/tags?post=15896"}],"curies":[{"name":"wp","href":"https:\/\/api.w.org\/{rel}","templated":true}]}}