{"id":16112,"date":"2022-11-21T09:50:18","date_gmt":"2022-11-21T08:50:18","guid":{"rendered":"https:\/\/52.31.48.128\/blog\/?p=16112"},"modified":"2025-02-19T11:38:26","modified_gmt":"2025-02-19T10:38:26","slug":"presentacion-vanian-gardens-faseiii-vanian-views-libella","status":"publish","type":"post","link":"https:\/\/www.aedashomes.com\/blog\/presentacion-vanian-gardens-faseiii-vanian-views-libella\/","title":{"rendered":"AEDAS Homes presenta Vanian Gardens fase III, Vanian Views y Libella"},"content":{"rendered":"\n<p>M\u00e1s de un centenar de agentes comerciales asistieron a la presentaci\u00f3n de los tres nuevos residenciales de <strong><a href=\"https:\/\/www.aedashomes.com\/\">AEDAS Homes<\/a><\/strong> en Estepona: <a href=\"https:\/\/www.aedashomes.com\/en\/vanian-gardens-III-new-apartments-estepona\">Vanian Gardens fase III<\/a>, el nuevo proyecto <a href=\"https:\/\/www.aedashomes.com\/en\/vanian-views-new-apartments-estepona\">Vanian Views<\/a> y el prelanzamiento comercial del proyecto <a href=\"https:\/\/www.aedashomes.com\/en\/libella-new-homes-estepona\">Libella<\/a>, en el sector Australy, un \u00e1rea pr\u00f3xima a Vanian pero completamente diferenciada. Estos proyectos suman en total m\u00e1s de 165 nuevas viviendas y afianzan a la compa\u00f1\u00eda como promotora de referencia tambi\u00e9n en la Costa del Sol.<\/p>\n\n\n\n<p><strong>El\nGerente de AEDAS Homes en la Costa del Sol y responsable de estos proyectos,\nJos\u00e9 Luis Rodr\u00edguez<\/strong>,\nfue el encargado de presentar las promociones, destacando que se trata de una\noferta que a\u00fana en muy diferentes tipolog\u00edas de viviendas para adecuarse a\ntodos los perfiles de clientes.<\/p>\n\n\n\n<div class=\"wp-block-image\"><figure class=\"aligncenter\"><img loading=\"lazy\" decoding=\"async\" width=\"914\" height=\"605\" src=\"https:\/\/www.aedashomes.com\/blog\/wp-content\/uploads\/2022\/11\/presentacion-aedas-homes-costa-del-sol.jpg\" alt=\"\" class=\"wp-image-16113\" srcset=\"https:\/\/www.aedashomes.com\/blog\/wp-content\/uploads\/2022\/11\/presentacion-aedas-homes-costa-del-sol.jpg 914w, https:\/\/www.aedashomes.com\/blog\/wp-content\/uploads\/2022\/11\/presentacion-aedas-homes-costa-del-sol-300x199.jpg 300w\" sizes=\"auto, (max-width: 914px) 100vw, 914px\" \/><figcaption>El equipo de AEDAS Homes en la presentaci\u00f3n de Vanian Gardens fase III, Vanian Views y Libella en Estepona<\/figcaption><\/figure><\/div>\n\n\n\n<p><strong>Vanian\nGardens fase III<\/strong>,\nla tercera fase del proyecto iniciado en el entorno del parque de naturaleza\nSelwo Aventura, es un conjunto de 49 viviendas de 1, 2, 3 y 4 dormitorios con\ncompletas zonas comunes como piscina, sala de cine, sala comunitaria, gimnasio,\nspa y youth club.<\/p>\n\n\n\n<div class=\"wp-block-image\"><figure class=\"aligncenter\"><img loading=\"lazy\" decoding=\"async\" width=\"1024\" height=\"410\" src=\"https:\/\/www.aedashomes.com\/blog\/wp-content\/uploads\/2022\/11\/vanian-gardens-fase-iii-1024x410.jpg\" alt=\"\" class=\"wp-image-16114\" srcset=\"https:\/\/www.aedashomes.com\/blog\/wp-content\/uploads\/2022\/11\/vanian-gardens-fase-iii-1024x410.jpg 1024w, https:\/\/www.aedashomes.com\/blog\/wp-content\/uploads\/2022\/11\/vanian-gardens-fase-iii-300x120.jpg 300w, https:\/\/www.aedashomes.com\/blog\/wp-content\/uploads\/2022\/11\/vanian-gardens-fase-iii.jpg 1445w\" sizes=\"auto, (max-width: 1024px) 100vw, 1024px\" \/><figcaption>Vanian Gardens fase III<\/figcaption><\/figure><\/div>\n\n\n\n<p><strong>Vanian\nViews<\/strong>, tal y\ncomo indica su nombre, se alza como un proyecto que sobresale en el mercado por\nlas impresionantes vistas que tendr\u00e1n todas sus viviendas desde sus terrazas.\nSe trata de 61 inmuebles de 2 y 3 dormitorios en una urbanizaci\u00f3n con \u00e1reas\ncomunitarias de alta calidad.<\/p>\n\n\n\n<div class=\"wp-block-image\"><figure class=\"aligncenter\"><img loading=\"lazy\" decoding=\"async\" width=\"1024\" height=\"510\" src=\"https:\/\/www.aedashomes.com\/blog\/wp-content\/uploads\/2022\/11\/vanian-views-1024x510.jpg\" alt=\"\" class=\"wp-image-16115\" srcset=\"https:\/\/www.aedashomes.com\/blog\/wp-content\/uploads\/2022\/11\/vanian-views-1024x510.jpg 1024w, https:\/\/www.aedashomes.com\/blog\/wp-content\/uploads\/2022\/11\/vanian-views-300x150.jpg 300w, https:\/\/www.aedashomes.com\/blog\/wp-content\/uploads\/2022\/11\/vanian-views.jpg 1214w\" sizes=\"auto, (max-width: 1024px) 100vw, 1024px\" \/><figcaption>Vanian Views tiene unas terrazas con vistas incre\u00edbles<\/figcaption><\/figure><\/div>\n\n\n\n<p>Adem\u00e1s,\nel Gerente anunci\u00f3 el prelanzamiento comercial del nuevo proyecto <strong>Libella<\/strong>,\nuna promoci\u00f3n dirigida a un p\u00fablico m\u00e1s exigente que estar\u00e1 integrado por 67\nviviendas de 2 y 3 dormitorios con precios desde 436.000 euros.<\/p>\n\n\n\n<div class=\"wp-block-image\"><figure class=\"aligncenter\"><img loading=\"lazy\" decoding=\"async\" width=\"1024\" height=\"484\" src=\"https:\/\/www.aedashomes.com\/blog\/wp-content\/uploads\/2022\/11\/libella-1024x484.jpg\" alt=\"\" class=\"wp-image-16116\" srcset=\"https:\/\/www.aedashomes.com\/blog\/wp-content\/uploads\/2022\/11\/libella-1024x484.jpg 1024w, https:\/\/www.aedashomes.com\/blog\/wp-content\/uploads\/2022\/11\/libella-300x142.jpg 300w, https:\/\/www.aedashomes.com\/blog\/wp-content\/uploads\/2022\/11\/libella-335x158.jpg 335w, https:\/\/www.aedashomes.com\/blog\/wp-content\/uploads\/2022\/11\/libella.jpg 1279w\" sizes=\"auto, (max-width: 1024px) 100vw, 1024px\" \/><figcaption>Recreaci\u00f3n de la piscina de Libella<\/figcaption><\/figure><\/div>\n\n\n\n<p>En las\ntres nuevas promociones AEDAS Homes ofrece la tipolog\u00eda especial de <strong>\u00e1ticos\ncon grandes terrazas.<\/strong><\/p>\n\n\n\n<p>Los\nm\u00e1s de 100 agentes inmobiliarios que asistieron al evento de presentaci\u00f3n de\nVanian Gardens fase III, Vanian Views y Libella pudieron disfrutar de un\nagradable c\u00f3ctel y resolver todas sus dudas gracias a la atenci\u00f3n comercial del\npersonal de AEDAS Homes, entre el que se encontraba, adem\u00e1s de Jos\u00e9 Luis\nRodr\u00edguez, la Coordinadora Comercial de AEDAS Homes en la Costa del Sol, Mar\nC\u00edvico, entre otros.<\/p>\n","protected":false},"excerpt":{"rendered":"<p>M\u00e1s de un centenar de agentes comerciales asistieron a la presentaci\u00f3n de los tres nuevos residenciales de AEDAS Homes en Estepona: Vanian Gardens fase III, el nuevo proyecto Vanian Views y el prelanzamiento comercial del proyecto Libella, en el sector Australy, un \u00e1rea pr\u00f3xima a Vanian pero completamente diferenciada. Estos proyectos suman en total m\u00e1s&#8230;<\/p>\n","protected":false},"author":15,"featured_media":16119,"comment_status":"closed","ping_status":"closed","sticky":false,"template":"","format":"standard","meta":{"_acf_changed":false,"footnotes":""},"categories":[171,175],"tags":[],"class_list":["post-16112","post","type-post","status-publish","format-standard","has-post-thumbnail","hentry","category-promociones-inmobiliarias","category-promociones-costa-del-sol"],"acf":[],"yoast_head":"<!-- This site is optimized with the Yoast SEO plugin v27.0 - https:\/\/yoast.com\/product\/yoast-seo-wordpress\/ -->\n<title>AEDAS Homes presenta Vanian Gardens fase III, Vanian Views y Libella - AEDAS Homes Blog<\/title>\n<meta name=\"description\" content=\"M\u00e1s de un centenar de agentes comerciales asistieron a la presentaci\u00f3n de los tres nuevos residenciales de AEDAS Homes en Estepona. Te lo contamos.\" \/>\n<meta name=\"robots\" content=\"index, follow, max-snippet:-1, max-image-preview:large, max-video-preview:-1\" \/>\n<link rel=\"canonical\" href=\"https:\/\/www.aedashomes.com\/blog\/presentacion-vanian-gardens-faseiii-vanian-views-libella\/\" \/>\n<meta property=\"og:locale\" content=\"es_ES\" \/>\n<meta property=\"og:type\" content=\"article\" \/>\n<meta property=\"og:title\" content=\"AEDAS Homes presenta Vanian Gardens fase III, Vanian Views y Libella - AEDAS Homes Blog\" \/>\n<meta property=\"og:description\" content=\"M\u00e1s de un centenar de agentes comerciales asistieron a la presentaci\u00f3n de los tres nuevos residenciales de AEDAS Homes en Estepona. Te lo contamos.\" \/>\n<meta property=\"og:url\" content=\"https:\/\/www.aedashomes.com\/blog\/presentacion-vanian-gardens-faseiii-vanian-views-libella\/\" \/>\n<meta property=\"og:site_name\" content=\"AEDAS Homes Blog\" \/>\n<meta property=\"article:publisher\" content=\"https:\/\/www.facebook.com\/aedashomes\/\" \/>\n<meta property=\"article:published_time\" content=\"2022-11-21T08:50:18+00:00\" \/>\n<meta property=\"article:modified_time\" content=\"2025-02-19T10:38:26+00:00\" \/>\n<meta property=\"og:image\" content=\"https:\/\/www.aedashomes.com\/blog\/wp-content\/uploads\/2022\/11\/vanian-gardens-fase-iii-terraza.jpg\" \/>\n\t<meta property=\"og:image:width\" content=\"1369\" \/>\n\t<meta property=\"og:image:height\" content=\"605\" \/>\n\t<meta property=\"og:image:type\" content=\"image\/jpeg\" \/>\n<meta name=\"author\" content=\"-\" \/>\n<meta name=\"twitter:card\" content=\"summary_large_image\" \/>\n<meta name=\"twitter:label1\" content=\"Escrito por\" \/>\n\t<meta name=\"twitter:data1\" content=\"-\" \/>\n<script type=\"application\/ld+json\" class=\"yoast-schema-graph\">{\"@context\":\"https:\/\/schema.org\",\"@graph\":[{\"@type\":\"Article\",\"@id\":\"https:\/\/www.aedashomes.com\/blog\/presentacion-vanian-gardens-faseiii-vanian-views-libella\/#article\",\"isPartOf\":{\"@id\":\"https:\/\/www.aedashomes.com\/blog\/presentacion-vanian-gardens-faseiii-vanian-views-libella\/\"},\"author\":{\"name\":\"-\",\"@id\":\"https:\/\/www.aedashomes.com\/blog\/#\/schema\/person\/3943511ba2e912cf5f6ba43a52940713\"},\"headline\":\"AEDAS Homes presenta Vanian Gardens fase III, Vanian Views y Libella\",\"datePublished\":\"2022-11-21T08:50:18+00:00\",\"dateModified\":\"2025-02-19T10:38:26+00:00\",\"mainEntityOfPage\":{\"@id\":\"https:\/\/www.aedashomes.com\/blog\/presentacion-vanian-gardens-faseiii-vanian-views-libella\/\"},\"wordCount\":397,\"image\":{\"@id\":\"https:\/\/www.aedashomes.com\/blog\/presentacion-vanian-gardens-faseiii-vanian-views-libella\/#primaryimage\"},\"thumbnailUrl\":\"https:\/\/www.aedashomes.com\/blog\/wp-content\/uploads\/2022\/11\/vanian-gardens-fase-iii-terraza.jpg\",\"articleSection\":[\"Promociones\",\"Promociones en Costa del Sol\"],\"inLanguage\":\"es\"},{\"@type\":\"WebPage\",\"@id\":\"https:\/\/www.aedashomes.com\/blog\/presentacion-vanian-gardens-faseiii-vanian-views-libella\/\",\"url\":\"https:\/\/www.aedashomes.com\/blog\/presentacion-vanian-gardens-faseiii-vanian-views-libella\/\",\"name\":\"AEDAS Homes presenta Vanian Gardens fase III, Vanian Views y Libella - AEDAS Homes Blog\",\"isPartOf\":{\"@id\":\"https:\/\/www.aedashomes.com\/blog\/#website\"},\"primaryImageOfPage\":{\"@id\":\"https:\/\/www.aedashomes.com\/blog\/presentacion-vanian-gardens-faseiii-vanian-views-libella\/#primaryimage\"},\"image\":{\"@id\":\"https:\/\/www.aedashomes.com\/blog\/presentacion-vanian-gardens-faseiii-vanian-views-libella\/#primaryimage\"},\"thumbnailUrl\":\"https:\/\/www.aedashomes.com\/blog\/wp-content\/uploads\/2022\/11\/vanian-gardens-fase-iii-terraza.jpg\",\"datePublished\":\"2022-11-21T08:50:18+00:00\",\"dateModified\":\"2025-02-19T10:38:26+00:00\",\"author\":{\"@id\":\"https:\/\/www.aedashomes.com\/blog\/#\/schema\/person\/3943511ba2e912cf5f6ba43a52940713\"},\"description\":\"M\u00e1s de un centenar de agentes comerciales asistieron a la presentaci\u00f3n de los tres nuevos residenciales de AEDAS Homes en Estepona. Te lo contamos.\",\"breadcrumb\":{\"@id\":\"https:\/\/www.aedashomes.com\/blog\/presentacion-vanian-gardens-faseiii-vanian-views-libella\/#breadcrumb\"},\"inLanguage\":\"es\",\"potentialAction\":[{\"@type\":\"ReadAction\",\"target\":[\"https:\/\/www.aedashomes.com\/blog\/presentacion-vanian-gardens-faseiii-vanian-views-libella\/\"]}]},{\"@type\":\"ImageObject\",\"inLanguage\":\"es\",\"@id\":\"https:\/\/www.aedashomes.com\/blog\/presentacion-vanian-gardens-faseiii-vanian-views-libella\/#primaryimage\",\"url\":\"https:\/\/www.aedashomes.com\/blog\/wp-content\/uploads\/2022\/11\/vanian-gardens-fase-iii-terraza.jpg\",\"contentUrl\":\"https:\/\/www.aedashomes.com\/blog\/wp-content\/uploads\/2022\/11\/vanian-gardens-fase-iii-terraza.jpg\",\"width\":1369,\"height\":605,\"caption\":\"vanian gardens fase iii terraza\"},{\"@type\":\"BreadcrumbList\",\"@id\":\"https:\/\/www.aedashomes.com\/blog\/presentacion-vanian-gardens-faseiii-vanian-views-libella\/#breadcrumb\",\"itemListElement\":[{\"@type\":\"ListItem\",\"position\":1,\"name\":\"Blog\",\"item\":\"https:\/\/www.aedashomes.com\/blog\/\"},{\"@type\":\"ListItem\",\"position\":2,\"name\":\"Promociones\",\"item\":\"https:\/\/www.aedashomes.com\/blog\/promociones-inmobiliarias\/\"},{\"@type\":\"ListItem\",\"position\":3,\"name\":\"AEDAS Homes presenta Vanian Gardens fase III, Vanian Views y Libella\"}]},{\"@type\":\"WebSite\",\"@id\":\"https:\/\/www.aedashomes.com\/blog\/#website\",\"url\":\"https:\/\/www.aedashomes.com\/blog\/\",\"name\":\"AEDAS Homes Blog\",\"description\":\"El blog de la promotora inmobiliaria AEDAS Homes\",\"potentialAction\":[{\"@type\":\"SearchAction\",\"target\":{\"@type\":\"EntryPoint\",\"urlTemplate\":\"https:\/\/www.aedashomes.com\/blog\/?s={search_term_string}\"},\"query-input\":{\"@type\":\"PropertyValueSpecification\",\"valueRequired\":true,\"valueName\":\"search_term_string\"}}],\"inLanguage\":\"es\"},{\"@type\":\"Person\",\"@id\":\"https:\/\/www.aedashomes.com\/blog\/#\/schema\/person\/3943511ba2e912cf5f6ba43a52940713\",\"name\":\"-\",\"image\":{\"@type\":\"ImageObject\",\"inLanguage\":\"es\",\"@id\":\"https:\/\/www.aedashomes.com\/blog\/#\/schema\/person\/image\/\",\"url\":\"https:\/\/secure.gravatar.com\/avatar\/9a98fc972c3ec2b91fdfd2a81c93ee3fc7c04aeefac4d931b43205ed61d9e009?s=96&d=mm&r=g\",\"contentUrl\":\"https:\/\/secure.gravatar.com\/avatar\/9a98fc972c3ec2b91fdfd2a81c93ee3fc7c04aeefac4d931b43205ed61d9e009?s=96&d=mm&r=g\",\"caption\":\"-\"},\"url\":\"https:\/\/www.aedashomes.com\/blog\/author\/idento\/\"}]}<\/script>\n<!-- \/ Yoast SEO plugin. -->","yoast_head_json":{"title":"AEDAS Homes presenta Vanian Gardens fase III, Vanian Views y Libella - AEDAS Homes Blog","description":"M\u00e1s de un centenar de agentes comerciales asistieron a la presentaci\u00f3n de los tres nuevos residenciales de AEDAS Homes en Estepona. Te lo contamos.","robots":{"index":"index","follow":"follow","max-snippet":"max-snippet:-1","max-image-preview":"max-image-preview:large","max-video-preview":"max-video-preview:-1"},"canonical":"https:\/\/www.aedashomes.com\/blog\/presentacion-vanian-gardens-faseiii-vanian-views-libella\/","og_locale":"es_ES","og_type":"article","og_title":"AEDAS Homes presenta Vanian Gardens fase III, Vanian Views y Libella - AEDAS Homes Blog","og_description":"M\u00e1s de un centenar de agentes comerciales asistieron a la presentaci\u00f3n de los tres nuevos residenciales de AEDAS Homes en Estepona. Te lo contamos.","og_url":"https:\/\/www.aedashomes.com\/blog\/presentacion-vanian-gardens-faseiii-vanian-views-libella\/","og_site_name":"AEDAS Homes Blog","article_publisher":"https:\/\/www.facebook.com\/aedashomes\/","article_published_time":"2022-11-21T08:50:18+00:00","article_modified_time":"2025-02-19T10:38:26+00:00","og_image":[{"width":1369,"height":605,"url":"https:\/\/www.aedashomes.com\/blog\/wp-content\/uploads\/2022\/11\/vanian-gardens-fase-iii-terraza.jpg","type":"image\/jpeg"}],"author":"-","twitter_card":"summary_large_image","twitter_misc":{"Escrito por":"-"},"schema":{"@context":"https:\/\/schema.org","@graph":[{"@type":"Article","@id":"https:\/\/www.aedashomes.com\/blog\/presentacion-vanian-gardens-faseiii-vanian-views-libella\/#article","isPartOf":{"@id":"https:\/\/www.aedashomes.com\/blog\/presentacion-vanian-gardens-faseiii-vanian-views-libella\/"},"author":{"name":"-","@id":"https:\/\/www.aedashomes.com\/blog\/#\/schema\/person\/3943511ba2e912cf5f6ba43a52940713"},"headline":"AEDAS Homes presenta Vanian Gardens fase III, Vanian Views y Libella","datePublished":"2022-11-21T08:50:18+00:00","dateModified":"2025-02-19T10:38:26+00:00","mainEntityOfPage":{"@id":"https:\/\/www.aedashomes.com\/blog\/presentacion-vanian-gardens-faseiii-vanian-views-libella\/"},"wordCount":397,"image":{"@id":"https:\/\/www.aedashomes.com\/blog\/presentacion-vanian-gardens-faseiii-vanian-views-libella\/#primaryimage"},"thumbnailUrl":"https:\/\/www.aedashomes.com\/blog\/wp-content\/uploads\/2022\/11\/vanian-gardens-fase-iii-terraza.jpg","articleSection":["Promociones","Promociones en Costa del Sol"],"inLanguage":"es"},{"@type":"WebPage","@id":"https:\/\/www.aedashomes.com\/blog\/presentacion-vanian-gardens-faseiii-vanian-views-libella\/","url":"https:\/\/www.aedashomes.com\/blog\/presentacion-vanian-gardens-faseiii-vanian-views-libella\/","name":"AEDAS Homes presenta Vanian Gardens fase III, Vanian Views y Libella - AEDAS Homes Blog","isPartOf":{"@id":"https:\/\/www.aedashomes.com\/blog\/#website"},"primaryImageOfPage":{"@id":"https:\/\/www.aedashomes.com\/blog\/presentacion-vanian-gardens-faseiii-vanian-views-libella\/#primaryimage"},"image":{"@id":"https:\/\/www.aedashomes.com\/blog\/presentacion-vanian-gardens-faseiii-vanian-views-libella\/#primaryimage"},"thumbnailUrl":"https:\/\/www.aedashomes.com\/blog\/wp-content\/uploads\/2022\/11\/vanian-gardens-fase-iii-terraza.jpg","datePublished":"2022-11-21T08:50:18+00:00","dateModified":"2025-02-19T10:38:26+00:00","author":{"@id":"https:\/\/www.aedashomes.com\/blog\/#\/schema\/person\/3943511ba2e912cf5f6ba43a52940713"},"description":"M\u00e1s de un centenar de agentes comerciales asistieron a la presentaci\u00f3n de los tres nuevos residenciales de AEDAS Homes en Estepona. Te lo contamos.","breadcrumb":{"@id":"https:\/\/www.aedashomes.com\/blog\/presentacion-vanian-gardens-faseiii-vanian-views-libella\/#breadcrumb"},"inLanguage":"es","potentialAction":[{"@type":"ReadAction","target":["https:\/\/www.aedashomes.com\/blog\/presentacion-vanian-gardens-faseiii-vanian-views-libella\/"]}]},{"@type":"ImageObject","inLanguage":"es","@id":"https:\/\/www.aedashomes.com\/blog\/presentacion-vanian-gardens-faseiii-vanian-views-libella\/#primaryimage","url":"https:\/\/www.aedashomes.com\/blog\/wp-content\/uploads\/2022\/11\/vanian-gardens-fase-iii-terraza.jpg","contentUrl":"https:\/\/www.aedashomes.com\/blog\/wp-content\/uploads\/2022\/11\/vanian-gardens-fase-iii-terraza.jpg","width":1369,"height":605,"caption":"vanian gardens fase iii terraza"},{"@type":"BreadcrumbList","@id":"https:\/\/www.aedashomes.com\/blog\/presentacion-vanian-gardens-faseiii-vanian-views-libella\/#breadcrumb","itemListElement":[{"@type":"ListItem","position":1,"name":"Blog","item":"https:\/\/www.aedashomes.com\/blog\/"},{"@type":"ListItem","position":2,"name":"Promociones","item":"https:\/\/www.aedashomes.com\/blog\/promociones-inmobiliarias\/"},{"@type":"ListItem","position":3,"name":"AEDAS Homes presenta Vanian Gardens fase III, Vanian Views y Libella"}]},{"@type":"WebSite","@id":"https:\/\/www.aedashomes.com\/blog\/#website","url":"https:\/\/www.aedashomes.com\/blog\/","name":"AEDAS Homes Blog","description":"El blog de la promotora inmobiliaria AEDAS Homes","potentialAction":[{"@type":"SearchAction","target":{"@type":"EntryPoint","urlTemplate":"https:\/\/www.aedashomes.com\/blog\/?s={search_term_string}"},"query-input":{"@type":"PropertyValueSpecification","valueRequired":true,"valueName":"search_term_string"}}],"inLanguage":"es"},{"@type":"Person","@id":"https:\/\/www.aedashomes.com\/blog\/#\/schema\/person\/3943511ba2e912cf5f6ba43a52940713","name":"-","image":{"@type":"ImageObject","inLanguage":"es","@id":"https:\/\/www.aedashomes.com\/blog\/#\/schema\/person\/image\/","url":"https:\/\/secure.gravatar.com\/avatar\/9a98fc972c3ec2b91fdfd2a81c93ee3fc7c04aeefac4d931b43205ed61d9e009?s=96&d=mm&r=g","contentUrl":"https:\/\/secure.gravatar.com\/avatar\/9a98fc972c3ec2b91fdfd2a81c93ee3fc7c04aeefac4d931b43205ed61d9e009?s=96&d=mm&r=g","caption":"-"},"url":"https:\/\/www.aedashomes.com\/blog\/author\/idento\/"}]}},"_links":{"self":[{"href":"https:\/\/www.aedashomes.com\/blog\/wp-json\/wp\/v2\/posts\/16112","targetHints":{"allow":["GET"]}}],"collection":[{"href":"https:\/\/www.aedashomes.com\/blog\/wp-json\/wp\/v2\/posts"}],"about":[{"href":"https:\/\/www.aedashomes.com\/blog\/wp-json\/wp\/v2\/types\/post"}],"author":[{"embeddable":true,"href":"https:\/\/www.aedashomes.com\/blog\/wp-json\/wp\/v2\/users\/15"}],"replies":[{"embeddable":true,"href":"https:\/\/www.aedashomes.com\/blog\/wp-json\/wp\/v2\/comments?post=16112"}],"version-history":[{"count":7,"href":"https:\/\/www.aedashomes.com\/blog\/wp-json\/wp\/v2\/posts\/16112\/revisions"}],"predecessor-version":[{"id":18317,"href":"https:\/\/www.aedashomes.com\/blog\/wp-json\/wp\/v2\/posts\/16112\/revisions\/18317"}],"wp:featuredmedia":[{"embeddable":true,"href":"https:\/\/www.aedashomes.com\/blog\/wp-json\/wp\/v2\/media\/16119"}],"wp:attachment":[{"href":"https:\/\/www.aedashomes.com\/blog\/wp-json\/wp\/v2\/media?parent=16112"}],"wp:term":[{"taxonomy":"category","embeddable":true,"href":"https:\/\/www.aedashomes.com\/blog\/wp-json\/wp\/v2\/categories?post=16112"},{"taxonomy":"post_tag","embeddable":true,"href":"https:\/\/www.aedashomes.com\/blog\/wp-json\/wp\/v2\/tags?post=16112"}],"curies":[{"name":"wp","href":"https:\/\/api.w.org\/{rel}","templated":true}]}}