{"id":16265,"date":"2022-12-19T12:23:29","date_gmt":"2022-12-19T11:23:29","guid":{"rendered":"https:\/\/52.31.48.128\/blog\/?p=16265"},"modified":"2025-02-19T11:39:54","modified_gmt":"2025-02-19T10:39:54","slug":"como-decorar-patio-pequeno","status":"publish","type":"post","link":"https:\/\/www.aedashomes.com\/blog\/como-decorar-patio-pequeno\/","title":{"rendered":"C\u00f3mo decorar un patio peque\u00f1o"},"content":{"rendered":"\n<h2 class=\"wp-block-heading\">Las mejores ideas para decorar un patio peque\u00f1o en estilo moderno<\/h2>\n\n\n\n<p>Si tienes <strong>un espacio exterior al que te gustar\u00eda sacarle m\u00e1s rendimiento, <\/strong>qu\u00e9date en este post para ver todos los trucos para decorar un patio peque\u00f1o de la mano de <a rel=\"noreferrer noopener\" aria-label=\"AEDAS Homes. (abre en una nueva pesta\u00f1a)\" href=\"https:\/\/www.aedashomes.com\/\" target=\"_blank\">AEDAS Homes.<\/a> Recuerda que todo espacio tiene potencial sin importar el tama\u00f1o.<\/p>\n\n\n\n<h3 class=\"wp-block-heading\">Alfombras para crear inter\u00e9s visual<\/h3>\n\n\n\n<p>Si la superficie est\u00e1 cubierta y el suelo es de madera, por ejemplo, quedar\u00e1 muy bien <strong>una alfombra para crear un contraste entre texturas. <\/strong>No olvides que actualmente hay infinidad de materiales que aguantan muy bien las condiciones clim\u00e1ticas adversas que se pueden dar a veces en el exterior.<\/p>\n\n\n\n<div class=\"wp-block-image\"><figure class=\"aligncenter\"><img decoding=\"async\" src=\"https:\/\/www.aedashomes.com\/blog\/wp-content\/uploads\/2023\/01\/como-decorar-tu-patio-peque&ntilde;o.png\" alt=\"C\u00f3mo decorar un patio peque\u00f1o\" class=\"wp-image-16267\"\/><\/figure><\/div>\n\n\n\n<h3 class=\"wp-block-heading\">Madera oscura y contrastes<\/h3>\n\n\n\n<p>En funci\u00f3n de los tonos predominantes, podr\u00e1s decidirte por un tipo u otro de muebles para decorar un patio peque\u00f1o. Si prevalecen los tonos de maderas oscuras, puedes decidirte por a\u00f1adir<strong> muebles claros y una l\u00ednea simple. <\/strong>Con dos butacones y una mesa puede ser suficiente, aunque tambi\u00e9n quedar\u00e1 muy bien un sof\u00e1 de dos plazas en el mismo estilo. Todo depende de las posibilidades que ofrezca tu patio.<\/p>\n\n\n\n<h3 class=\"wp-block-heading\">Las plantas siempre son una opci\u00f3n<\/h3>\n\n\n\n<p>Si ya has le\u00eddo alguno de nuestros posts, sabr\u00e1s que las plantas son nuestra debilidad y nos encanta <strong>a\u00f1adirlas en todos los rincones. <\/strong>Y es que no se nos ocurre un recurso m\u00e1s eficaz a la hora de decorar un patio peque\u00f1o. <strong>Las plantas aportan color, purifican el aire y hay miles de especies distintas <\/strong>entre las que puedes elegir para satisfacer tus necesidades decorativas.<\/p>\n\n\n\n<p>Con muy poco esfuerzo y un par de pallets podr\u00edas incluso crear un jard\u00edn vertical para aprovechar el espacio de tu peque\u00f1o patio.<\/p>\n\n\n\n<h3 class=\"wp-block-heading\">Cubre superficies vac\u00edas con objetos originales<\/h3>\n\n\n\n<p>Si no te gusta el vac\u00edo que queda en alguna pared del patio, siempre puedes <strong>colocar objetos que signifiquen algo para ti.<\/strong> En este punto solo tienes que dejar volar la imaginaci\u00f3n para encontrar el s\u00edmbolo caracter\u00edstico de la decoraci\u00f3n de tu peque\u00f1o patio.<\/p>\n","protected":false},"excerpt":{"rendered":"<p>Las mejores ideas para decorar un patio peque\u00f1o en estilo moderno Si tienes un espacio exterior al que te gustar\u00eda sacarle m\u00e1s rendimiento, qu\u00e9date en este post para ver todos los trucos para decorar un patio peque\u00f1o de la mano de AEDAS Homes. Recuerda que todo espacio tiene potencial sin importar el tama\u00f1o. Alfombras para&#8230;<\/p>\n","protected":false},"author":15,"featured_media":16266,"comment_status":"closed","ping_status":"closed","sticky":false,"template":"","format":"standard","meta":{"_acf_changed":false,"footnotes":""},"categories":[164,178],"tags":[459],"class_list":["post-16265","post","type-post","status-publish","format-standard","has-post-thumbnail","hentry","category-decoracion-exteriores","category-decoracion-terrazas","tag-decoracion-de-terrazas"],"acf":[],"yoast_head":"<!-- This site is optimized with the Yoast SEO plugin v27.0 - https:\/\/yoast.com\/product\/yoast-seo-wordpress\/ -->\n<title>\u25b7 C\u00f3mo decorar un patio peque\u00f1o | AEDAS Homes<\/title>\n<meta name=\"description\" content=\"\u00bfTienes un patio peque\u00f1o y no sabes como decorarlo?\u2705 Descubre nuestros consejos e ideas para decorar tu patio peque\u00f1o de una forma diferente\u2b50\" \/>\n<meta name=\"robots\" content=\"index, follow, max-snippet:-1, max-image-preview:large, max-video-preview:-1\" \/>\n<link rel=\"canonical\" href=\"https:\/\/www.aedashomes.com\/blog\/como-decorar-patio-pequeno\/\" \/>\n<meta property=\"og:locale\" content=\"es_ES\" \/>\n<meta property=\"og:type\" content=\"article\" \/>\n<meta property=\"og:title\" content=\"\u25b7 C\u00f3mo decorar un patio peque\u00f1o | AEDAS Homes\" \/>\n<meta property=\"og:description\" content=\"\u00bfTienes un patio peque\u00f1o y no sabes como decorarlo?\u2705 Descubre nuestros consejos e ideas para decorar tu patio peque\u00f1o de una forma diferente\u2b50\" \/>\n<meta property=\"og:url\" content=\"https:\/\/www.aedashomes.com\/blog\/como-decorar-patio-pequeno\/\" \/>\n<meta property=\"og:site_name\" content=\"AEDAS Homes Blog\" \/>\n<meta property=\"article:publisher\" content=\"https:\/\/www.facebook.com\/aedashomes\/\" \/>\n<meta property=\"article:published_time\" content=\"2022-12-19T11:23:29+00:00\" \/>\n<meta property=\"article:modified_time\" content=\"2025-02-19T10:39:54+00:00\" \/>\n<meta property=\"og:image\" content=\"https:\/\/www.aedashomes.com\/blog\/wp-content\/uploads\/2023\/01\/decorar-un-patio-peque\u00f1o.png\" \/>\n\t<meta property=\"og:image:width\" content=\"878\" \/>\n\t<meta property=\"og:image:height\" content=\"557\" \/>\n\t<meta property=\"og:image:type\" content=\"image\/png\" \/>\n<meta name=\"author\" content=\"-\" \/>\n<meta name=\"twitter:card\" content=\"summary_large_image\" \/>\n<meta name=\"twitter:label1\" content=\"Escrito por\" \/>\n\t<meta name=\"twitter:data1\" content=\"-\" \/>\n<script type=\"application\/ld+json\" class=\"yoast-schema-graph\">{\"@context\":\"https:\/\/schema.org\",\"@graph\":[{\"@type\":\"Article\",\"@id\":\"https:\/\/www.aedashomes.com\/blog\/como-decorar-patio-pequeno\/#article\",\"isPartOf\":{\"@id\":\"https:\/\/www.aedashomes.com\/blog\/como-decorar-patio-pequeno\/\"},\"author\":{\"name\":\"-\",\"@id\":\"https:\/\/www.aedashomes.com\/blog\/#\/schema\/person\/3943511ba2e912cf5f6ba43a52940713\"},\"headline\":\"C\u00f3mo decorar un patio peque\u00f1o\",\"datePublished\":\"2022-12-19T11:23:29+00:00\",\"dateModified\":\"2025-02-19T10:39:54+00:00\",\"mainEntityOfPage\":{\"@id\":\"https:\/\/www.aedashomes.com\/blog\/como-decorar-patio-pequeno\/\"},\"wordCount\":361,\"image\":{\"@id\":\"https:\/\/www.aedashomes.com\/blog\/como-decorar-patio-pequeno\/#primaryimage\"},\"thumbnailUrl\":\"https:\/\/www.aedashomes.com\/blog\/wp-content\/uploads\/2023\/01\/decorar-un-patio-peque\u00f1o.png\",\"keywords\":[\"decoracion de terrazas\"],\"articleSection\":[\"Decoraci\u00f3n de exteriores\",\"Decoraci\u00f3n de terrazas\"],\"inLanguage\":\"es\"},{\"@type\":\"WebPage\",\"@id\":\"https:\/\/www.aedashomes.com\/blog\/como-decorar-patio-pequeno\/\",\"url\":\"https:\/\/www.aedashomes.com\/blog\/como-decorar-patio-pequeno\/\",\"name\":\"\u25b7 C\u00f3mo decorar un patio peque\u00f1o | AEDAS Homes\",\"isPartOf\":{\"@id\":\"https:\/\/www.aedashomes.com\/blog\/#website\"},\"primaryImageOfPage\":{\"@id\":\"https:\/\/www.aedashomes.com\/blog\/como-decorar-patio-pequeno\/#primaryimage\"},\"image\":{\"@id\":\"https:\/\/www.aedashomes.com\/blog\/como-decorar-patio-pequeno\/#primaryimage\"},\"thumbnailUrl\":\"https:\/\/www.aedashomes.com\/blog\/wp-content\/uploads\/2023\/01\/decorar-un-patio-peque\u00f1o.png\",\"datePublished\":\"2022-12-19T11:23:29+00:00\",\"dateModified\":\"2025-02-19T10:39:54+00:00\",\"author\":{\"@id\":\"https:\/\/www.aedashomes.com\/blog\/#\/schema\/person\/3943511ba2e912cf5f6ba43a52940713\"},\"description\":\"\u00bfTienes un patio peque\u00f1o y no sabes como decorarlo?\u2705 Descubre nuestros consejos e ideas para decorar tu patio peque\u00f1o de una forma diferente\u2b50\",\"breadcrumb\":{\"@id\":\"https:\/\/www.aedashomes.com\/blog\/como-decorar-patio-pequeno\/#breadcrumb\"},\"inLanguage\":\"es\",\"potentialAction\":[{\"@type\":\"ReadAction\",\"target\":[\"https:\/\/www.aedashomes.com\/blog\/como-decorar-patio-pequeno\/\"]}]},{\"@type\":\"ImageObject\",\"inLanguage\":\"es\",\"@id\":\"https:\/\/www.aedashomes.com\/blog\/como-decorar-patio-pequeno\/#primaryimage\",\"url\":\"https:\/\/www.aedashomes.com\/blog\/wp-content\/uploads\/2023\/01\/decorar-un-patio-peque\u00f1o.png\",\"contentUrl\":\"https:\/\/www.aedashomes.com\/blog\/wp-content\/uploads\/2023\/01\/decorar-un-patio-peque\u00f1o.png\",\"width\":878,\"height\":557,\"caption\":\"como decorar tu patio peque\u00f1o\"},{\"@type\":\"BreadcrumbList\",\"@id\":\"https:\/\/www.aedashomes.com\/blog\/como-decorar-patio-pequeno\/#breadcrumb\",\"itemListElement\":[{\"@type\":\"ListItem\",\"position\":1,\"name\":\"Blog\",\"item\":\"https:\/\/www.aedashomes.com\/blog\/\"},{\"@type\":\"ListItem\",\"position\":2,\"name\":\"Decoraci\u00f3n de exteriores\",\"item\":\"https:\/\/www.aedashomes.com\/blog\/decoracion-exteriores\/\"},{\"@type\":\"ListItem\",\"position\":3,\"name\":\"C\u00f3mo decorar un patio peque\u00f1o\"}]},{\"@type\":\"WebSite\",\"@id\":\"https:\/\/www.aedashomes.com\/blog\/#website\",\"url\":\"https:\/\/www.aedashomes.com\/blog\/\",\"name\":\"AEDAS Homes Blog\",\"description\":\"El blog de la promotora inmobiliaria AEDAS Homes\",\"potentialAction\":[{\"@type\":\"SearchAction\",\"target\":{\"@type\":\"EntryPoint\",\"urlTemplate\":\"https:\/\/www.aedashomes.com\/blog\/?s={search_term_string}\"},\"query-input\":{\"@type\":\"PropertyValueSpecification\",\"valueRequired\":true,\"valueName\":\"search_term_string\"}}],\"inLanguage\":\"es\"},{\"@type\":\"Person\",\"@id\":\"https:\/\/www.aedashomes.com\/blog\/#\/schema\/person\/3943511ba2e912cf5f6ba43a52940713\",\"name\":\"-\",\"image\":{\"@type\":\"ImageObject\",\"inLanguage\":\"es\",\"@id\":\"https:\/\/www.aedashomes.com\/blog\/#\/schema\/person\/image\/\",\"url\":\"https:\/\/secure.gravatar.com\/avatar\/9a98fc972c3ec2b91fdfd2a81c93ee3fc7c04aeefac4d931b43205ed61d9e009?s=96&d=mm&r=g\",\"contentUrl\":\"https:\/\/secure.gravatar.com\/avatar\/9a98fc972c3ec2b91fdfd2a81c93ee3fc7c04aeefac4d931b43205ed61d9e009?s=96&d=mm&r=g\",\"caption\":\"-\"},\"url\":\"https:\/\/www.aedashomes.com\/blog\/author\/idento\/\"}]}<\/script>\n<!-- \/ Yoast SEO plugin. -->","yoast_head_json":{"title":"\u25b7 C\u00f3mo decorar un patio peque\u00f1o | AEDAS Homes","description":"\u00bfTienes un patio peque\u00f1o y no sabes como decorarlo?\u2705 Descubre nuestros consejos e ideas para decorar tu patio peque\u00f1o de una forma diferente\u2b50","robots":{"index":"index","follow":"follow","max-snippet":"max-snippet:-1","max-image-preview":"max-image-preview:large","max-video-preview":"max-video-preview:-1"},"canonical":"https:\/\/www.aedashomes.com\/blog\/como-decorar-patio-pequeno\/","og_locale":"es_ES","og_type":"article","og_title":"\u25b7 C\u00f3mo decorar un patio peque\u00f1o | AEDAS Homes","og_description":"\u00bfTienes un patio peque\u00f1o y no sabes como decorarlo?\u2705 Descubre nuestros consejos e ideas para decorar tu patio peque\u00f1o de una forma diferente\u2b50","og_url":"https:\/\/www.aedashomes.com\/blog\/como-decorar-patio-pequeno\/","og_site_name":"AEDAS Homes Blog","article_publisher":"https:\/\/www.facebook.com\/aedashomes\/","article_published_time":"2022-12-19T11:23:29+00:00","article_modified_time":"2025-02-19T10:39:54+00:00","og_image":[{"width":878,"height":557,"url":"https:\/\/www.aedashomes.com\/blog\/wp-content\/uploads\/2023\/01\/decorar-un-patio-peque\u00f1o.png","type":"image\/png"}],"author":"-","twitter_card":"summary_large_image","twitter_misc":{"Escrito por":"-"},"schema":{"@context":"https:\/\/schema.org","@graph":[{"@type":"Article","@id":"https:\/\/www.aedashomes.com\/blog\/como-decorar-patio-pequeno\/#article","isPartOf":{"@id":"https:\/\/www.aedashomes.com\/blog\/como-decorar-patio-pequeno\/"},"author":{"name":"-","@id":"https:\/\/www.aedashomes.com\/blog\/#\/schema\/person\/3943511ba2e912cf5f6ba43a52940713"},"headline":"C\u00f3mo decorar un patio peque\u00f1o","datePublished":"2022-12-19T11:23:29+00:00","dateModified":"2025-02-19T10:39:54+00:00","mainEntityOfPage":{"@id":"https:\/\/www.aedashomes.com\/blog\/como-decorar-patio-pequeno\/"},"wordCount":361,"image":{"@id":"https:\/\/www.aedashomes.com\/blog\/como-decorar-patio-pequeno\/#primaryimage"},"thumbnailUrl":"https:\/\/www.aedashomes.com\/blog\/wp-content\/uploads\/2023\/01\/decorar-un-patio-peque\u00f1o.png","keywords":["decoracion de terrazas"],"articleSection":["Decoraci\u00f3n de exteriores","Decoraci\u00f3n de terrazas"],"inLanguage":"es"},{"@type":"WebPage","@id":"https:\/\/www.aedashomes.com\/blog\/como-decorar-patio-pequeno\/","url":"https:\/\/www.aedashomes.com\/blog\/como-decorar-patio-pequeno\/","name":"\u25b7 C\u00f3mo decorar un patio peque\u00f1o | AEDAS Homes","isPartOf":{"@id":"https:\/\/www.aedashomes.com\/blog\/#website"},"primaryImageOfPage":{"@id":"https:\/\/www.aedashomes.com\/blog\/como-decorar-patio-pequeno\/#primaryimage"},"image":{"@id":"https:\/\/www.aedashomes.com\/blog\/como-decorar-patio-pequeno\/#primaryimage"},"thumbnailUrl":"https:\/\/www.aedashomes.com\/blog\/wp-content\/uploads\/2023\/01\/decorar-un-patio-peque\u00f1o.png","datePublished":"2022-12-19T11:23:29+00:00","dateModified":"2025-02-19T10:39:54+00:00","author":{"@id":"https:\/\/www.aedashomes.com\/blog\/#\/schema\/person\/3943511ba2e912cf5f6ba43a52940713"},"description":"\u00bfTienes un patio peque\u00f1o y no sabes como decorarlo?\u2705 Descubre nuestros consejos e ideas para decorar tu patio peque\u00f1o de una forma diferente\u2b50","breadcrumb":{"@id":"https:\/\/www.aedashomes.com\/blog\/como-decorar-patio-pequeno\/#breadcrumb"},"inLanguage":"es","potentialAction":[{"@type":"ReadAction","target":["https:\/\/www.aedashomes.com\/blog\/como-decorar-patio-pequeno\/"]}]},{"@type":"ImageObject","inLanguage":"es","@id":"https:\/\/www.aedashomes.com\/blog\/como-decorar-patio-pequeno\/#primaryimage","url":"https:\/\/www.aedashomes.com\/blog\/wp-content\/uploads\/2023\/01\/decorar-un-patio-peque\u00f1o.png","contentUrl":"https:\/\/www.aedashomes.com\/blog\/wp-content\/uploads\/2023\/01\/decorar-un-patio-peque\u00f1o.png","width":878,"height":557,"caption":"como decorar tu patio peque\u00f1o"},{"@type":"BreadcrumbList","@id":"https:\/\/www.aedashomes.com\/blog\/como-decorar-patio-pequeno\/#breadcrumb","itemListElement":[{"@type":"ListItem","position":1,"name":"Blog","item":"https:\/\/www.aedashomes.com\/blog\/"},{"@type":"ListItem","position":2,"name":"Decoraci\u00f3n de exteriores","item":"https:\/\/www.aedashomes.com\/blog\/decoracion-exteriores\/"},{"@type":"ListItem","position":3,"name":"C\u00f3mo decorar un patio peque\u00f1o"}]},{"@type":"WebSite","@id":"https:\/\/www.aedashomes.com\/blog\/#website","url":"https:\/\/www.aedashomes.com\/blog\/","name":"AEDAS Homes Blog","description":"El blog de la promotora inmobiliaria AEDAS Homes","potentialAction":[{"@type":"SearchAction","target":{"@type":"EntryPoint","urlTemplate":"https:\/\/www.aedashomes.com\/blog\/?s={search_term_string}"},"query-input":{"@type":"PropertyValueSpecification","valueRequired":true,"valueName":"search_term_string"}}],"inLanguage":"es"},{"@type":"Person","@id":"https:\/\/www.aedashomes.com\/blog\/#\/schema\/person\/3943511ba2e912cf5f6ba43a52940713","name":"-","image":{"@type":"ImageObject","inLanguage":"es","@id":"https:\/\/www.aedashomes.com\/blog\/#\/schema\/person\/image\/","url":"https:\/\/secure.gravatar.com\/avatar\/9a98fc972c3ec2b91fdfd2a81c93ee3fc7c04aeefac4d931b43205ed61d9e009?s=96&d=mm&r=g","contentUrl":"https:\/\/secure.gravatar.com\/avatar\/9a98fc972c3ec2b91fdfd2a81c93ee3fc7c04aeefac4d931b43205ed61d9e009?s=96&d=mm&r=g","caption":"-"},"url":"https:\/\/www.aedashomes.com\/blog\/author\/idento\/"}]}},"_links":{"self":[{"href":"https:\/\/www.aedashomes.com\/blog\/wp-json\/wp\/v2\/posts\/16265","targetHints":{"allow":["GET"]}}],"collection":[{"href":"https:\/\/www.aedashomes.com\/blog\/wp-json\/wp\/v2\/posts"}],"about":[{"href":"https:\/\/www.aedashomes.com\/blog\/wp-json\/wp\/v2\/types\/post"}],"author":[{"embeddable":true,"href":"https:\/\/www.aedashomes.com\/blog\/wp-json\/wp\/v2\/users\/15"}],"replies":[{"embeddable":true,"href":"https:\/\/www.aedashomes.com\/blog\/wp-json\/wp\/v2\/comments?post=16265"}],"version-history":[{"count":3,"href":"https:\/\/www.aedashomes.com\/blog\/wp-json\/wp\/v2\/posts\/16265\/revisions"}],"predecessor-version":[{"id":18339,"href":"https:\/\/www.aedashomes.com\/blog\/wp-json\/wp\/v2\/posts\/16265\/revisions\/18339"}],"wp:featuredmedia":[{"embeddable":true,"href":"https:\/\/www.aedashomes.com\/blog\/wp-json\/wp\/v2\/media\/16266"}],"wp:attachment":[{"href":"https:\/\/www.aedashomes.com\/blog\/wp-json\/wp\/v2\/media?parent=16265"}],"wp:term":[{"taxonomy":"category","embeddable":true,"href":"https:\/\/www.aedashomes.com\/blog\/wp-json\/wp\/v2\/categories?post=16265"},{"taxonomy":"post_tag","embeddable":true,"href":"https:\/\/www.aedashomes.com\/blog\/wp-json\/wp\/v2\/tags?post=16265"}],"curies":[{"name":"wp","href":"https:\/\/api.w.org\/{rel}","templated":true}]}}