{"id":16386,"date":"2023-02-24T13:30:21","date_gmt":"2023-02-24T12:30:21","guid":{"rendered":"https:\/\/52.31.48.128\/blog\/?p=16386"},"modified":"2025-02-19T11:41:06","modified_gmt":"2025-02-19T10:41:06","slug":"aedas-homes-presenta-nerva-denia-en-su-flagship-de-madrid","status":"publish","type":"post","link":"https:\/\/www.aedashomes.com\/blog\/aedas-homes-presenta-nerva-denia-en-su-flagship-de-madrid\/","title":{"rendered":"AEDAS Homes presenta Nerva (Denia) en su flagship de Madrid"},"content":{"rendered":"\r\n<p>El pasado 23 de febrero de 2023 AEDAS Homes present\u00f3 en Madrid su exclusiva promoci\u00f3n <strong><a href=\"https:\/\/www.aedashomes.com\/pisos-en-venta-en-denia-obra-nueva-nerva\">Nerva en Denia (Alicante)<\/a><\/strong> en un evento que gener\u00f3 una gran expectaci\u00f3n congregando a m\u00e1s de 100 clientes (finales y potenciales) en la <a href=\"https:\/\/flagship.aedashomes.com\/\" target=\"_blank\">flagship AEDAS Homes<\/a> situada en el coraz\u00f3n de la capital.<\/p>\r\n\r\n\r\n\r\n<div class=\"wp-block-image\">\r\n<figure class=\"alignright is-resized\"><img loading=\"lazy\" decoding=\"async\" class=\"wp-image-16390\" src=\"https:\/\/www.aedashomes.com\/blog\/wp-content\/uploads\/2023\/02\/nerva-flagship-aedas-homes.jpg\" alt=\"\" width=\"277\" height=\"178\" srcset=\"https:\/\/www.aedashomes.com\/blog\/wp-content\/uploads\/2023\/02\/nerva-flagship-aedas-homes.jpg 941w, https:\/\/www.aedashomes.com\/blog\/wp-content\/uploads\/2023\/02\/nerva-flagship-aedas-homes-300x193.jpg 300w\" sizes=\"auto, (max-width: 277px) 100vw, 277px\" \/>\r\n<figcaption>Parte del equipo de AEDAS Homes en la territorial Levante y Baleares<\/figcaption>\r\n<\/figure>\r\n<\/div>\r\n\r\n\r\n\r\n<p>Juan L\u00f3pez, Director Territorial de AEDAS Homes en Levante, Azucena Esperanza, Gerente de Promociones de AEDAS Homes en Valencia y responsable de Nerva, y V\u00edctor Garc\u00eda, arquitecto del proyecto de V\u00edctor Garc\u00eda Arquitectos Estudio, fueron los encargados de exponer todas las cualidades y atractivos de Nerva. Destacaron desde <strong>su buena ubicaci\u00f3n en Denia, situada en un enclave privilegiado<\/strong> y con el valor a\u00f1adido de elementos hist\u00f3ricos, hasta sus calidades inmejorables pasando por sus completas zonas comunes.\u00a0<\/p>\r\n\r\n\r\n<center><iframe loading=\"lazy\" title=\"YouTube video player\" src=\"https:\/\/www.youtube-nocookie.com\/embed\/vPqn87nuRHA\" width=\"560\" height=\"315\" frameborder=\"0\" allowfullscreen=\"allowfullscreen\"><\/iframe><\/center>\r\n\r\n\r\n<div class=\"wp-block-spacer\" style=\"height: 34px;\" aria-hidden=\"true\">\u00a0<\/div>\r\n\r\n\r\n\r\n<p>Nerva, que ya est\u00e1 en construcci\u00f3n y se espera que est\u00e9 concluida en la primera mitad de 2024, se alza como un residencial ideal para la demanda madrile\u00f1a de segunda residencia, como est\u00e1 quedando de manifiesto entre las reservas realizadas (el 35% de su oferta en la primera fase ya est\u00e1 vendida). Adem\u00e1s, no es una promoci\u00f3n de viviendas cualquiera: <strong>integrar\u00e1 y proteger\u00e1 el elemento hist\u00f3rico patrimonial singular <\/strong>de la muralla isl\u00e1mica de las Atarazanas del siglo XII y el edificio La Senia de Oliver, un inmueble con reminiscencias victorianas que ser\u00e1 rehabilitado para albergar las dotaciones comunitarias.<\/p>\r\n\r\n\r\n\r\n<div class=\"wp-block-image\">\r\n<figure class=\"aligncenter\"><img loading=\"lazy\" decoding=\"async\" width=\"1024\" height=\"520\" class=\"wp-image-16388\" src=\"https:\/\/www.aedashomes.com\/blog\/wp-content\/uploads\/2023\/02\/zonas-comunes-nerva-aedas-homes-1024x520.jpg\" alt=\"\" srcset=\"https:\/\/www.aedashomes.com\/blog\/wp-content\/uploads\/2023\/02\/zonas-comunes-nerva-aedas-homes-1024x520.jpg 1024w, https:\/\/www.aedashomes.com\/blog\/wp-content\/uploads\/2023\/02\/zonas-comunes-nerva-aedas-homes-300x152.jpg 300w, https:\/\/www.aedashomes.com\/blog\/wp-content\/uploads\/2023\/02\/zonas-comunes-nerva-aedas-homes.jpg 1192w\" sizes=\"auto, (max-width: 1024px) 100vw, 1024px\" \/>\r\n<figcaption>La Senia de Oliver, con reminiscencias victorianas, formar\u00e1 parte de las zonas comunes de Nerva<\/figcaption>\r\n<\/figure>\r\n<\/div>\r\n\r\n\r\n\r\n<p>En total, este residencial acoger\u00e1 195 viviendas de 2, 3 y 4 dormitorios con terraza, garaje y trastero y<strong> zonas comunes exteriores de unos 9.000 m\u00b2<\/strong> en los que se ubican unos amplios jardines dise\u00f1ados por el reconocido paisajista Gustavo Marina, piscina de 400 m\u00b2 con varios ambientes como zona de chapoteo, \u00a0zona l\u00fadica y carril de nado, gimnasio, club social, coworking y mucho m\u00e1s.<\/p>\r\n\r\n\r\n\r\n<p>Los asistentes al evento de presentaci\u00f3n de Nerva en Madrid pudieron disfrutar de un showcooking con platos t\u00edpicos de Denia como la coca de anchoas o el espencat y que estuvo protagonizado por <strong>Fabio, exconcursante de Masterchef<\/strong>, quien prepar\u00f3 el arroz con gamba roja.<\/p>\r\n\r\n\r\n\r\n<div class=\"wp-block-image\">\r\n<figure class=\"aligncenter\"><img loading=\"lazy\" decoding=\"async\" width=\"934\" height=\"605\" class=\"wp-image-16387\" src=\"https:\/\/www.aedashomes.com\/blog\/wp-content\/uploads\/2023\/02\/fabio-masterchef-nerva-aedas-homes.jpg\" alt=\"\" srcset=\"https:\/\/www.aedashomes.com\/blog\/wp-content\/uploads\/2023\/02\/fabio-masterchef-nerva-aedas-homes.jpg 934w, https:\/\/www.aedashomes.com\/blog\/wp-content\/uploads\/2023\/02\/fabio-masterchef-nerva-aedas-homes-300x194.jpg 300w\" sizes=\"auto, (max-width: 934px) 100vw, 934px\" \/>\r\n<figcaption>Fabio, exconcursante de Masterchef, cocin\u00f3 en la flagship de AEDAS Homes<\/figcaption>\r\n<\/figure>\r\n<\/div>\r\n","protected":false},"excerpt":{"rendered":"<p>El pasado 23 de febrero de 2023 AEDAS Homes present\u00f3 en Madrid su exclusiva promoci\u00f3n Nerva en Denia (Alicante) en un evento que gener\u00f3 una gran expectaci\u00f3n congregando a m\u00e1s de 100 clientes (finales y potenciales) en la flagship AEDAS Homes situada en el coraz\u00f3n de la capital. Juan L\u00f3pez, Director Territorial de AEDAS Homes&#8230;<\/p>\n","protected":false},"author":15,"featured_media":16389,"comment_status":"closed","ping_status":"closed","sticky":false,"template":"","format":"standard","meta":{"_acf_changed":false,"footnotes":""},"categories":[171,176],"tags":[],"class_list":["post-16386","post","type-post","status-publish","format-standard","has-post-thumbnail","hentry","category-promociones-inmobiliarias","category-promociones-levante"],"acf":[],"yoast_head":"<!-- This site is optimized with the Yoast SEO plugin v27.0 - https:\/\/yoast.com\/product\/yoast-seo-wordpress\/ -->\n<title>AEDAS Homes presenta Nerva (Denia) en su flagship de Madrid - AEDAS Homes Blog<\/title>\n<meta name=\"description\" content=\"Su buena ubicaci\u00f3n en Denia, sus calidades inmejorables, sus completas zonas comunes y sus elementos hist\u00f3ricos recuperados son puntos clave de Nerva.\" \/>\n<meta name=\"robots\" content=\"index, follow, max-snippet:-1, max-image-preview:large, max-video-preview:-1\" \/>\n<link rel=\"canonical\" href=\"https:\/\/www.aedashomes.com\/blog\/aedas-homes-presenta-nerva-denia-en-su-flagship-de-madrid\/\" \/>\n<meta property=\"og:locale\" content=\"es_ES\" \/>\n<meta property=\"og:type\" content=\"article\" \/>\n<meta property=\"og:title\" content=\"AEDAS Homes presenta Nerva (Denia) en su flagship de Madrid - AEDAS Homes Blog\" \/>\n<meta property=\"og:description\" content=\"Su buena ubicaci\u00f3n en Denia, sus calidades inmejorables, sus completas zonas comunes y sus elementos hist\u00f3ricos recuperados son puntos clave de Nerva.\" \/>\n<meta property=\"og:url\" content=\"https:\/\/www.aedashomes.com\/blog\/aedas-homes-presenta-nerva-denia-en-su-flagship-de-madrid\/\" \/>\n<meta property=\"og:site_name\" content=\"AEDAS Homes Blog\" \/>\n<meta property=\"article:publisher\" content=\"https:\/\/www.facebook.com\/aedashomes\/\" \/>\n<meta property=\"article:published_time\" content=\"2023-02-24T12:30:21+00:00\" \/>\n<meta property=\"article:modified_time\" content=\"2025-02-19T10:41:06+00:00\" \/>\n<meta property=\"og:image\" content=\"https:\/\/www.aedashomes.com\/blog\/wp-content\/uploads\/2023\/02\/zonas-comunes-nerva-aedas-homes2.jpg\" \/>\n\t<meta property=\"og:image:width\" content=\"1253\" \/>\n\t<meta property=\"og:image:height\" content=\"605\" \/>\n\t<meta property=\"og:image:type\" content=\"image\/jpeg\" \/>\n<meta name=\"author\" content=\"-\" \/>\n<meta name=\"twitter:card\" content=\"summary_large_image\" \/>\n<meta name=\"twitter:label1\" content=\"Escrito por\" \/>\n\t<meta name=\"twitter:data1\" content=\"-\" \/>\n<script type=\"application\/ld+json\" class=\"yoast-schema-graph\">{\"@context\":\"https:\/\/schema.org\",\"@graph\":[{\"@type\":\"Article\",\"@id\":\"https:\/\/www.aedashomes.com\/blog\/aedas-homes-presenta-nerva-denia-en-su-flagship-de-madrid\/#article\",\"isPartOf\":{\"@id\":\"https:\/\/www.aedashomes.com\/blog\/aedas-homes-presenta-nerva-denia-en-su-flagship-de-madrid\/\"},\"author\":{\"name\":\"-\",\"@id\":\"https:\/\/www.aedashomes.com\/blog\/#\/schema\/person\/3943511ba2e912cf5f6ba43a52940713\"},\"headline\":\"AEDAS Homes presenta Nerva (Denia) en su flagship de Madrid\",\"datePublished\":\"2023-02-24T12:30:21+00:00\",\"dateModified\":\"2025-02-19T10:41:06+00:00\",\"mainEntityOfPage\":{\"@id\":\"https:\/\/www.aedashomes.com\/blog\/aedas-homes-presenta-nerva-denia-en-su-flagship-de-madrid\/\"},\"wordCount\":391,\"image\":{\"@id\":\"https:\/\/www.aedashomes.com\/blog\/aedas-homes-presenta-nerva-denia-en-su-flagship-de-madrid\/#primaryimage\"},\"thumbnailUrl\":\"https:\/\/www.aedashomes.com\/blog\/wp-content\/uploads\/2023\/02\/zonas-comunes-nerva-aedas-homes2.jpg\",\"articleSection\":[\"Promociones\",\"Promociones en Levante\"],\"inLanguage\":\"es\"},{\"@type\":\"WebPage\",\"@id\":\"https:\/\/www.aedashomes.com\/blog\/aedas-homes-presenta-nerva-denia-en-su-flagship-de-madrid\/\",\"url\":\"https:\/\/www.aedashomes.com\/blog\/aedas-homes-presenta-nerva-denia-en-su-flagship-de-madrid\/\",\"name\":\"AEDAS Homes presenta Nerva (Denia) en su flagship de Madrid - AEDAS Homes Blog\",\"isPartOf\":{\"@id\":\"https:\/\/www.aedashomes.com\/blog\/#website\"},\"primaryImageOfPage\":{\"@id\":\"https:\/\/www.aedashomes.com\/blog\/aedas-homes-presenta-nerva-denia-en-su-flagship-de-madrid\/#primaryimage\"},\"image\":{\"@id\":\"https:\/\/www.aedashomes.com\/blog\/aedas-homes-presenta-nerva-denia-en-su-flagship-de-madrid\/#primaryimage\"},\"thumbnailUrl\":\"https:\/\/www.aedashomes.com\/blog\/wp-content\/uploads\/2023\/02\/zonas-comunes-nerva-aedas-homes2.jpg\",\"datePublished\":\"2023-02-24T12:30:21+00:00\",\"dateModified\":\"2025-02-19T10:41:06+00:00\",\"author\":{\"@id\":\"https:\/\/www.aedashomes.com\/blog\/#\/schema\/person\/3943511ba2e912cf5f6ba43a52940713\"},\"description\":\"Su buena ubicaci\u00f3n en Denia, sus calidades inmejorables, sus completas zonas comunes y sus elementos hist\u00f3ricos recuperados son puntos clave de Nerva.\",\"breadcrumb\":{\"@id\":\"https:\/\/www.aedashomes.com\/blog\/aedas-homes-presenta-nerva-denia-en-su-flagship-de-madrid\/#breadcrumb\"},\"inLanguage\":\"es\",\"potentialAction\":[{\"@type\":\"ReadAction\",\"target\":[\"https:\/\/www.aedashomes.com\/blog\/aedas-homes-presenta-nerva-denia-en-su-flagship-de-madrid\/\"]}]},{\"@type\":\"ImageObject\",\"inLanguage\":\"es\",\"@id\":\"https:\/\/www.aedashomes.com\/blog\/aedas-homes-presenta-nerva-denia-en-su-flagship-de-madrid\/#primaryimage\",\"url\":\"https:\/\/www.aedashomes.com\/blog\/wp-content\/uploads\/2023\/02\/zonas-comunes-nerva-aedas-homes2.jpg\",\"contentUrl\":\"https:\/\/www.aedashomes.com\/blog\/wp-content\/uploads\/2023\/02\/zonas-comunes-nerva-aedas-homes2.jpg\",\"width\":1253,\"height\":605},{\"@type\":\"BreadcrumbList\",\"@id\":\"https:\/\/www.aedashomes.com\/blog\/aedas-homes-presenta-nerva-denia-en-su-flagship-de-madrid\/#breadcrumb\",\"itemListElement\":[{\"@type\":\"ListItem\",\"position\":1,\"name\":\"Blog\",\"item\":\"https:\/\/www.aedashomes.com\/blog\/\"},{\"@type\":\"ListItem\",\"position\":2,\"name\":\"Te interesar\u00e1\",\"item\":\"https:\/\/www.aedashomes.com\/blog\/te-interesara\/\"},{\"@type\":\"ListItem\",\"position\":3,\"name\":\"AEDAS Homes presenta Nerva (Denia) en su flagship de Madrid\"}]},{\"@type\":\"WebSite\",\"@id\":\"https:\/\/www.aedashomes.com\/blog\/#website\",\"url\":\"https:\/\/www.aedashomes.com\/blog\/\",\"name\":\"AEDAS Homes Blog\",\"description\":\"El blog de la promotora inmobiliaria AEDAS Homes\",\"potentialAction\":[{\"@type\":\"SearchAction\",\"target\":{\"@type\":\"EntryPoint\",\"urlTemplate\":\"https:\/\/www.aedashomes.com\/blog\/?s={search_term_string}\"},\"query-input\":{\"@type\":\"PropertyValueSpecification\",\"valueRequired\":true,\"valueName\":\"search_term_string\"}}],\"inLanguage\":\"es\"},{\"@type\":\"Person\",\"@id\":\"https:\/\/www.aedashomes.com\/blog\/#\/schema\/person\/3943511ba2e912cf5f6ba43a52940713\",\"name\":\"-\",\"image\":{\"@type\":\"ImageObject\",\"inLanguage\":\"es\",\"@id\":\"https:\/\/www.aedashomes.com\/blog\/#\/schema\/person\/image\/\",\"url\":\"https:\/\/secure.gravatar.com\/avatar\/9a98fc972c3ec2b91fdfd2a81c93ee3fc7c04aeefac4d931b43205ed61d9e009?s=96&d=mm&r=g\",\"contentUrl\":\"https:\/\/secure.gravatar.com\/avatar\/9a98fc972c3ec2b91fdfd2a81c93ee3fc7c04aeefac4d931b43205ed61d9e009?s=96&d=mm&r=g\",\"caption\":\"-\"},\"url\":\"https:\/\/www.aedashomes.com\/blog\/author\/idento\/\"}]}<\/script>\n<!-- \/ Yoast SEO plugin. -->","yoast_head_json":{"title":"AEDAS Homes presenta Nerva (Denia) en su flagship de Madrid - AEDAS Homes Blog","description":"Su buena ubicaci\u00f3n en Denia, sus calidades inmejorables, sus completas zonas comunes y sus elementos hist\u00f3ricos recuperados son puntos clave de Nerva.","robots":{"index":"index","follow":"follow","max-snippet":"max-snippet:-1","max-image-preview":"max-image-preview:large","max-video-preview":"max-video-preview:-1"},"canonical":"https:\/\/www.aedashomes.com\/blog\/aedas-homes-presenta-nerva-denia-en-su-flagship-de-madrid\/","og_locale":"es_ES","og_type":"article","og_title":"AEDAS Homes presenta Nerva (Denia) en su flagship de Madrid - AEDAS Homes Blog","og_description":"Su buena ubicaci\u00f3n en Denia, sus calidades inmejorables, sus completas zonas comunes y sus elementos hist\u00f3ricos recuperados son puntos clave de Nerva.","og_url":"https:\/\/www.aedashomes.com\/blog\/aedas-homes-presenta-nerva-denia-en-su-flagship-de-madrid\/","og_site_name":"AEDAS Homes Blog","article_publisher":"https:\/\/www.facebook.com\/aedashomes\/","article_published_time":"2023-02-24T12:30:21+00:00","article_modified_time":"2025-02-19T10:41:06+00:00","og_image":[{"width":1253,"height":605,"url":"https:\/\/www.aedashomes.com\/blog\/wp-content\/uploads\/2023\/02\/zonas-comunes-nerva-aedas-homes2.jpg","type":"image\/jpeg"}],"author":"-","twitter_card":"summary_large_image","twitter_misc":{"Escrito por":"-"},"schema":{"@context":"https:\/\/schema.org","@graph":[{"@type":"Article","@id":"https:\/\/www.aedashomes.com\/blog\/aedas-homes-presenta-nerva-denia-en-su-flagship-de-madrid\/#article","isPartOf":{"@id":"https:\/\/www.aedashomes.com\/blog\/aedas-homes-presenta-nerva-denia-en-su-flagship-de-madrid\/"},"author":{"name":"-","@id":"https:\/\/www.aedashomes.com\/blog\/#\/schema\/person\/3943511ba2e912cf5f6ba43a52940713"},"headline":"AEDAS Homes presenta Nerva (Denia) en su flagship de Madrid","datePublished":"2023-02-24T12:30:21+00:00","dateModified":"2025-02-19T10:41:06+00:00","mainEntityOfPage":{"@id":"https:\/\/www.aedashomes.com\/blog\/aedas-homes-presenta-nerva-denia-en-su-flagship-de-madrid\/"},"wordCount":391,"image":{"@id":"https:\/\/www.aedashomes.com\/blog\/aedas-homes-presenta-nerva-denia-en-su-flagship-de-madrid\/#primaryimage"},"thumbnailUrl":"https:\/\/www.aedashomes.com\/blog\/wp-content\/uploads\/2023\/02\/zonas-comunes-nerva-aedas-homes2.jpg","articleSection":["Promociones","Promociones en Levante"],"inLanguage":"es"},{"@type":"WebPage","@id":"https:\/\/www.aedashomes.com\/blog\/aedas-homes-presenta-nerva-denia-en-su-flagship-de-madrid\/","url":"https:\/\/www.aedashomes.com\/blog\/aedas-homes-presenta-nerva-denia-en-su-flagship-de-madrid\/","name":"AEDAS Homes presenta Nerva (Denia) en su flagship de Madrid - AEDAS Homes Blog","isPartOf":{"@id":"https:\/\/www.aedashomes.com\/blog\/#website"},"primaryImageOfPage":{"@id":"https:\/\/www.aedashomes.com\/blog\/aedas-homes-presenta-nerva-denia-en-su-flagship-de-madrid\/#primaryimage"},"image":{"@id":"https:\/\/www.aedashomes.com\/blog\/aedas-homes-presenta-nerva-denia-en-su-flagship-de-madrid\/#primaryimage"},"thumbnailUrl":"https:\/\/www.aedashomes.com\/blog\/wp-content\/uploads\/2023\/02\/zonas-comunes-nerva-aedas-homes2.jpg","datePublished":"2023-02-24T12:30:21+00:00","dateModified":"2025-02-19T10:41:06+00:00","author":{"@id":"https:\/\/www.aedashomes.com\/blog\/#\/schema\/person\/3943511ba2e912cf5f6ba43a52940713"},"description":"Su buena ubicaci\u00f3n en Denia, sus calidades inmejorables, sus completas zonas comunes y sus elementos hist\u00f3ricos recuperados son puntos clave de Nerva.","breadcrumb":{"@id":"https:\/\/www.aedashomes.com\/blog\/aedas-homes-presenta-nerva-denia-en-su-flagship-de-madrid\/#breadcrumb"},"inLanguage":"es","potentialAction":[{"@type":"ReadAction","target":["https:\/\/www.aedashomes.com\/blog\/aedas-homes-presenta-nerva-denia-en-su-flagship-de-madrid\/"]}]},{"@type":"ImageObject","inLanguage":"es","@id":"https:\/\/www.aedashomes.com\/blog\/aedas-homes-presenta-nerva-denia-en-su-flagship-de-madrid\/#primaryimage","url":"https:\/\/www.aedashomes.com\/blog\/wp-content\/uploads\/2023\/02\/zonas-comunes-nerva-aedas-homes2.jpg","contentUrl":"https:\/\/www.aedashomes.com\/blog\/wp-content\/uploads\/2023\/02\/zonas-comunes-nerva-aedas-homes2.jpg","width":1253,"height":605},{"@type":"BreadcrumbList","@id":"https:\/\/www.aedashomes.com\/blog\/aedas-homes-presenta-nerva-denia-en-su-flagship-de-madrid\/#breadcrumb","itemListElement":[{"@type":"ListItem","position":1,"name":"Blog","item":"https:\/\/www.aedashomes.com\/blog\/"},{"@type":"ListItem","position":2,"name":"Te interesar\u00e1","item":"https:\/\/www.aedashomes.com\/blog\/te-interesara\/"},{"@type":"ListItem","position":3,"name":"AEDAS Homes presenta Nerva (Denia) en su flagship de Madrid"}]},{"@type":"WebSite","@id":"https:\/\/www.aedashomes.com\/blog\/#website","url":"https:\/\/www.aedashomes.com\/blog\/","name":"AEDAS Homes Blog","description":"El blog de la promotora inmobiliaria AEDAS Homes","potentialAction":[{"@type":"SearchAction","target":{"@type":"EntryPoint","urlTemplate":"https:\/\/www.aedashomes.com\/blog\/?s={search_term_string}"},"query-input":{"@type":"PropertyValueSpecification","valueRequired":true,"valueName":"search_term_string"}}],"inLanguage":"es"},{"@type":"Person","@id":"https:\/\/www.aedashomes.com\/blog\/#\/schema\/person\/3943511ba2e912cf5f6ba43a52940713","name":"-","image":{"@type":"ImageObject","inLanguage":"es","@id":"https:\/\/www.aedashomes.com\/blog\/#\/schema\/person\/image\/","url":"https:\/\/secure.gravatar.com\/avatar\/9a98fc972c3ec2b91fdfd2a81c93ee3fc7c04aeefac4d931b43205ed61d9e009?s=96&d=mm&r=g","contentUrl":"https:\/\/secure.gravatar.com\/avatar\/9a98fc972c3ec2b91fdfd2a81c93ee3fc7c04aeefac4d931b43205ed61d9e009?s=96&d=mm&r=g","caption":"-"},"url":"https:\/\/www.aedashomes.com\/blog\/author\/idento\/"}]}},"_links":{"self":[{"href":"https:\/\/www.aedashomes.com\/blog\/wp-json\/wp\/v2\/posts\/16386","targetHints":{"allow":["GET"]}}],"collection":[{"href":"https:\/\/www.aedashomes.com\/blog\/wp-json\/wp\/v2\/posts"}],"about":[{"href":"https:\/\/www.aedashomes.com\/blog\/wp-json\/wp\/v2\/types\/post"}],"author":[{"embeddable":true,"href":"https:\/\/www.aedashomes.com\/blog\/wp-json\/wp\/v2\/users\/15"}],"replies":[{"embeddable":true,"href":"https:\/\/www.aedashomes.com\/blog\/wp-json\/wp\/v2\/comments?post=16386"}],"version-history":[{"count":12,"href":"https:\/\/www.aedashomes.com\/blog\/wp-json\/wp\/v2\/posts\/16386\/revisions"}],"predecessor-version":[{"id":18356,"href":"https:\/\/www.aedashomes.com\/blog\/wp-json\/wp\/v2\/posts\/16386\/revisions\/18356"}],"wp:featuredmedia":[{"embeddable":true,"href":"https:\/\/www.aedashomes.com\/blog\/wp-json\/wp\/v2\/media\/16389"}],"wp:attachment":[{"href":"https:\/\/www.aedashomes.com\/blog\/wp-json\/wp\/v2\/media?parent=16386"}],"wp:term":[{"taxonomy":"category","embeddable":true,"href":"https:\/\/www.aedashomes.com\/blog\/wp-json\/wp\/v2\/categories?post=16386"},{"taxonomy":"post_tag","embeddable":true,"href":"https:\/\/www.aedashomes.com\/blog\/wp-json\/wp\/v2\/tags?post=16386"}],"curies":[{"name":"wp","href":"https:\/\/api.w.org\/{rel}","templated":true}]}}