{"id":16786,"date":"2023-05-31T12:38:41","date_gmt":"2023-05-31T11:38:41","guid":{"rendered":"https:\/\/52.31.48.128\/blog\/?p=16786"},"modified":"2025-02-19T08:50:19","modified_gmt":"2025-02-19T07:50:19","slug":"talento-sector-inmobiliario-profesionales","status":"publish","type":"post","link":"https:\/\/www.aedashomes.com\/blog\/talento-sector-inmobiliario-profesionales\/","title":{"rendered":"\u201cEl talento es intangible, no se ve en un curr\u00edculum\u201d"},"content":{"rendered":"<p>Una de las grandes preocupaciones del sector inmobiliario es la atracci\u00f3n y fidelizaci\u00f3n de profesionales especializados. Con el af\u00e1n de compartir <strong>experiencias y soluciones, Esther Duarte, Directora de Recursos Corporativos de <a href=\"https:\/\/www.aedashomes.com\/\">AEDAS Homes<\/a><\/strong>, particip\u00f3 en el SIMA TALENT, un nuevo espacio promovido en la edici\u00f3n del Sal\u00f3n Internacional Inmobiliario de Madrid (SIMA) 2023.<\/p>\n<figure id=\"attachment_16788\" aria-describedby=\"caption-attachment-16788\" style=\"width: 474px\" class=\"wp-caption alignright\"><img loading=\"lazy\" decoding=\"async\" class=\" wp-image-16788\" src=\"https:\/\/www.aedashomes.com\/blog\/wp-content\/uploads\/2023\/05\/Esther-Duarte-Directora-de-Recursos-Corporativos-de-AEDAS-Homes-en-el-SIMA-TALENT-2023-600x337.jpg\" alt=\"\" width=\"474\" height=\"266\" \/><figcaption id=\"caption-attachment-16788\" class=\"wp-caption-text\">Esther Duarte (segunda por la derecha), Directora de Recursos Corporativos de AEDAS Homes, en el SIMA TALENT 2023<\/figcaption><\/figure>\n<p>La directiva form\u00f3 parte del debate sobre <strong>perfiles que necesitan actualmente las empresas del sector<\/strong>, desde perfiles de negocio hasta personal t\u00e9cnico pasando por trabajadores vinculados a la construcci\u00f3n, as\u00ed como \u201calgunos que no estaban vinculados hist\u00f3ricamente con nuestro sector, como los t\u00e9cnicos de instalaciones, que formaban parte de las contratas\u201d, remarc\u00f3 Esther Duarte. Adem\u00e1s, puso en valor la figura de <strong>los Gerentes de Promociones<\/strong>, a los que metaf\u00f3ricamente los compar\u00f3 con <strong>directores de orquesta de cada promoci\u00f3n<\/strong>.<\/p>\n<h2><strong>Objetivo: \u201cenganchar\u201d a los j\u00f3venes<\/strong><\/h2>\n<p>Esther Duarte hizo hincapi\u00e9 en el foco de atracci\u00f3n que puede suponer el sector inmobiliario para \u201cenganchar\u201d a los m\u00e1s j\u00f3venes, compartiendo <strong>cinco motivos diferenciales<\/strong> de por qu\u00e9 trabajar en compa\u00f1\u00edas de \u2018real estate\u2019.<\/p>\n<p>1.- \u201cEl primero es que, tras la vuelta a la normalidad del sector \u2013tras la crisis de 2008- nos encontramos ante una <strong>escasez de profesionales<\/strong>, por lo que se puede desarrollar una carrera y promocionar de una manera m\u00e1s r\u00e1pida\u201d, incidi\u00f3.<\/p>\n<p>2.- Asimismo, explic\u00f3 que el inmobiliario es un sector donde los <strong>salarios<\/strong> est\u00e1n por encima de la media del mercado y equiparables a los tecnol\u00f3gicos y de farma.<\/p>\n<p>3.-Esther Duarte tambi\u00e9n destac\u00f3 el dinamismo del sector. \u201cEstamos muy presentes en todo tipo de <strong>foros<\/strong> y somos muy participativos, lo cual ofrece much\u00edsima visibilidad a un profesional, con la empleabilidad futura que eso puede acarrear\u201d.<\/p>\n<p>4.-Tambi\u00e9n destac\u00f3 la <strong>creatividad<\/strong> como otra palanca para atraer a nuevos profesionales.<\/p>\n<p>5.- El quinto motivo que puso sobre la mesa fue emocional. \u201cEn este sector <strong>mejoramos la vida de las personas<\/strong>, revitalizamos barrios y ciudades. Sentirse parte de ese proceso transformador engancha al trabajador\u201d.<\/p>\n<p>Sobre el talento, eje del foro, Duarte fue muy clara: \u201cLo que marca la diferencia en una empresa no es el conocimiento, sino las competencias. Porque el talento es intangible y no se ve en un curr\u00edculum\u201d.<\/p>\n","protected":false},"excerpt":{"rendered":"<p>Una de las grandes preocupaciones del sector inmobiliario es la atracci\u00f3n y fidelizaci\u00f3n de profesionales especializados. Con el af\u00e1n de compartir experiencias y soluciones, Esther Duarte, Directora de Recursos Corporativos de AEDAS Homes, particip\u00f3 en el SIMA TALENT, un nuevo espacio promovido en la edici\u00f3n del Sal\u00f3n Internacional Inmobiliario de Madrid (SIMA) 2023. La directiva&#8230;<\/p>\n","protected":false},"author":15,"featured_media":16787,"comment_status":"closed","ping_status":"closed","sticky":false,"template":"","format":"standard","meta":{"_acf_changed":false,"footnotes":""},"categories":[209],"tags":[],"class_list":["post-16786","post","type-post","status-publish","format-standard","has-post-thumbnail","hentry","category-noticias-inmobiliarias"],"acf":[],"yoast_head":"<!-- This site is optimized with the Yoast SEO plugin v27.0 - https:\/\/yoast.com\/product\/yoast-seo-wordpress\/ -->\n<title>\u201cEl talento es intangible, no se ve en un curr\u00edculum\u201d - AEDAS Homes Blog<\/title>\n<meta name=\"description\" content=\"Una de las grandes preocupaciones del sector inmobiliario es la atracci\u00f3n y fidelizaci\u00f3n de profesionales especializados.\" \/>\n<meta name=\"robots\" content=\"index, follow, max-snippet:-1, max-image-preview:large, max-video-preview:-1\" \/>\n<link rel=\"canonical\" href=\"https:\/\/www.aedashomes.com\/blog\/talento-sector-inmobiliario-profesionales\/\" \/>\n<meta property=\"og:locale\" content=\"es_ES\" \/>\n<meta property=\"og:type\" content=\"article\" \/>\n<meta property=\"og:title\" content=\"\u201cEl talento es intangible, no se ve en un curr\u00edculum\u201d - AEDAS Homes Blog\" \/>\n<meta property=\"og:description\" content=\"Una de las grandes preocupaciones del sector inmobiliario es la atracci\u00f3n y fidelizaci\u00f3n de profesionales especializados.\" \/>\n<meta property=\"og:url\" content=\"https:\/\/www.aedashomes.com\/blog\/talento-sector-inmobiliario-profesionales\/\" \/>\n<meta property=\"og:site_name\" content=\"AEDAS Homes Blog\" \/>\n<meta property=\"article:publisher\" content=\"https:\/\/www.facebook.com\/aedashomes\/\" \/>\n<meta property=\"article:published_time\" content=\"2023-05-31T11:38:41+00:00\" \/>\n<meta property=\"article:modified_time\" content=\"2025-02-19T07:50:19+00:00\" \/>\n<meta property=\"og:image\" content=\"https:\/\/www.aedashomes.com\/blog\/wp-content\/uploads\/2023\/05\/talento.jpg\" \/>\n\t<meta property=\"og:image:width\" content=\"1445\" \/>\n\t<meta property=\"og:image:height\" content=\"438\" \/>\n\t<meta property=\"og:image:type\" content=\"image\/jpeg\" \/>\n<meta name=\"author\" content=\"-\" \/>\n<meta name=\"twitter:card\" content=\"summary_large_image\" \/>\n<meta name=\"twitter:label1\" content=\"Escrito por\" \/>\n\t<meta name=\"twitter:data1\" content=\"-\" \/>\n<script type=\"application\/ld+json\" class=\"yoast-schema-graph\">{\"@context\":\"https:\/\/schema.org\",\"@graph\":[{\"@type\":\"Article\",\"@id\":\"https:\/\/www.aedashomes.com\/blog\/talento-sector-inmobiliario-profesionales\/#article\",\"isPartOf\":{\"@id\":\"https:\/\/www.aedashomes.com\/blog\/talento-sector-inmobiliario-profesionales\/\"},\"author\":{\"name\":\"-\",\"@id\":\"https:\/\/www.aedashomes.com\/blog\/#\/schema\/person\/3943511ba2e912cf5f6ba43a52940713\"},\"headline\":\"\u201cEl talento es intangible, no se ve en un curr\u00edculum\u201d\",\"datePublished\":\"2023-05-31T11:38:41+00:00\",\"dateModified\":\"2025-02-19T07:50:19+00:00\",\"mainEntityOfPage\":{\"@id\":\"https:\/\/www.aedashomes.com\/blog\/talento-sector-inmobiliario-profesionales\/\"},\"wordCount\":416,\"image\":{\"@id\":\"https:\/\/www.aedashomes.com\/blog\/talento-sector-inmobiliario-profesionales\/#primaryimage\"},\"thumbnailUrl\":\"https:\/\/www.aedashomes.com\/blog\/wp-content\/uploads\/2023\/05\/talento.jpg\",\"articleSection\":[\"AEDAS News\"],\"inLanguage\":\"es\"},{\"@type\":\"WebPage\",\"@id\":\"https:\/\/www.aedashomes.com\/blog\/talento-sector-inmobiliario-profesionales\/\",\"url\":\"https:\/\/www.aedashomes.com\/blog\/talento-sector-inmobiliario-profesionales\/\",\"name\":\"\u201cEl talento es intangible, no se ve en un curr\u00edculum\u201d - AEDAS Homes Blog\",\"isPartOf\":{\"@id\":\"https:\/\/www.aedashomes.com\/blog\/#website\"},\"primaryImageOfPage\":{\"@id\":\"https:\/\/www.aedashomes.com\/blog\/talento-sector-inmobiliario-profesionales\/#primaryimage\"},\"image\":{\"@id\":\"https:\/\/www.aedashomes.com\/blog\/talento-sector-inmobiliario-profesionales\/#primaryimage\"},\"thumbnailUrl\":\"https:\/\/www.aedashomes.com\/blog\/wp-content\/uploads\/2023\/05\/talento.jpg\",\"datePublished\":\"2023-05-31T11:38:41+00:00\",\"dateModified\":\"2025-02-19T07:50:19+00:00\",\"author\":{\"@id\":\"https:\/\/www.aedashomes.com\/blog\/#\/schema\/person\/3943511ba2e912cf5f6ba43a52940713\"},\"description\":\"Una de las grandes preocupaciones del sector inmobiliario es la atracci\u00f3n y fidelizaci\u00f3n de profesionales especializados.\",\"breadcrumb\":{\"@id\":\"https:\/\/www.aedashomes.com\/blog\/talento-sector-inmobiliario-profesionales\/#breadcrumb\"},\"inLanguage\":\"es\",\"potentialAction\":[{\"@type\":\"ReadAction\",\"target\":[\"https:\/\/www.aedashomes.com\/blog\/talento-sector-inmobiliario-profesionales\/\"]}]},{\"@type\":\"ImageObject\",\"inLanguage\":\"es\",\"@id\":\"https:\/\/www.aedashomes.com\/blog\/talento-sector-inmobiliario-profesionales\/#primaryimage\",\"url\":\"https:\/\/www.aedashomes.com\/blog\/wp-content\/uploads\/2023\/05\/talento.jpg\",\"contentUrl\":\"https:\/\/www.aedashomes.com\/blog\/wp-content\/uploads\/2023\/05\/talento.jpg\",\"width\":1445,\"height\":438},{\"@type\":\"BreadcrumbList\",\"@id\":\"https:\/\/www.aedashomes.com\/blog\/talento-sector-inmobiliario-profesionales\/#breadcrumb\",\"itemListElement\":[{\"@type\":\"ListItem\",\"position\":1,\"name\":\"Blog\",\"item\":\"https:\/\/www.aedashomes.com\/blog\/\"},{\"@type\":\"ListItem\",\"position\":2,\"name\":\"AEDAS News\",\"item\":\"https:\/\/www.aedashomes.com\/blog\/noticias-inmobiliarias\/\"},{\"@type\":\"ListItem\",\"position\":3,\"name\":\"\u201cEl talento es intangible, no se ve en un curr\u00edculum\u201d\"}]},{\"@type\":\"WebSite\",\"@id\":\"https:\/\/www.aedashomes.com\/blog\/#website\",\"url\":\"https:\/\/www.aedashomes.com\/blog\/\",\"name\":\"AEDAS Homes Blog\",\"description\":\"El blog de la promotora inmobiliaria AEDAS Homes\",\"potentialAction\":[{\"@type\":\"SearchAction\",\"target\":{\"@type\":\"EntryPoint\",\"urlTemplate\":\"https:\/\/www.aedashomes.com\/blog\/?s={search_term_string}\"},\"query-input\":{\"@type\":\"PropertyValueSpecification\",\"valueRequired\":true,\"valueName\":\"search_term_string\"}}],\"inLanguage\":\"es\"},{\"@type\":\"Person\",\"@id\":\"https:\/\/www.aedashomes.com\/blog\/#\/schema\/person\/3943511ba2e912cf5f6ba43a52940713\",\"name\":\"-\",\"image\":{\"@type\":\"ImageObject\",\"inLanguage\":\"es\",\"@id\":\"https:\/\/www.aedashomes.com\/blog\/#\/schema\/person\/image\/\",\"url\":\"https:\/\/secure.gravatar.com\/avatar\/9a98fc972c3ec2b91fdfd2a81c93ee3fc7c04aeefac4d931b43205ed61d9e009?s=96&d=mm&r=g\",\"contentUrl\":\"https:\/\/secure.gravatar.com\/avatar\/9a98fc972c3ec2b91fdfd2a81c93ee3fc7c04aeefac4d931b43205ed61d9e009?s=96&d=mm&r=g\",\"caption\":\"-\"},\"url\":\"https:\/\/www.aedashomes.com\/blog\/author\/idento\/\"}]}<\/script>\n<!-- \/ Yoast SEO plugin. -->","yoast_head_json":{"title":"\u201cEl talento es intangible, no se ve en un curr\u00edculum\u201d - AEDAS Homes Blog","description":"Una de las grandes preocupaciones del sector inmobiliario es la atracci\u00f3n y fidelizaci\u00f3n de profesionales especializados.","robots":{"index":"index","follow":"follow","max-snippet":"max-snippet:-1","max-image-preview":"max-image-preview:large","max-video-preview":"max-video-preview:-1"},"canonical":"https:\/\/www.aedashomes.com\/blog\/talento-sector-inmobiliario-profesionales\/","og_locale":"es_ES","og_type":"article","og_title":"\u201cEl talento es intangible, no se ve en un curr\u00edculum\u201d - AEDAS Homes Blog","og_description":"Una de las grandes preocupaciones del sector inmobiliario es la atracci\u00f3n y fidelizaci\u00f3n de profesionales especializados.","og_url":"https:\/\/www.aedashomes.com\/blog\/talento-sector-inmobiliario-profesionales\/","og_site_name":"AEDAS Homes Blog","article_publisher":"https:\/\/www.facebook.com\/aedashomes\/","article_published_time":"2023-05-31T11:38:41+00:00","article_modified_time":"2025-02-19T07:50:19+00:00","og_image":[{"width":1445,"height":438,"url":"https:\/\/www.aedashomes.com\/blog\/wp-content\/uploads\/2023\/05\/talento.jpg","type":"image\/jpeg"}],"author":"-","twitter_card":"summary_large_image","twitter_misc":{"Escrito por":"-"},"schema":{"@context":"https:\/\/schema.org","@graph":[{"@type":"Article","@id":"https:\/\/www.aedashomes.com\/blog\/talento-sector-inmobiliario-profesionales\/#article","isPartOf":{"@id":"https:\/\/www.aedashomes.com\/blog\/talento-sector-inmobiliario-profesionales\/"},"author":{"name":"-","@id":"https:\/\/www.aedashomes.com\/blog\/#\/schema\/person\/3943511ba2e912cf5f6ba43a52940713"},"headline":"\u201cEl talento es intangible, no se ve en un curr\u00edculum\u201d","datePublished":"2023-05-31T11:38:41+00:00","dateModified":"2025-02-19T07:50:19+00:00","mainEntityOfPage":{"@id":"https:\/\/www.aedashomes.com\/blog\/talento-sector-inmobiliario-profesionales\/"},"wordCount":416,"image":{"@id":"https:\/\/www.aedashomes.com\/blog\/talento-sector-inmobiliario-profesionales\/#primaryimage"},"thumbnailUrl":"https:\/\/www.aedashomes.com\/blog\/wp-content\/uploads\/2023\/05\/talento.jpg","articleSection":["AEDAS News"],"inLanguage":"es"},{"@type":"WebPage","@id":"https:\/\/www.aedashomes.com\/blog\/talento-sector-inmobiliario-profesionales\/","url":"https:\/\/www.aedashomes.com\/blog\/talento-sector-inmobiliario-profesionales\/","name":"\u201cEl talento es intangible, no se ve en un curr\u00edculum\u201d - AEDAS Homes Blog","isPartOf":{"@id":"https:\/\/www.aedashomes.com\/blog\/#website"},"primaryImageOfPage":{"@id":"https:\/\/www.aedashomes.com\/blog\/talento-sector-inmobiliario-profesionales\/#primaryimage"},"image":{"@id":"https:\/\/www.aedashomes.com\/blog\/talento-sector-inmobiliario-profesionales\/#primaryimage"},"thumbnailUrl":"https:\/\/www.aedashomes.com\/blog\/wp-content\/uploads\/2023\/05\/talento.jpg","datePublished":"2023-05-31T11:38:41+00:00","dateModified":"2025-02-19T07:50:19+00:00","author":{"@id":"https:\/\/www.aedashomes.com\/blog\/#\/schema\/person\/3943511ba2e912cf5f6ba43a52940713"},"description":"Una de las grandes preocupaciones del sector inmobiliario es la atracci\u00f3n y fidelizaci\u00f3n de profesionales especializados.","breadcrumb":{"@id":"https:\/\/www.aedashomes.com\/blog\/talento-sector-inmobiliario-profesionales\/#breadcrumb"},"inLanguage":"es","potentialAction":[{"@type":"ReadAction","target":["https:\/\/www.aedashomes.com\/blog\/talento-sector-inmobiliario-profesionales\/"]}]},{"@type":"ImageObject","inLanguage":"es","@id":"https:\/\/www.aedashomes.com\/blog\/talento-sector-inmobiliario-profesionales\/#primaryimage","url":"https:\/\/www.aedashomes.com\/blog\/wp-content\/uploads\/2023\/05\/talento.jpg","contentUrl":"https:\/\/www.aedashomes.com\/blog\/wp-content\/uploads\/2023\/05\/talento.jpg","width":1445,"height":438},{"@type":"BreadcrumbList","@id":"https:\/\/www.aedashomes.com\/blog\/talento-sector-inmobiliario-profesionales\/#breadcrumb","itemListElement":[{"@type":"ListItem","position":1,"name":"Blog","item":"https:\/\/www.aedashomes.com\/blog\/"},{"@type":"ListItem","position":2,"name":"AEDAS News","item":"https:\/\/www.aedashomes.com\/blog\/noticias-inmobiliarias\/"},{"@type":"ListItem","position":3,"name":"\u201cEl talento es intangible, no se ve en un curr\u00edculum\u201d"}]},{"@type":"WebSite","@id":"https:\/\/www.aedashomes.com\/blog\/#website","url":"https:\/\/www.aedashomes.com\/blog\/","name":"AEDAS Homes Blog","description":"El blog de la promotora inmobiliaria AEDAS Homes","potentialAction":[{"@type":"SearchAction","target":{"@type":"EntryPoint","urlTemplate":"https:\/\/www.aedashomes.com\/blog\/?s={search_term_string}"},"query-input":{"@type":"PropertyValueSpecification","valueRequired":true,"valueName":"search_term_string"}}],"inLanguage":"es"},{"@type":"Person","@id":"https:\/\/www.aedashomes.com\/blog\/#\/schema\/person\/3943511ba2e912cf5f6ba43a52940713","name":"-","image":{"@type":"ImageObject","inLanguage":"es","@id":"https:\/\/www.aedashomes.com\/blog\/#\/schema\/person\/image\/","url":"https:\/\/secure.gravatar.com\/avatar\/9a98fc972c3ec2b91fdfd2a81c93ee3fc7c04aeefac4d931b43205ed61d9e009?s=96&d=mm&r=g","contentUrl":"https:\/\/secure.gravatar.com\/avatar\/9a98fc972c3ec2b91fdfd2a81c93ee3fc7c04aeefac4d931b43205ed61d9e009?s=96&d=mm&r=g","caption":"-"},"url":"https:\/\/www.aedashomes.com\/blog\/author\/idento\/"}]}},"_links":{"self":[{"href":"https:\/\/www.aedashomes.com\/blog\/wp-json\/wp\/v2\/posts\/16786","targetHints":{"allow":["GET"]}}],"collection":[{"href":"https:\/\/www.aedashomes.com\/blog\/wp-json\/wp\/v2\/posts"}],"about":[{"href":"https:\/\/www.aedashomes.com\/blog\/wp-json\/wp\/v2\/types\/post"}],"author":[{"embeddable":true,"href":"https:\/\/www.aedashomes.com\/blog\/wp-json\/wp\/v2\/users\/15"}],"replies":[{"embeddable":true,"href":"https:\/\/www.aedashomes.com\/blog\/wp-json\/wp\/v2\/comments?post=16786"}],"version-history":[{"count":4,"href":"https:\/\/www.aedashomes.com\/blog\/wp-json\/wp\/v2\/posts\/16786\/revisions"}],"predecessor-version":[{"id":17580,"href":"https:\/\/www.aedashomes.com\/blog\/wp-json\/wp\/v2\/posts\/16786\/revisions\/17580"}],"wp:featuredmedia":[{"embeddable":true,"href":"https:\/\/www.aedashomes.com\/blog\/wp-json\/wp\/v2\/media\/16787"}],"wp:attachment":[{"href":"https:\/\/www.aedashomes.com\/blog\/wp-json\/wp\/v2\/media?parent=16786"}],"wp:term":[{"taxonomy":"category","embeddable":true,"href":"https:\/\/www.aedashomes.com\/blog\/wp-json\/wp\/v2\/categories?post=16786"},{"taxonomy":"post_tag","embeddable":true,"href":"https:\/\/www.aedashomes.com\/blog\/wp-json\/wp\/v2\/tags?post=16786"}],"curies":[{"name":"wp","href":"https:\/\/api.w.org\/{rel}","templated":true}]}}