{"id":17387,"date":"2024-06-05T06:13:25","date_gmt":"2024-06-05T05:13:25","guid":{"rendered":"https:\/\/172.19.1.26\/blog\/?p=17868"},"modified":"2025-02-19T08:33:42","modified_gmt":"2025-02-19T07:33:42","slug":"alquiler-asequible-solucion-necesidad-vivienda-pais","status":"publish","type":"post","link":"https:\/\/www.aedashomes.com\/blog\/alquiler-asequible-solucion-necesidad-vivienda-pais\/","title":{"rendered":"La oferta de alquiler asequible se alza como la gran soluci\u00f3n a la necesidad de vivienda del pa\u00eds"},"content":{"rendered":"<p><img loading=\"lazy\" decoding=\"async\" class=\"aligncenter wp-image-17870 size-full\" src=\"https:\/\/www.aedashomes.com\/blog\/wp-content\/uploads\/2024\/06\/David-Botin-Director-General-de-Servicios-Inmobiliarios-de-AEDAS-Homes-en-el-SIMA-2024.jpg\" alt=\"alquiler asequible\" width=\"807\" height=\"605\" \/><\/p>\n<p><strong>David Bot\u00edn<\/strong>, Director General de Servicios Inmobiliarios de <a href=\"https:\/\/www.aedashomes.com\">AEDAS Homes<\/a>, particip\u00f3 en la ponencia \u2018Experiencias en la producci\u00f3n de viviendas destinadas al alquiler asequible\u2019 de la edici\u00f3n n\u00famero 25 de SIMA, el Sal\u00f3n Inmobiliario Internacional de Madrid, para hablar sobre los mecanismos de colaboraci\u00f3n p\u00fablico-privada que pueden impulsar la vivienda asequible.<\/p>\n<p>Sumando el punto de vista del promotor, David Bot\u00edn comparti\u00f3 encuentro con Esther Escapa, Local Head of Transactions de Iberia and Developments de AXA Investment Managers para Iberia e Italia; y Javier Kindelan, Vicepresidente y Head Living de CBRE Espa\u00f1a; quienes dieron su visi\u00f3n desde el inversor y entidad de financiaci\u00f3n. Mar\u00eda Jos\u00e9 Piccio-Marchetti, Directora General de Vivienda y Rehabilitaci\u00f3n de la Comunidad de Madrid, actu\u00f3 como moderadora.<\/p>\n<h3>Alquiler asequible, la soluci\u00f3n de la vivienda en Espa\u00f1a<\/h3>\n<p>El directivo de <strong>AEDAS Homes<\/strong> arranc\u00f3 el encuentro se\u00f1alando que, ante la <strong>necesidad de vivienda que vive el pa\u00eds<\/strong>, con una oferta por debajo de la demanda, y para dar respuesta a la creaci\u00f3n de hogares en Espa\u00f1a, y sobre todo en ciudades en constante crecimiento como Madrid, <strong>la vivienda asequible en alquiler es una gran soluci\u00f3n<\/strong>.<\/p>\n<p>La moderadora y representante de la Comunidad de Madrid explicaba en el encuentro que Espa\u00f1a est\u00e1 por debajo de muchos pa\u00edses de Europa en este sentido y abogaba por m\u00e1s colaboraci\u00f3n privada para ir de la mano en la producci\u00f3n. Un guante que recog\u00eda el directivo de AEDAS Homes, explicando que hay que buscar f\u00f3rmulas que combatan el desequilibrio entre oferta y demanda porque desemboca en un problema social y que la colaboraci\u00f3n p\u00fablico-privada, como el <strong>Plan VIVE en la Comunidad de Madrid<\/strong> y en el que participa la promotora, es una gran herramienta para ello.<\/p>\n<p>\u201cEl suelo que pone la Administraci\u00f3n nos permite crear \u00e1gilmente un gran volumen de viviendas en la capital. Precisamente, en los \u00faltimos tres a\u00f1os <strong>Madrid ha incrementado un 30% su oferta de vivienda a trav\u00e9s de la formula del alquiler asequible<\/strong>\u201d, remarc\u00f3 David Bot\u00edn.<\/p>\n<p>El Director General de Servicios Inmobiliarios de <strong>AEDAS Homes<\/strong> continu\u00f3: \u201cDicho esto, tambi\u00e9n hay que tener en cuenta que <strong>tenemos un mercado que ha evolucionado \u2018a la contra\u2019<\/strong> con el incremento de condicionantes como los tipos de inter\u00e9s, y ah\u00ed es donde tiene que entrar el juego la Administraci\u00f3n\u201d. \u201cDebemos sentarnos con ellos para buscar las f\u00f3rmulas que nos permitan eficientar a\u00fan m\u00e1s los procesos. Necesitamos m\u00e1s agilidad a la hora de gestionar el urbanismo porque las promotoras estamos apostando por nuevas herramientas, como la industrializaci\u00f3n, pero luego la Administraci\u00f3n no acompa\u00f1a en la gesti\u00f3n de sus procesos, tenemos que ir a la par\u201d, concluy\u00f3.<\/p>\n","protected":false},"excerpt":{"rendered":"<p>David Bot\u00edn, Director General de Servicios Inmobiliarios de AEDAS Homes, particip\u00f3 en la ponencia \u2018Experiencias en la producci\u00f3n de viviendas destinadas al alquiler asequible\u2019 de la edici\u00f3n n\u00famero 25 de SIMA, el Sal\u00f3n Inmobiliario Internacional de Madrid, para hablar sobre los mecanismos de colaboraci\u00f3n p\u00fablico-privada que pueden impulsar la vivienda asequible. Sumando el punto de&#8230;<\/p>\n","protected":false},"author":23,"featured_media":17389,"comment_status":"closed","ping_status":"closed","sticky":false,"template":"","format":"standard","meta":{"_acf_changed":false,"footnotes":""},"categories":[209],"tags":[494],"class_list":["post-17387","post","type-post","status-publish","format-standard","has-post-thumbnail","hentry","category-noticias-inmobiliarias","tag-alquiler-asequible"],"acf":[],"yoast_head":"<!-- This site is optimized with the Yoast SEO plugin v27.0 - https:\/\/yoast.com\/product\/yoast-seo-wordpress\/ -->\n<title>Alquiler asequible, soluci\u00f3n a la necesidad de vivienda del pa\u00eds | AEDAS Homes<\/title>\n<meta name=\"description\" content=\"La oferta de vivienda asequible en Madrid es una de las soluciones para desbloquear la necesidad de vivienda en Espa\u00f1a.\" \/>\n<meta name=\"robots\" content=\"index, follow, max-snippet:-1, max-image-preview:large, max-video-preview:-1\" \/>\n<link rel=\"canonical\" href=\"https:\/\/www.aedashomes.com\/blog\/alquiler-asequible-solucion-necesidad-vivienda-pais\/\" \/>\n<meta property=\"og:locale\" content=\"es_ES\" \/>\n<meta property=\"og:type\" content=\"article\" \/>\n<meta property=\"og:title\" content=\"Alquiler asequible, soluci\u00f3n a la necesidad de vivienda del pa\u00eds | AEDAS Homes\" \/>\n<meta property=\"og:description\" content=\"La oferta de vivienda asequible en Madrid es una de las soluciones para desbloquear la necesidad de vivienda en Espa\u00f1a.\" \/>\n<meta property=\"og:url\" content=\"https:\/\/www.aedashomes.com\/blog\/alquiler-asequible-solucion-necesidad-vivienda-pais\/\" \/>\n<meta property=\"og:site_name\" content=\"AEDAS Homes Blog\" \/>\n<meta property=\"article:publisher\" content=\"https:\/\/www.facebook.com\/aedashomes\/\" \/>\n<meta property=\"article:published_time\" content=\"2024-06-05T05:13:25+00:00\" \/>\n<meta property=\"article:modified_time\" content=\"2025-02-19T07:33:42+00:00\" \/>\n<meta property=\"og:image\" content=\"https:\/\/www.aedashomes.com\/blog\/wp-content\/uploads\/2024\/06\/Mesa-David-Botin.jpg\" \/>\n\t<meta property=\"og:image:width\" content=\"807\" \/>\n\t<meta property=\"og:image:height\" content=\"605\" \/>\n\t<meta property=\"og:image:type\" content=\"image\/jpeg\" \/>\n<meta name=\"author\" content=\"Elena Mart\u00edn Villar\u00edn\" \/>\n<meta name=\"twitter:card\" content=\"summary_large_image\" \/>\n<meta name=\"twitter:label1\" content=\"Escrito por\" \/>\n\t<meta name=\"twitter:data1\" content=\"Elena Mart\u00edn Villar\u00edn\" \/>\n\t<meta name=\"twitter:label2\" content=\"Tiempo de lectura\" \/>\n\t<meta name=\"twitter:data2\" content=\"3 minutos\" \/>\n<script type=\"application\/ld+json\" class=\"yoast-schema-graph\">{\"@context\":\"https:\/\/schema.org\",\"@graph\":[{\"@type\":\"Article\",\"@id\":\"https:\/\/www.aedashomes.com\/blog\/alquiler-asequible-solucion-necesidad-vivienda-pais\/#article\",\"isPartOf\":{\"@id\":\"https:\/\/www.aedashomes.com\/blog\/alquiler-asequible-solucion-necesidad-vivienda-pais\/\"},\"author\":{\"name\":\"Elena Mart\u00edn Villar\u00edn\",\"@id\":\"https:\/\/www.aedashomes.com\/blog\/#\/schema\/person\/885ec51854b83f1061f2edaa8350b26a\"},\"headline\":\"La oferta de alquiler asequible se alza como la gran soluci\u00f3n a la necesidad de vivienda del pa\u00eds\",\"datePublished\":\"2024-06-05T05:13:25+00:00\",\"dateModified\":\"2025-02-19T07:33:42+00:00\",\"mainEntityOfPage\":{\"@id\":\"https:\/\/www.aedashomes.com\/blog\/alquiler-asequible-solucion-necesidad-vivienda-pais\/\"},\"wordCount\":492,\"image\":{\"@id\":\"https:\/\/www.aedashomes.com\/blog\/alquiler-asequible-solucion-necesidad-vivienda-pais\/#primaryimage\"},\"thumbnailUrl\":\"https:\/\/www.aedashomes.com\/blog\/wp-content\/uploads\/2024\/06\/Mesa-David-Botin.jpg\",\"keywords\":[\"alquiler asequible\"],\"articleSection\":[\"AEDAS News\"],\"inLanguage\":\"es\"},{\"@type\":\"WebPage\",\"@id\":\"https:\/\/www.aedashomes.com\/blog\/alquiler-asequible-solucion-necesidad-vivienda-pais\/\",\"url\":\"https:\/\/www.aedashomes.com\/blog\/alquiler-asequible-solucion-necesidad-vivienda-pais\/\",\"name\":\"Alquiler asequible, soluci\u00f3n a la necesidad de vivienda del pa\u00eds | AEDAS Homes\",\"isPartOf\":{\"@id\":\"https:\/\/www.aedashomes.com\/blog\/#website\"},\"primaryImageOfPage\":{\"@id\":\"https:\/\/www.aedashomes.com\/blog\/alquiler-asequible-solucion-necesidad-vivienda-pais\/#primaryimage\"},\"image\":{\"@id\":\"https:\/\/www.aedashomes.com\/blog\/alquiler-asequible-solucion-necesidad-vivienda-pais\/#primaryimage\"},\"thumbnailUrl\":\"https:\/\/www.aedashomes.com\/blog\/wp-content\/uploads\/2024\/06\/Mesa-David-Botin.jpg\",\"datePublished\":\"2024-06-05T05:13:25+00:00\",\"dateModified\":\"2025-02-19T07:33:42+00:00\",\"author\":{\"@id\":\"https:\/\/www.aedashomes.com\/blog\/#\/schema\/person\/885ec51854b83f1061f2edaa8350b26a\"},\"description\":\"La oferta de vivienda asequible en Madrid es una de las soluciones para desbloquear la necesidad de vivienda en Espa\u00f1a.\",\"breadcrumb\":{\"@id\":\"https:\/\/www.aedashomes.com\/blog\/alquiler-asequible-solucion-necesidad-vivienda-pais\/#breadcrumb\"},\"inLanguage\":\"es\",\"potentialAction\":[{\"@type\":\"ReadAction\",\"target\":[\"https:\/\/www.aedashomes.com\/blog\/alquiler-asequible-solucion-necesidad-vivienda-pais\/\"]}]},{\"@type\":\"ImageObject\",\"inLanguage\":\"es\",\"@id\":\"https:\/\/www.aedashomes.com\/blog\/alquiler-asequible-solucion-necesidad-vivienda-pais\/#primaryimage\",\"url\":\"https:\/\/www.aedashomes.com\/blog\/wp-content\/uploads\/2024\/06\/Mesa-David-Botin.jpg\",\"contentUrl\":\"https:\/\/www.aedashomes.com\/blog\/wp-content\/uploads\/2024\/06\/Mesa-David-Botin.jpg\",\"width\":807,\"height\":605},{\"@type\":\"BreadcrumbList\",\"@id\":\"https:\/\/www.aedashomes.com\/blog\/alquiler-asequible-solucion-necesidad-vivienda-pais\/#breadcrumb\",\"itemListElement\":[{\"@type\":\"ListItem\",\"position\":1,\"name\":\"Blog\",\"item\":\"https:\/\/www.aedashomes.com\/blog\/\"},{\"@type\":\"ListItem\",\"position\":2,\"name\":\"AEDAS News\",\"item\":\"https:\/\/www.aedashomes.com\/blog\/noticias-inmobiliarias\/\"},{\"@type\":\"ListItem\",\"position\":3,\"name\":\"La oferta de alquiler asequible se alza como la gran soluci\u00f3n a la necesidad de vivienda del pa\u00eds\"}]},{\"@type\":\"WebSite\",\"@id\":\"https:\/\/www.aedashomes.com\/blog\/#website\",\"url\":\"https:\/\/www.aedashomes.com\/blog\/\",\"name\":\"AEDAS Homes Blog\",\"description\":\"El blog de la promotora inmobiliaria AEDAS Homes\",\"potentialAction\":[{\"@type\":\"SearchAction\",\"target\":{\"@type\":\"EntryPoint\",\"urlTemplate\":\"https:\/\/www.aedashomes.com\/blog\/?s={search_term_string}\"},\"query-input\":{\"@type\":\"PropertyValueSpecification\",\"valueRequired\":true,\"valueName\":\"search_term_string\"}}],\"inLanguage\":\"es\"},{\"@type\":\"Person\",\"@id\":\"https:\/\/www.aedashomes.com\/blog\/#\/schema\/person\/885ec51854b83f1061f2edaa8350b26a\",\"name\":\"Elena Mart\u00edn Villar\u00edn\",\"image\":{\"@type\":\"ImageObject\",\"inLanguage\":\"es\",\"@id\":\"https:\/\/www.aedashomes.com\/blog\/#\/schema\/person\/image\/\",\"url\":\"https:\/\/secure.gravatar.com\/avatar\/9044d004f777fe707099a9b70c07224f1a860d7bc1de7a1d44c64db9375fc776?s=96&d=mm&r=g\",\"contentUrl\":\"https:\/\/secure.gravatar.com\/avatar\/9044d004f777fe707099a9b70c07224f1a860d7bc1de7a1d44c64db9375fc776?s=96&d=mm&r=g\",\"caption\":\"Elena Mart\u00edn Villar\u00edn\"},\"url\":\"https:\/\/www.aedashomes.com\/blog\/author\/emartin\/\"}]}<\/script>\n<!-- \/ Yoast SEO plugin. -->","yoast_head_json":{"title":"Alquiler asequible, soluci\u00f3n a la necesidad de vivienda del pa\u00eds | AEDAS Homes","description":"La oferta de vivienda asequible en Madrid es una de las soluciones para desbloquear la necesidad de vivienda en Espa\u00f1a.","robots":{"index":"index","follow":"follow","max-snippet":"max-snippet:-1","max-image-preview":"max-image-preview:large","max-video-preview":"max-video-preview:-1"},"canonical":"https:\/\/www.aedashomes.com\/blog\/alquiler-asequible-solucion-necesidad-vivienda-pais\/","og_locale":"es_ES","og_type":"article","og_title":"Alquiler asequible, soluci\u00f3n a la necesidad de vivienda del pa\u00eds | AEDAS Homes","og_description":"La oferta de vivienda asequible en Madrid es una de las soluciones para desbloquear la necesidad de vivienda en Espa\u00f1a.","og_url":"https:\/\/www.aedashomes.com\/blog\/alquiler-asequible-solucion-necesidad-vivienda-pais\/","og_site_name":"AEDAS Homes Blog","article_publisher":"https:\/\/www.facebook.com\/aedashomes\/","article_published_time":"2024-06-05T05:13:25+00:00","article_modified_time":"2025-02-19T07:33:42+00:00","og_image":[{"width":807,"height":605,"url":"https:\/\/www.aedashomes.com\/blog\/wp-content\/uploads\/2024\/06\/Mesa-David-Botin.jpg","type":"image\/jpeg"}],"author":"Elena Mart\u00edn Villar\u00edn","twitter_card":"summary_large_image","twitter_misc":{"Escrito por":"Elena Mart\u00edn Villar\u00edn","Tiempo de lectura":"3 minutos"},"schema":{"@context":"https:\/\/schema.org","@graph":[{"@type":"Article","@id":"https:\/\/www.aedashomes.com\/blog\/alquiler-asequible-solucion-necesidad-vivienda-pais\/#article","isPartOf":{"@id":"https:\/\/www.aedashomes.com\/blog\/alquiler-asequible-solucion-necesidad-vivienda-pais\/"},"author":{"name":"Elena Mart\u00edn Villar\u00edn","@id":"https:\/\/www.aedashomes.com\/blog\/#\/schema\/person\/885ec51854b83f1061f2edaa8350b26a"},"headline":"La oferta de alquiler asequible se alza como la gran soluci\u00f3n a la necesidad de vivienda del pa\u00eds","datePublished":"2024-06-05T05:13:25+00:00","dateModified":"2025-02-19T07:33:42+00:00","mainEntityOfPage":{"@id":"https:\/\/www.aedashomes.com\/blog\/alquiler-asequible-solucion-necesidad-vivienda-pais\/"},"wordCount":492,"image":{"@id":"https:\/\/www.aedashomes.com\/blog\/alquiler-asequible-solucion-necesidad-vivienda-pais\/#primaryimage"},"thumbnailUrl":"https:\/\/www.aedashomes.com\/blog\/wp-content\/uploads\/2024\/06\/Mesa-David-Botin.jpg","keywords":["alquiler asequible"],"articleSection":["AEDAS News"],"inLanguage":"es"},{"@type":"WebPage","@id":"https:\/\/www.aedashomes.com\/blog\/alquiler-asequible-solucion-necesidad-vivienda-pais\/","url":"https:\/\/www.aedashomes.com\/blog\/alquiler-asequible-solucion-necesidad-vivienda-pais\/","name":"Alquiler asequible, soluci\u00f3n a la necesidad de vivienda del pa\u00eds | AEDAS Homes","isPartOf":{"@id":"https:\/\/www.aedashomes.com\/blog\/#website"},"primaryImageOfPage":{"@id":"https:\/\/www.aedashomes.com\/blog\/alquiler-asequible-solucion-necesidad-vivienda-pais\/#primaryimage"},"image":{"@id":"https:\/\/www.aedashomes.com\/blog\/alquiler-asequible-solucion-necesidad-vivienda-pais\/#primaryimage"},"thumbnailUrl":"https:\/\/www.aedashomes.com\/blog\/wp-content\/uploads\/2024\/06\/Mesa-David-Botin.jpg","datePublished":"2024-06-05T05:13:25+00:00","dateModified":"2025-02-19T07:33:42+00:00","author":{"@id":"https:\/\/www.aedashomes.com\/blog\/#\/schema\/person\/885ec51854b83f1061f2edaa8350b26a"},"description":"La oferta de vivienda asequible en Madrid es una de las soluciones para desbloquear la necesidad de vivienda en Espa\u00f1a.","breadcrumb":{"@id":"https:\/\/www.aedashomes.com\/blog\/alquiler-asequible-solucion-necesidad-vivienda-pais\/#breadcrumb"},"inLanguage":"es","potentialAction":[{"@type":"ReadAction","target":["https:\/\/www.aedashomes.com\/blog\/alquiler-asequible-solucion-necesidad-vivienda-pais\/"]}]},{"@type":"ImageObject","inLanguage":"es","@id":"https:\/\/www.aedashomes.com\/blog\/alquiler-asequible-solucion-necesidad-vivienda-pais\/#primaryimage","url":"https:\/\/www.aedashomes.com\/blog\/wp-content\/uploads\/2024\/06\/Mesa-David-Botin.jpg","contentUrl":"https:\/\/www.aedashomes.com\/blog\/wp-content\/uploads\/2024\/06\/Mesa-David-Botin.jpg","width":807,"height":605},{"@type":"BreadcrumbList","@id":"https:\/\/www.aedashomes.com\/blog\/alquiler-asequible-solucion-necesidad-vivienda-pais\/#breadcrumb","itemListElement":[{"@type":"ListItem","position":1,"name":"Blog","item":"https:\/\/www.aedashomes.com\/blog\/"},{"@type":"ListItem","position":2,"name":"AEDAS News","item":"https:\/\/www.aedashomes.com\/blog\/noticias-inmobiliarias\/"},{"@type":"ListItem","position":3,"name":"La oferta de alquiler asequible se alza como la gran soluci\u00f3n a la necesidad de vivienda del pa\u00eds"}]},{"@type":"WebSite","@id":"https:\/\/www.aedashomes.com\/blog\/#website","url":"https:\/\/www.aedashomes.com\/blog\/","name":"AEDAS Homes Blog","description":"El blog de la promotora inmobiliaria AEDAS Homes","potentialAction":[{"@type":"SearchAction","target":{"@type":"EntryPoint","urlTemplate":"https:\/\/www.aedashomes.com\/blog\/?s={search_term_string}"},"query-input":{"@type":"PropertyValueSpecification","valueRequired":true,"valueName":"search_term_string"}}],"inLanguage":"es"},{"@type":"Person","@id":"https:\/\/www.aedashomes.com\/blog\/#\/schema\/person\/885ec51854b83f1061f2edaa8350b26a","name":"Elena Mart\u00edn Villar\u00edn","image":{"@type":"ImageObject","inLanguage":"es","@id":"https:\/\/www.aedashomes.com\/blog\/#\/schema\/person\/image\/","url":"https:\/\/secure.gravatar.com\/avatar\/9044d004f777fe707099a9b70c07224f1a860d7bc1de7a1d44c64db9375fc776?s=96&d=mm&r=g","contentUrl":"https:\/\/secure.gravatar.com\/avatar\/9044d004f777fe707099a9b70c07224f1a860d7bc1de7a1d44c64db9375fc776?s=96&d=mm&r=g","caption":"Elena Mart\u00edn Villar\u00edn"},"url":"https:\/\/www.aedashomes.com\/blog\/author\/emartin\/"}]}},"_links":{"self":[{"href":"https:\/\/www.aedashomes.com\/blog\/wp-json\/wp\/v2\/posts\/17387","targetHints":{"allow":["GET"]}}],"collection":[{"href":"https:\/\/www.aedashomes.com\/blog\/wp-json\/wp\/v2\/posts"}],"about":[{"href":"https:\/\/www.aedashomes.com\/blog\/wp-json\/wp\/v2\/types\/post"}],"author":[{"embeddable":true,"href":"https:\/\/www.aedashomes.com\/blog\/wp-json\/wp\/v2\/users\/23"}],"replies":[{"embeddable":true,"href":"https:\/\/www.aedashomes.com\/blog\/wp-json\/wp\/v2\/comments?post=17387"}],"version-history":[{"count":1,"href":"https:\/\/www.aedashomes.com\/blog\/wp-json\/wp\/v2\/posts\/17387\/revisions"}],"predecessor-version":[{"id":17556,"href":"https:\/\/www.aedashomes.com\/blog\/wp-json\/wp\/v2\/posts\/17387\/revisions\/17556"}],"wp:featuredmedia":[{"embeddable":true,"href":"https:\/\/www.aedashomes.com\/blog\/wp-json\/wp\/v2\/media\/17389"}],"wp:attachment":[{"href":"https:\/\/www.aedashomes.com\/blog\/wp-json\/wp\/v2\/media?parent=17387"}],"wp:term":[{"taxonomy":"category","embeddable":true,"href":"https:\/\/www.aedashomes.com\/blog\/wp-json\/wp\/v2\/categories?post=17387"},{"taxonomy":"post_tag","embeddable":true,"href":"https:\/\/www.aedashomes.com\/blog\/wp-json\/wp\/v2\/tags?post=17387"}],"curies":[{"name":"wp","href":"https:\/\/api.w.org\/{rel}","templated":true}]}}