{"id":17452,"date":"2024-09-03T11:46:02","date_gmt":"2024-09-03T10:46:02","guid":{"rendered":"https:\/\/172.19.1.26\/blog\/?p=18606"},"modified":"2025-02-19T08:59:40","modified_gmt":"2025-02-19T07:59:40","slug":"vivir-rincon-de-la-victoria","status":"publish","type":"post","link":"https:\/\/www.aedashomes.com\/blog\/vivir-rincon-de-la-victoria\/","title":{"rendered":"Descubre Rinc\u00f3n de la Victoria: un lugar ideal para vivir"},"content":{"rendered":"<p><img loading=\"lazy\" decoding=\"async\" class=\"size-full wp-image-18607 aligncenter\" src=\"https:\/\/www.aedashomes.com\/blog\/wp-content\/uploads\/2024\/09\/Imagen-aerea-de-la-futura-promocion-Idilia-Terram-de-AEDAS-Homes-en-Rincon-de-la-Victoria-Malaga.jpg\" alt=\"Rinc\u00f3n de la victoria\" width=\"1135\" height=\"605\" \/><\/p>\n<p>&nbsp;<\/p>\n<h2 style=\"text-align: justify;\"><strong><span style=\"font-size: 13.0pt; font-family: 'Calibri',sans-serif;\">Sobre Rinc\u00f3n de la Victoria<\/span><\/strong><\/h2>\n<p style=\"text-align: justify;\"><span style=\"font-size: 13.0pt; font-family: 'Calibri',sans-serif;\">Ubicado a solo 20 kil\u00f3metros de M\u00e1laga capital, <a href=\"https:\/\/www.aedashomes.com\/viviendas-obra-nueva-rincon-de-la-victoria\"><strong>Rinc\u00f3n de la Victoria<\/strong> <\/a>se perfila como el destino perfecto para aquellos que buscan combinar la tranquilidad de un entorno relajado con la cercan\u00eda y las comodidades de la gran ciudad. Este <strong>municipio costero<\/strong> destaca por su excepcional calidad de vida y su agradable clima, pero tambi\u00e9n por su f\u00e1cil acceso y excelente comunicaci\u00f3n con M\u00e1laga. Se alza como un lugar ideal tanto para primera como para segunda residencia.<\/span><\/p>\n<p style=\"text-align: justify;\"><span style=\"font-size: 13.0pt; font-family: 'Calibri',sans-serif;\">En <a href=\"https:\/\/www.aedashomes.com\/viviendas-obra-nueva-rincon-de-la-victoria\">Rinc\u00f3n de la Victoria<\/a>, las <strong>suaves temperaturas<\/strong> acompa\u00f1an durante todo el a\u00f1o, complementadas por m\u00e1s de nueve kil\u00f3metros de hermosas costas. Los amantes de la historia y la cultura pueden disfrutar de joyas locales como la Cueva del Tesoro y la Cueva de la Victoria, diversas Torres Almenaras, paseos por el acantilado de El Cantal, as\u00ed como la Villa Antiopa, una de las villas romanas mejor conservadas de Andaluc\u00eda. Esta combinaci\u00f3n de <strong>naturaleza, historia y cultura<\/strong> proporciona un entorno muy completo y variado, ideal para cualquier estilo de vida.<\/span><\/p>\n<p><img loading=\"lazy\" decoding=\"async\" class=\"size-full wp-image-18608 aligncenter\" src=\"https:\/\/www.aedashomes.com\/blog\/wp-content\/uploads\/2024\/09\/Terraza-de-las-futuras-viviendas-de-la-promocion-Idilia-Terram-de-AEDAS-Homes-en-Rincon-de-la-Victoria-Malaga.jpg\" alt=\"rincon de la victoria aedas homes\" width=\"1067\" height=\"605\" \/><\/p>\n<h2 style=\"text-align: justify;\"><strong><span style=\"font-size: 13.0pt; font-family: 'Calibri',sans-serif;\">AEDAS Homes crea ciudad<\/span><\/strong><\/h2>\n<p style=\"text-align: justify;\"><span style=\"font-size: 13.0pt; font-family: 'Calibri',sans-serif;\">Una de las zonas de desarrollo del municipio es el <strong>barrio de Los Jarales<\/strong>, renombrado y recuperado bajo el nombre de Idilia por AEDAS Homes en los \u00faltimos a\u00f1os -qued\u00f3 paralizado en 2008-. Actualmente, Idilia vive su particular esplendor de la mano de <strong>AEDAS Homes<\/strong> desde 2019. Este ambicioso proyecto ha transformado esta \u00e1rea en un enclave consolidado con todo lo necesario para vivir c\u00f3modamente al alcance, desde colegios y supermercados hasta centros deportivos y campos de golf.<\/span><\/p>\n<p><img loading=\"lazy\" decoding=\"async\" class=\"size-full wp-image-18609 aligncenter\" src=\"https:\/\/www.aedashomes.com\/blog\/wp-content\/uploads\/2024\/09\/Asi-sera-el-salon-de-las-futuras-viviendas-de-la-promocion-Idilia-Sonne-de-AEDAS-Homes-en-Rincon-de-la-Victoria-Malaga.jpg\" alt=\"\" width=\"993\" height=\"605\" \/><\/p>\n<h2 style=\"text-align: justify;\"><strong><span style=\"font-size: 13.0pt; font-family: 'Calibri',sans-serif;\">AEDAS Homes Idilia<\/span><\/strong><\/h2>\n<p style=\"text-align: justify;\"><span style=\"font-size: 13.0pt; font-family: 'Calibri',sans-serif;\"><strong>Idilia<\/strong> es una proyecto por la diversidad de viviendas y la calidad, y que ya cuenta con siete promociones de obra nueva: <\/span><a href=\"https:\/\/www.aedashomes.com\/pisos-en-venta-obra-nueva-rincon-de-la-victoria-idilia-01\"><span style=\"font-size: 13.0pt; font-family: 'Calibri',sans-serif;\">Idilia<\/span><\/a><span style=\"font-size: 13.0pt; font-family: 'Calibri',sans-serif;\"> (entregada), <\/span><a href=\"https:\/\/www.aedashomes.com\/pisos-en-venta-obra-nueva-rincon-de-la-victoria-idilia-views\"><span style=\"font-size: 13.0pt; font-family: 'Calibri',sans-serif;\">Idilia Views<\/span><\/a><span style=\"font-size: 13.0pt; font-family: 'Calibri',sans-serif;\"> (entregada), <\/span><a href=\"https:\/\/www.aedashomes.com\/promo-idilia-meraki-chalets-obra-nueva-rincon-de-la-victoria\"><span style=\"font-size: 13.0pt; font-family: 'Calibri',sans-serif;\">Idilia Meraki<\/span><\/a><span style=\"font-size: 13.0pt; font-family: 'Calibri',sans-serif;\"> (entregada), <\/span><a href=\"https:\/\/www.aedashomes.com\/pisos-en-venta-obra-nueva-rincon-de-la-victoria-idilia-mare\"><span style=\"font-size: 13.0pt; font-family: 'Calibri',sans-serif;\">Idilia Mare<\/span><\/a><span style=\"font-size: 13.0pt; font-family: 'Calibri',sans-serif;\">, <\/span><a href=\"https:\/\/www.aedashomes.com\/promo-idilia-senses-casa-obra-nueva-rincon-de-la-victoria\"><span style=\"font-size: 13.0pt; font-family: 'Calibri',sans-serif;\">Idilia Senses<\/span><\/a><span style=\"font-size: 13.0pt; font-family: 'Calibri',sans-serif;\">, <\/span><a href=\"https:\/\/www.aedashomes.com\/promo-idilia-sonne-casa-obra-nueva-rincon-de-la-victoria\"><span style=\"font-size: 13.0pt; font-family: 'Calibri',sans-serif;\">Idilia Sonne<\/span><\/a><span style=\"font-size: 13.0pt; font-family: 'Calibri',sans-serif;\"> e <\/span><a href=\"https:\/\/www.aedashomes.com\/promo-idilia-terram-casa-obra-nueva-rincon-de-la-victoria\"><span style=\"font-size: 13.0pt; font-family: 'Calibri',sans-serif;\">Idilia Terram<\/span><\/a><span style=\"font-size: 13.0pt; font-family: 'Calibri',sans-serif;\">. Promociones que incluyen desde viviendas de 1, 2 y 3 dormitorios con amplias terrazas hasta unifamiliares adosados de 3 y 4 habitaciones, todos estos inmuebles con el denominador com\u00fan de impresionantes<strong> vistas al mar Mediterr\u00e1neo.<\/strong> Adem\u00e1s, las zonas comunes est\u00e1n equipadas con piscinas y jardines, creando un ambiente ideal para el disfrute y el relax.<\/span><\/p>\n<p><img loading=\"lazy\" decoding=\"async\" class=\"size-full wp-image-18610 aligncenter\" src=\"https:\/\/www.aedashomes.com\/blog\/wp-content\/uploads\/2024\/09\/Piscinas-de-la-promocion-Idilia-Sonne-de-AEDAS-Homes-en-Rincon-de-la-Victoria-Malaga.jpg\" alt=\"aedas homes\" width=\"1076\" height=\"605\" \/><\/p>\n<p style=\"text-align: justify;\"><span style=\"font-size: 13.0pt; font-family: 'Calibri',sans-serif;\">Elegir<strong> vivir en Rinc\u00f3n de la Victoria<\/strong> significa optar por un estilo de vida donde la calidad y la comodidad se unen en perfecta armon\u00eda con la belleza natural y cultural del entorno. <\/span><\/p>\n","protected":false},"excerpt":{"rendered":"<p>&nbsp; Sobre Rinc\u00f3n de la Victoria Ubicado a solo 20 kil\u00f3metros de M\u00e1laga capital, Rinc\u00f3n de la Victoria se perfila como el destino perfecto para aquellos que buscan combinar la tranquilidad de un entorno relajado con la cercan\u00eda y las comodidades de la gran ciudad. Este municipio costero destaca por su excepcional calidad de vida&#8230;<\/p>\n","protected":false},"author":23,"featured_media":17455,"comment_status":"closed","ping_status":"closed","sticky":false,"template":"","format":"standard","meta":{"_acf_changed":false,"footnotes":""},"categories":[171],"tags":[479,491],"class_list":["post-17452","post","type-post","status-publish","format-standard","has-post-thumbnail","hentry","category-promociones-inmobiliarias","tag-ia","tag-ia-sector-inmobiliriario"],"acf":[],"yoast_head":"<!-- This site is optimized with the Yoast SEO plugin v27.0 - https:\/\/yoast.com\/product\/yoast-seo-wordpress\/ -->\n<title>Descubre Rinc\u00f3n de la Victoria: un lugar ideal para vivir | AEDAS Homes<\/title>\n<meta name=\"description\" content=\"Rinc\u00f3n de la Victoria se perfila como el destino perfecto para aquellos que buscan combinar la tranquilidad y la ciudad.\" \/>\n<meta name=\"robots\" content=\"index, follow, max-snippet:-1, max-image-preview:large, max-video-preview:-1\" \/>\n<link rel=\"canonical\" href=\"https:\/\/www.aedashomes.com\/blog\/vivir-rincon-de-la-victoria\/\" \/>\n<meta property=\"og:locale\" content=\"es_ES\" \/>\n<meta property=\"og:type\" content=\"article\" \/>\n<meta property=\"og:title\" content=\"Descubre Rinc\u00f3n de la Victoria: un lugar ideal para vivir | AEDAS Homes\" \/>\n<meta property=\"og:description\" content=\"Rinc\u00f3n de la Victoria se perfila como el destino perfecto para aquellos que buscan combinar la tranquilidad y la ciudad.\" \/>\n<meta property=\"og:url\" content=\"https:\/\/www.aedashomes.com\/blog\/vivir-rincon-de-la-victoria\/\" \/>\n<meta property=\"og:site_name\" content=\"AEDAS Homes Blog\" \/>\n<meta property=\"article:publisher\" content=\"https:\/\/www.facebook.com\/aedashomes\/\" \/>\n<meta property=\"article:published_time\" content=\"2024-09-03T10:46:02+00:00\" \/>\n<meta property=\"article:modified_time\" content=\"2025-02-19T07:59:40+00:00\" \/>\n<meta property=\"og:image\" content=\"https:\/\/www.aedashomes.com\/blog\/wp-content\/uploads\/2024\/09\/Terraza-de-las-futuras-viviendas-de-la-promocion-Idilia-Terram-de-AEDAS-Homes-en-Rincon-de-la-Victoria-Malaga.jpg\" \/>\n\t<meta property=\"og:image:width\" content=\"1067\" \/>\n\t<meta property=\"og:image:height\" content=\"605\" \/>\n\t<meta property=\"og:image:type\" content=\"image\/jpeg\" \/>\n<meta name=\"author\" content=\"Elena Mart\u00edn Villar\u00edn\" \/>\n<meta name=\"twitter:card\" content=\"summary_large_image\" \/>\n<meta name=\"twitter:label1\" content=\"Escrito por\" \/>\n\t<meta name=\"twitter:data1\" content=\"Elena Mart\u00edn Villar\u00edn\" \/>\n<script type=\"application\/ld+json\" class=\"yoast-schema-graph\">{\"@context\":\"https:\/\/schema.org\",\"@graph\":[{\"@type\":\"Article\",\"@id\":\"https:\/\/www.aedashomes.com\/blog\/vivir-rincon-de-la-victoria\/#article\",\"isPartOf\":{\"@id\":\"https:\/\/www.aedashomes.com\/blog\/vivir-rincon-de-la-victoria\/\"},\"author\":{\"name\":\"Elena Mart\u00edn Villar\u00edn\",\"@id\":\"https:\/\/www.aedashomes.com\/blog\/#\/schema\/person\/885ec51854b83f1061f2edaa8350b26a\"},\"headline\":\"Descubre Rinc\u00f3n de la Victoria: un lugar ideal para vivir\",\"datePublished\":\"2024-09-03T10:46:02+00:00\",\"dateModified\":\"2025-02-19T07:59:40+00:00\",\"mainEntityOfPage\":{\"@id\":\"https:\/\/www.aedashomes.com\/blog\/vivir-rincon-de-la-victoria\/\"},\"wordCount\":413,\"image\":{\"@id\":\"https:\/\/www.aedashomes.com\/blog\/vivir-rincon-de-la-victoria\/#primaryimage\"},\"thumbnailUrl\":\"https:\/\/www.aedashomes.com\/blog\/wp-content\/uploads\/2024\/09\/Terraza-de-las-futuras-viviendas-de-la-promocion-Idilia-Terram-de-AEDAS-Homes-en-Rincon-de-la-Victoria-Malaga.jpg\",\"keywords\":[\"IA\",\"ia sector inmobiliriario\"],\"articleSection\":[\"Promociones\"],\"inLanguage\":\"es\"},{\"@type\":\"WebPage\",\"@id\":\"https:\/\/www.aedashomes.com\/blog\/vivir-rincon-de-la-victoria\/\",\"url\":\"https:\/\/www.aedashomes.com\/blog\/vivir-rincon-de-la-victoria\/\",\"name\":\"Descubre Rinc\u00f3n de la Victoria: un lugar ideal para vivir | AEDAS Homes\",\"isPartOf\":{\"@id\":\"https:\/\/www.aedashomes.com\/blog\/#website\"},\"primaryImageOfPage\":{\"@id\":\"https:\/\/www.aedashomes.com\/blog\/vivir-rincon-de-la-victoria\/#primaryimage\"},\"image\":{\"@id\":\"https:\/\/www.aedashomes.com\/blog\/vivir-rincon-de-la-victoria\/#primaryimage\"},\"thumbnailUrl\":\"https:\/\/www.aedashomes.com\/blog\/wp-content\/uploads\/2024\/09\/Terraza-de-las-futuras-viviendas-de-la-promocion-Idilia-Terram-de-AEDAS-Homes-en-Rincon-de-la-Victoria-Malaga.jpg\",\"datePublished\":\"2024-09-03T10:46:02+00:00\",\"dateModified\":\"2025-02-19T07:59:40+00:00\",\"author\":{\"@id\":\"https:\/\/www.aedashomes.com\/blog\/#\/schema\/person\/885ec51854b83f1061f2edaa8350b26a\"},\"description\":\"Rinc\u00f3n de la Victoria se perfila como el destino perfecto para aquellos que buscan combinar la tranquilidad y la ciudad.\",\"breadcrumb\":{\"@id\":\"https:\/\/www.aedashomes.com\/blog\/vivir-rincon-de-la-victoria\/#breadcrumb\"},\"inLanguage\":\"es\",\"potentialAction\":[{\"@type\":\"ReadAction\",\"target\":[\"https:\/\/www.aedashomes.com\/blog\/vivir-rincon-de-la-victoria\/\"]}]},{\"@type\":\"ImageObject\",\"inLanguage\":\"es\",\"@id\":\"https:\/\/www.aedashomes.com\/blog\/vivir-rincon-de-la-victoria\/#primaryimage\",\"url\":\"https:\/\/www.aedashomes.com\/blog\/wp-content\/uploads\/2024\/09\/Terraza-de-las-futuras-viviendas-de-la-promocion-Idilia-Terram-de-AEDAS-Homes-en-Rincon-de-la-Victoria-Malaga.jpg\",\"contentUrl\":\"https:\/\/www.aedashomes.com\/blog\/wp-content\/uploads\/2024\/09\/Terraza-de-las-futuras-viviendas-de-la-promocion-Idilia-Terram-de-AEDAS-Homes-en-Rincon-de-la-Victoria-Malaga.jpg\",\"width\":1067,\"height\":605},{\"@type\":\"BreadcrumbList\",\"@id\":\"https:\/\/www.aedashomes.com\/blog\/vivir-rincon-de-la-victoria\/#breadcrumb\",\"itemListElement\":[{\"@type\":\"ListItem\",\"position\":1,\"name\":\"Blog\",\"item\":\"https:\/\/www.aedashomes.com\/blog\/\"},{\"@type\":\"ListItem\",\"position\":2,\"name\":\"Promociones\",\"item\":\"https:\/\/www.aedashomes.com\/blog\/promociones-inmobiliarias\/\"},{\"@type\":\"ListItem\",\"position\":3,\"name\":\"Descubre Rinc\u00f3n de la Victoria: un lugar ideal para vivir\"}]},{\"@type\":\"WebSite\",\"@id\":\"https:\/\/www.aedashomes.com\/blog\/#website\",\"url\":\"https:\/\/www.aedashomes.com\/blog\/\",\"name\":\"AEDAS Homes Blog\",\"description\":\"El blog de la promotora inmobiliaria AEDAS Homes\",\"potentialAction\":[{\"@type\":\"SearchAction\",\"target\":{\"@type\":\"EntryPoint\",\"urlTemplate\":\"https:\/\/www.aedashomes.com\/blog\/?s={search_term_string}\"},\"query-input\":{\"@type\":\"PropertyValueSpecification\",\"valueRequired\":true,\"valueName\":\"search_term_string\"}}],\"inLanguage\":\"es\"},{\"@type\":\"Person\",\"@id\":\"https:\/\/www.aedashomes.com\/blog\/#\/schema\/person\/885ec51854b83f1061f2edaa8350b26a\",\"name\":\"Elena Mart\u00edn Villar\u00edn\",\"image\":{\"@type\":\"ImageObject\",\"inLanguage\":\"es\",\"@id\":\"https:\/\/www.aedashomes.com\/blog\/#\/schema\/person\/image\/\",\"url\":\"https:\/\/secure.gravatar.com\/avatar\/9044d004f777fe707099a9b70c07224f1a860d7bc1de7a1d44c64db9375fc776?s=96&d=mm&r=g\",\"contentUrl\":\"https:\/\/secure.gravatar.com\/avatar\/9044d004f777fe707099a9b70c07224f1a860d7bc1de7a1d44c64db9375fc776?s=96&d=mm&r=g\",\"caption\":\"Elena Mart\u00edn Villar\u00edn\"},\"url\":\"https:\/\/www.aedashomes.com\/blog\/author\/emartin\/\"}]}<\/script>\n<!-- \/ Yoast SEO plugin. -->","yoast_head_json":{"title":"Descubre Rinc\u00f3n de la Victoria: un lugar ideal para vivir | AEDAS Homes","description":"Rinc\u00f3n de la Victoria se perfila como el destino perfecto para aquellos que buscan combinar la tranquilidad y la ciudad.","robots":{"index":"index","follow":"follow","max-snippet":"max-snippet:-1","max-image-preview":"max-image-preview:large","max-video-preview":"max-video-preview:-1"},"canonical":"https:\/\/www.aedashomes.com\/blog\/vivir-rincon-de-la-victoria\/","og_locale":"es_ES","og_type":"article","og_title":"Descubre Rinc\u00f3n de la Victoria: un lugar ideal para vivir | AEDAS Homes","og_description":"Rinc\u00f3n de la Victoria se perfila como el destino perfecto para aquellos que buscan combinar la tranquilidad y la ciudad.","og_url":"https:\/\/www.aedashomes.com\/blog\/vivir-rincon-de-la-victoria\/","og_site_name":"AEDAS Homes Blog","article_publisher":"https:\/\/www.facebook.com\/aedashomes\/","article_published_time":"2024-09-03T10:46:02+00:00","article_modified_time":"2025-02-19T07:59:40+00:00","og_image":[{"width":1067,"height":605,"url":"https:\/\/www.aedashomes.com\/blog\/wp-content\/uploads\/2024\/09\/Terraza-de-las-futuras-viviendas-de-la-promocion-Idilia-Terram-de-AEDAS-Homes-en-Rincon-de-la-Victoria-Malaga.jpg","type":"image\/jpeg"}],"author":"Elena Mart\u00edn Villar\u00edn","twitter_card":"summary_large_image","twitter_misc":{"Escrito por":"Elena Mart\u00edn Villar\u00edn"},"schema":{"@context":"https:\/\/schema.org","@graph":[{"@type":"Article","@id":"https:\/\/www.aedashomes.com\/blog\/vivir-rincon-de-la-victoria\/#article","isPartOf":{"@id":"https:\/\/www.aedashomes.com\/blog\/vivir-rincon-de-la-victoria\/"},"author":{"name":"Elena Mart\u00edn Villar\u00edn","@id":"https:\/\/www.aedashomes.com\/blog\/#\/schema\/person\/885ec51854b83f1061f2edaa8350b26a"},"headline":"Descubre Rinc\u00f3n de la Victoria: un lugar ideal para vivir","datePublished":"2024-09-03T10:46:02+00:00","dateModified":"2025-02-19T07:59:40+00:00","mainEntityOfPage":{"@id":"https:\/\/www.aedashomes.com\/blog\/vivir-rincon-de-la-victoria\/"},"wordCount":413,"image":{"@id":"https:\/\/www.aedashomes.com\/blog\/vivir-rincon-de-la-victoria\/#primaryimage"},"thumbnailUrl":"https:\/\/www.aedashomes.com\/blog\/wp-content\/uploads\/2024\/09\/Terraza-de-las-futuras-viviendas-de-la-promocion-Idilia-Terram-de-AEDAS-Homes-en-Rincon-de-la-Victoria-Malaga.jpg","keywords":["IA","ia sector inmobiliriario"],"articleSection":["Promociones"],"inLanguage":"es"},{"@type":"WebPage","@id":"https:\/\/www.aedashomes.com\/blog\/vivir-rincon-de-la-victoria\/","url":"https:\/\/www.aedashomes.com\/blog\/vivir-rincon-de-la-victoria\/","name":"Descubre Rinc\u00f3n de la Victoria: un lugar ideal para vivir | AEDAS Homes","isPartOf":{"@id":"https:\/\/www.aedashomes.com\/blog\/#website"},"primaryImageOfPage":{"@id":"https:\/\/www.aedashomes.com\/blog\/vivir-rincon-de-la-victoria\/#primaryimage"},"image":{"@id":"https:\/\/www.aedashomes.com\/blog\/vivir-rincon-de-la-victoria\/#primaryimage"},"thumbnailUrl":"https:\/\/www.aedashomes.com\/blog\/wp-content\/uploads\/2024\/09\/Terraza-de-las-futuras-viviendas-de-la-promocion-Idilia-Terram-de-AEDAS-Homes-en-Rincon-de-la-Victoria-Malaga.jpg","datePublished":"2024-09-03T10:46:02+00:00","dateModified":"2025-02-19T07:59:40+00:00","author":{"@id":"https:\/\/www.aedashomes.com\/blog\/#\/schema\/person\/885ec51854b83f1061f2edaa8350b26a"},"description":"Rinc\u00f3n de la Victoria se perfila como el destino perfecto para aquellos que buscan combinar la tranquilidad y la ciudad.","breadcrumb":{"@id":"https:\/\/www.aedashomes.com\/blog\/vivir-rincon-de-la-victoria\/#breadcrumb"},"inLanguage":"es","potentialAction":[{"@type":"ReadAction","target":["https:\/\/www.aedashomes.com\/blog\/vivir-rincon-de-la-victoria\/"]}]},{"@type":"ImageObject","inLanguage":"es","@id":"https:\/\/www.aedashomes.com\/blog\/vivir-rincon-de-la-victoria\/#primaryimage","url":"https:\/\/www.aedashomes.com\/blog\/wp-content\/uploads\/2024\/09\/Terraza-de-las-futuras-viviendas-de-la-promocion-Idilia-Terram-de-AEDAS-Homes-en-Rincon-de-la-Victoria-Malaga.jpg","contentUrl":"https:\/\/www.aedashomes.com\/blog\/wp-content\/uploads\/2024\/09\/Terraza-de-las-futuras-viviendas-de-la-promocion-Idilia-Terram-de-AEDAS-Homes-en-Rincon-de-la-Victoria-Malaga.jpg","width":1067,"height":605},{"@type":"BreadcrumbList","@id":"https:\/\/www.aedashomes.com\/blog\/vivir-rincon-de-la-victoria\/#breadcrumb","itemListElement":[{"@type":"ListItem","position":1,"name":"Blog","item":"https:\/\/www.aedashomes.com\/blog\/"},{"@type":"ListItem","position":2,"name":"Promociones","item":"https:\/\/www.aedashomes.com\/blog\/promociones-inmobiliarias\/"},{"@type":"ListItem","position":3,"name":"Descubre Rinc\u00f3n de la Victoria: un lugar ideal para vivir"}]},{"@type":"WebSite","@id":"https:\/\/www.aedashomes.com\/blog\/#website","url":"https:\/\/www.aedashomes.com\/blog\/","name":"AEDAS Homes Blog","description":"El blog de la promotora inmobiliaria AEDAS Homes","potentialAction":[{"@type":"SearchAction","target":{"@type":"EntryPoint","urlTemplate":"https:\/\/www.aedashomes.com\/blog\/?s={search_term_string}"},"query-input":{"@type":"PropertyValueSpecification","valueRequired":true,"valueName":"search_term_string"}}],"inLanguage":"es"},{"@type":"Person","@id":"https:\/\/www.aedashomes.com\/blog\/#\/schema\/person\/885ec51854b83f1061f2edaa8350b26a","name":"Elena Mart\u00edn Villar\u00edn","image":{"@type":"ImageObject","inLanguage":"es","@id":"https:\/\/www.aedashomes.com\/blog\/#\/schema\/person\/image\/","url":"https:\/\/secure.gravatar.com\/avatar\/9044d004f777fe707099a9b70c07224f1a860d7bc1de7a1d44c64db9375fc776?s=96&d=mm&r=g","contentUrl":"https:\/\/secure.gravatar.com\/avatar\/9044d004f777fe707099a9b70c07224f1a860d7bc1de7a1d44c64db9375fc776?s=96&d=mm&r=g","caption":"Elena Mart\u00edn Villar\u00edn"},"url":"https:\/\/www.aedashomes.com\/blog\/author\/emartin\/"}]}},"_links":{"self":[{"href":"https:\/\/www.aedashomes.com\/blog\/wp-json\/wp\/v2\/posts\/17452","targetHints":{"allow":["GET"]}}],"collection":[{"href":"https:\/\/www.aedashomes.com\/blog\/wp-json\/wp\/v2\/posts"}],"about":[{"href":"https:\/\/www.aedashomes.com\/blog\/wp-json\/wp\/v2\/types\/post"}],"author":[{"embeddable":true,"href":"https:\/\/www.aedashomes.com\/blog\/wp-json\/wp\/v2\/users\/23"}],"replies":[{"embeddable":true,"href":"https:\/\/www.aedashomes.com\/blog\/wp-json\/wp\/v2\/comments?post=17452"}],"version-history":[{"count":4,"href":"https:\/\/www.aedashomes.com\/blog\/wp-json\/wp\/v2\/posts\/17452\/revisions"}],"predecessor-version":[{"id":17654,"href":"https:\/\/www.aedashomes.com\/blog\/wp-json\/wp\/v2\/posts\/17452\/revisions\/17654"}],"wp:featuredmedia":[{"embeddable":true,"href":"https:\/\/www.aedashomes.com\/blog\/wp-json\/wp\/v2\/media\/17455"}],"wp:attachment":[{"href":"https:\/\/www.aedashomes.com\/blog\/wp-json\/wp\/v2\/media?parent=17452"}],"wp:term":[{"taxonomy":"category","embeddable":true,"href":"https:\/\/www.aedashomes.com\/blog\/wp-json\/wp\/v2\/categories?post=17452"},{"taxonomy":"post_tag","embeddable":true,"href":"https:\/\/www.aedashomes.com\/blog\/wp-json\/wp\/v2\/tags?post=17452"}],"curies":[{"name":"wp","href":"https:\/\/api.w.org\/{rel}","templated":true}]}}