{"id":17490,"date":"2024-11-12T15:45:42","date_gmt":"2024-11-12T14:45:42","guid":{"rendered":"https:\/\/172.19.1.26\/blog\/?p=18724"},"modified":"2024-11-12T15:45:42","modified_gmt":"2024-11-12T14:45:42","slug":"angel-fernandez-simed-2024","status":"publish","type":"post","link":"https:\/\/www.aedashomes.com\/blog\/angel-fernandez-simed-2024\/","title":{"rendered":"\u00c1ngel Fern\u00e1ndez: \u00abAEDAS Homes es una compa\u00f1\u00eda comprometida con la mejora del entorno urbano de M\u00e1laga\u00bb"},"content":{"rendered":"<p style=\"text-align: justify;\">El Director Territorial de <strong>AEDAS Homes<\/strong> en <a href=\"https:\/\/www.aedashomes.com\/viviendas-obra-nueva-costa-del-sol\">Costa del Sol<\/a>, \u00c1ngel Fern\u00e1ndez, particip\u00f3 en la mesa debate titulada \u2018Proyectos como transformadores y regeneradores urbanos\u2019 celebrada en el SIMED 2024. Una cita en la que comparti\u00f3 su visi\u00f3n sobre el papel que las promotoras tienen en la regeneraci\u00f3n de zonas urbanas y el aprovechamiento de suelos ya existentes para la revitalizaci\u00f3n de ciudades como M\u00e1laga.<\/p>\n<h2><strong>El enfoque de AEDAS Homes en la remodelaci\u00f3n urbana<\/strong><\/h2>\n<p style=\"text-align: justify;\">Durante su intervenci\u00f3n, \u00c1ngel Fern\u00e1ndez destac\u00f3 la importancia, no solo de desarrollar nuevos suelos, sino tambi\u00e9n de intervenir en la trama urbana existente. \u201cM\u00e1laga dispone de una <strong>gran cantidad de suelo en la periferia de la ciudad<\/strong>, pero tambi\u00e9n de una serie de barrios obsoletos que suponen una interesante oportunidad para el sector inmobiliario\u201d, explic\u00f3.<\/p>\n<p style=\"text-align: justify;\">Como apunt\u00f3 el directivo, se puede intervenir en barrios enteros para renovarlos y mejorar la calidad de vida de estos espacios. \u201cPero para llevar a cabo esta acci\u00f3n\u201d, especific\u00f3, <strong>\u201ces fundamental que exista una colaboraci\u00f3n activa entre el sector privado y las administraciones p\u00fablicas<\/strong>, es decir, que se implementen pol\u00edticas urban\u00edsticas que impulsen estas acciones\u201d.<\/p>\n<h3><strong>La importancia del suelo en el desarrollo urbano<\/strong><\/h3>\n<p style=\"text-align: justify;\">El Director Territorial de <strong>AEDAS Homes<\/strong> en Costa del Sol hizo hincapi\u00e9 en el papel esencial que tiene el suelo y en c\u00f3mo su gesti\u00f3n eficaz es clave para el desarrollo de proyectos duraderos que acojan tanto viviendas como todo tipo de servicios para sus futuros habitantes. <strong>\u201cEl verdadero motor del sector es el suelo, su principal materia prima<\/strong>. Sin una planificaci\u00f3n s\u00f3lida y a largo plazo, es imposible llevar a cabo proyectos urbanos que respondan a las necesidades de las ciudades y de la sociedad\u201d, advirti\u00f3.<\/p>\n<p style=\"text-align: justify;\">En este punto, record\u00f3 c\u00f3mo la gesti\u00f3n del suelo hasta su desarrollo final puede requerir entre 15 y 20 a\u00f1os &#8211; \u201clo que exige <strong>una visi\u00f3n anticipada y enfocada en las necesidades<\/strong> de expansi\u00f3n de las ciudades\u201d, record\u00f3-. Y puso como ejemplo el Valle del Guadalhorce, por d\u00f3nde deber\u00eda pasar el crecimiento natural de M\u00e1laga.<\/p>\n<div class=\"w-gallery cols_3 link_file\"><div class=\"w-gallery-list\"><a class=\"w-gallery-item order_1\" href=\"https:\/\/www.aedashomes.com\/blog\/wp-content\/uploads\/2025\/07\/obras.png\" title=\"obras\"><div class=\"w-gallery-item-img\"><img loading=\"lazy\" decoding=\"async\" width=\"558\" height=\"350\" src=\"https:\/\/www.aedashomes.com\/blog\/wp-content\/uploads\/2025\/07\/obras-558x350.png\" class=\"attachment-us_580_350_crop size-us_580_350_crop\" alt=\"\" \/><\/div><\/a><\/div><\/div>\n<h3><strong>Proyectos emblem\u00e1ticos<\/strong><\/h3>\n<p style=\"text-align: justify;\">\u00c1ngel Fern\u00e1ndez enumer\u00f3 algunos proyectos que <strong>AEDAS Homes<\/strong> ha llevado a cabo en distintas ciudades de Espa\u00f1a, orientados a la modernizaci\u00f3n y renovaci\u00f3n de zonas previamente urbanizadas. <strong>En Barcelona, la compa\u00f1\u00eda ha transformado una antigua f\u00e1brica de cables<\/strong>, en primera l\u00ednea de playa, en un espacio residencial moderno rebautizado como <em>Illa Nova<\/em>. <strong>En Madrid, unas antiguas instalaciones de fabricaci\u00f3n de telas son hoy en d\u00eda un barrio con casi 3.000 viviendas<\/strong>, el nuevo barrio de <em>Las Sedas<\/em>.<\/p>\n<p style=\"text-align: justify;\">\u201cM\u00e1laga tampoco es ajena a esta estrategia de desarrollo\u201d, apunt\u00f3 el directivo. \u201c<strong>AEDAS Homes<\/strong> ha impulsado el crecimiento de <strong>Distrito Zeta<\/strong> y, actualmente, la compa\u00f1\u00eda est\u00e1 inmersa en un proyecto de alto valor en la nueva Milla de Oro de la capital malague\u00f1a, conocida como <em>La T\u00e9rmica<\/em>\u201d. Centr\u00e1ndose en este \u00faltimo icono inmobiliario de la capital malacitana, \u00c1ngel Fern\u00e1ndez expuso c\u00f3mo<em> La T\u00e9rmica<\/em> se erige sobre unas antiguas instalaciones industriales, reubicando tambi\u00e9n una subestaci\u00f3n el\u00e9ctrica existente, permitiendo as\u00ed la creaci\u00f3n de una nueva centralidad urbana y mejorando la conexi\u00f3n entre la zona oeste de la ciudad con el mar. \u201cEs un proyecto que refleja el ADN y <strong>el compromiso de AEDAS Homes con la mejora del entorno urbano de M\u00e1laga<\/strong>\u201d, expres\u00f3.<\/p>\n<p style=\"text-align: justify;\">El Director Territorial de <strong>AEDAS Homes<\/strong> en Costa del Sol finaliz\u00f3 su intervenci\u00f3n resaltando que <strong>el \u00e9xito de estos proyectos de regeneraci\u00f3n urbana depende de una colaboraci\u00f3n conjunta<\/strong> de todos los responsables implicados desde los inicios, as\u00ed como de una cuidada planificaci\u00f3n a largo plazo.<\/p>\n<p style=\"text-align: justify;\">\u00c1ngel Fern\u00e1ndez comparti\u00f3 foro con Juan Conejo Villanueva, Director Territorial de Andaluc\u00eda Oriental del Grupo Insur; Julio G\u00f3mez, Director Territorial de Andaluc\u00eda de AQ Acentor; e In\u00e9s Laresgoiti, Head de Andaluc\u00eda de Clikalia. La mesa estuvo moderada por Jos\u00e9 Antonio P\u00e9rez Ram\u00edrez, Director de Real Estate Business School (REBS).<\/p>\n<p><center><iframe loading=\"lazy\" title=\"YouTube video player\" src=\"https:\/\/www.youtube-nocookie.com\/embed\/I4GJIvo0EH8?si=erLZe2f9y0y0ebvr\" width=\"560\" height=\"315\" frameborder=\"0\" allowfullscreen=\"allowfullscreen\"><\/iframe><\/center><\/p>\n","protected":false},"excerpt":{"rendered":"<p>El Director Territorial de AEDAS Homes en Costa del Sol, \u00c1ngel Fern\u00e1ndez, particip\u00f3 en la mesa debate titulada \u2018Proyectos como transformadores y regeneradores urbanos\u2019 celebrada en el SIMED 2024. Una cita en la que comparti\u00f3 su visi\u00f3n sobre el papel que las promotoras tienen en la regeneraci\u00f3n de zonas urbanas y el aprovechamiento de suelos&#8230;<\/p>\n","protected":false},"author":15,"featured_media":17494,"comment_status":"closed","ping_status":"closed","sticky":false,"template":"","format":"standard","meta":{"_acf_changed":false,"footnotes":""},"categories":[209],"tags":[],"class_list":["post-17490","post","type-post","status-publish","format-standard","has-post-thumbnail","hentry","category-noticias-inmobiliarias"],"acf":[],"yoast_head":"<!-- This site is optimized with the Yoast SEO plugin v27.0 - https:\/\/yoast.com\/product\/yoast-seo-wordpress\/ -->\n<title>\u00c1ngel Fern\u00e1ndez: &quot;AEDAS Homes es una compa\u00f1\u00eda comprometida con la mejora del entorno urbano de M\u00e1laga&quot; - AEDAS Homes Blog<\/title>\n<meta name=\"description\" content=\"El Director Territorial de AEDAS Homes en Costa del Sol, \u00c1ngel Fern\u00e1ndez, particip\u00f3 en la mesa debate titulada \u2018Proyectos como transformadores y regeneradores urbanos\u2019 celebrada en el SIMED 2024.\" \/>\n<meta name=\"robots\" content=\"index, follow, max-snippet:-1, max-image-preview:large, max-video-preview:-1\" \/>\n<link rel=\"canonical\" href=\"https:\/\/www.aedashomes.com\/blog\/angel-fernandez-simed-2024\/\" \/>\n<meta property=\"og:locale\" content=\"es_ES\" \/>\n<meta property=\"og:type\" content=\"article\" \/>\n<meta property=\"og:title\" content=\"\u00c1ngel Fern\u00e1ndez: &quot;AEDAS Homes es una compa\u00f1\u00eda comprometida con la mejora del entorno urbano de M\u00e1laga&quot; - AEDAS Homes Blog\" \/>\n<meta property=\"og:description\" content=\"El Director Territorial de AEDAS Homes en Costa del Sol, \u00c1ngel Fern\u00e1ndez, particip\u00f3 en la mesa debate titulada \u2018Proyectos como transformadores y regeneradores urbanos\u2019 celebrada en el SIMED 2024.\" \/>\n<meta property=\"og:url\" content=\"https:\/\/www.aedashomes.com\/blog\/angel-fernandez-simed-2024\/\" \/>\n<meta property=\"og:site_name\" content=\"AEDAS Homes Blog\" \/>\n<meta property=\"article:publisher\" content=\"https:\/\/www.facebook.com\/aedashomes\/\" \/>\n<meta property=\"article:published_time\" content=\"2024-11-12T14:45:42+00:00\" \/>\n<meta property=\"og:image\" content=\"https:\/\/www.aedashomes.com\/blog\/wp-content\/uploads\/2024\/11\/angel-fernandez-simed-2024-2.jpeg\" \/>\n\t<meta property=\"og:image:width\" content=\"908\" \/>\n\t<meta property=\"og:image:height\" content=\"605\" \/>\n\t<meta property=\"og:image:type\" content=\"image\/jpeg\" \/>\n<meta name=\"author\" content=\"-\" \/>\n<meta name=\"twitter:card\" content=\"summary_large_image\" \/>\n<meta name=\"twitter:label1\" content=\"Escrito por\" \/>\n\t<meta name=\"twitter:data1\" content=\"-\" \/>\n<script type=\"application\/ld+json\" class=\"yoast-schema-graph\">{\"@context\":\"https:\/\/schema.org\",\"@graph\":[{\"@type\":\"Article\",\"@id\":\"https:\/\/www.aedashomes.com\/blog\/angel-fernandez-simed-2024\/#article\",\"isPartOf\":{\"@id\":\"https:\/\/www.aedashomes.com\/blog\/angel-fernandez-simed-2024\/\"},\"author\":{\"name\":\"-\",\"@id\":\"https:\/\/www.aedashomes.com\/blog\/#\/schema\/person\/3943511ba2e912cf5f6ba43a52940713\"},\"headline\":\"\u00c1ngel Fern\u00e1ndez: \u00abAEDAS Homes es una compa\u00f1\u00eda comprometida con la mejora del entorno urbano de M\u00e1laga\u00bb\",\"datePublished\":\"2024-11-12T14:45:42+00:00\",\"mainEntityOfPage\":{\"@id\":\"https:\/\/www.aedashomes.com\/blog\/angel-fernandez-simed-2024\/\"},\"wordCount\":714,\"image\":{\"@id\":\"https:\/\/www.aedashomes.com\/blog\/angel-fernandez-simed-2024\/#primaryimage\"},\"thumbnailUrl\":\"https:\/\/www.aedashomes.com\/blog\/wp-content\/uploads\/2024\/11\/angel-fernandez-simed-2024-2.jpeg\",\"articleSection\":[\"AEDAS News\"],\"inLanguage\":\"es\"},{\"@type\":\"WebPage\",\"@id\":\"https:\/\/www.aedashomes.com\/blog\/angel-fernandez-simed-2024\/\",\"url\":\"https:\/\/www.aedashomes.com\/blog\/angel-fernandez-simed-2024\/\",\"name\":\"\u00c1ngel Fern\u00e1ndez: \\\"AEDAS Homes es una compa\u00f1\u00eda comprometida con la mejora del entorno urbano de M\u00e1laga\\\" - AEDAS Homes Blog\",\"isPartOf\":{\"@id\":\"https:\/\/www.aedashomes.com\/blog\/#website\"},\"primaryImageOfPage\":{\"@id\":\"https:\/\/www.aedashomes.com\/blog\/angel-fernandez-simed-2024\/#primaryimage\"},\"image\":{\"@id\":\"https:\/\/www.aedashomes.com\/blog\/angel-fernandez-simed-2024\/#primaryimage\"},\"thumbnailUrl\":\"https:\/\/www.aedashomes.com\/blog\/wp-content\/uploads\/2024\/11\/angel-fernandez-simed-2024-2.jpeg\",\"datePublished\":\"2024-11-12T14:45:42+00:00\",\"author\":{\"@id\":\"https:\/\/www.aedashomes.com\/blog\/#\/schema\/person\/3943511ba2e912cf5f6ba43a52940713\"},\"description\":\"El Director Territorial de AEDAS Homes en Costa del Sol, \u00c1ngel Fern\u00e1ndez, particip\u00f3 en la mesa debate titulada \u2018Proyectos como transformadores y regeneradores urbanos\u2019 celebrada en el SIMED 2024.\",\"breadcrumb\":{\"@id\":\"https:\/\/www.aedashomes.com\/blog\/angel-fernandez-simed-2024\/#breadcrumb\"},\"inLanguage\":\"es\",\"potentialAction\":[{\"@type\":\"ReadAction\",\"target\":[\"https:\/\/www.aedashomes.com\/blog\/angel-fernandez-simed-2024\/\"]}]},{\"@type\":\"ImageObject\",\"inLanguage\":\"es\",\"@id\":\"https:\/\/www.aedashomes.com\/blog\/angel-fernandez-simed-2024\/#primaryimage\",\"url\":\"https:\/\/www.aedashomes.com\/blog\/wp-content\/uploads\/2024\/11\/angel-fernandez-simed-2024-2.jpeg\",\"contentUrl\":\"https:\/\/www.aedashomes.com\/blog\/wp-content\/uploads\/2024\/11\/angel-fernandez-simed-2024-2.jpeg\",\"width\":908,\"height\":605},{\"@type\":\"BreadcrumbList\",\"@id\":\"https:\/\/www.aedashomes.com\/blog\/angel-fernandez-simed-2024\/#breadcrumb\",\"itemListElement\":[{\"@type\":\"ListItem\",\"position\":1,\"name\":\"Blog\",\"item\":\"https:\/\/www.aedashomes.com\/blog\/\"},{\"@type\":\"ListItem\",\"position\":2,\"name\":\"AEDAS News\",\"item\":\"https:\/\/www.aedashomes.com\/blog\/noticias-inmobiliarias\/\"},{\"@type\":\"ListItem\",\"position\":3,\"name\":\"\u00c1ngel Fern\u00e1ndez: \u00abAEDAS Homes es una compa\u00f1\u00eda comprometida con la mejora del entorno urbano de M\u00e1laga\u00bb\"}]},{\"@type\":\"WebSite\",\"@id\":\"https:\/\/www.aedashomes.com\/blog\/#website\",\"url\":\"https:\/\/www.aedashomes.com\/blog\/\",\"name\":\"AEDAS Homes Blog\",\"description\":\"El blog de la promotora inmobiliaria AEDAS Homes\",\"potentialAction\":[{\"@type\":\"SearchAction\",\"target\":{\"@type\":\"EntryPoint\",\"urlTemplate\":\"https:\/\/www.aedashomes.com\/blog\/?s={search_term_string}\"},\"query-input\":{\"@type\":\"PropertyValueSpecification\",\"valueRequired\":true,\"valueName\":\"search_term_string\"}}],\"inLanguage\":\"es\"},{\"@type\":\"Person\",\"@id\":\"https:\/\/www.aedashomes.com\/blog\/#\/schema\/person\/3943511ba2e912cf5f6ba43a52940713\",\"name\":\"-\",\"image\":{\"@type\":\"ImageObject\",\"inLanguage\":\"es\",\"@id\":\"https:\/\/www.aedashomes.com\/blog\/#\/schema\/person\/image\/\",\"url\":\"https:\/\/secure.gravatar.com\/avatar\/9a98fc972c3ec2b91fdfd2a81c93ee3fc7c04aeefac4d931b43205ed61d9e009?s=96&d=mm&r=g\",\"contentUrl\":\"https:\/\/secure.gravatar.com\/avatar\/9a98fc972c3ec2b91fdfd2a81c93ee3fc7c04aeefac4d931b43205ed61d9e009?s=96&d=mm&r=g\",\"caption\":\"-\"},\"url\":\"https:\/\/www.aedashomes.com\/blog\/author\/idento\/\"}]}<\/script>\n<!-- \/ Yoast SEO plugin. -->","yoast_head_json":{"title":"\u00c1ngel Fern\u00e1ndez: \"AEDAS Homes es una compa\u00f1\u00eda comprometida con la mejora del entorno urbano de M\u00e1laga\" - AEDAS Homes Blog","description":"El Director Territorial de AEDAS Homes en Costa del Sol, \u00c1ngel Fern\u00e1ndez, particip\u00f3 en la mesa debate titulada \u2018Proyectos como transformadores y regeneradores urbanos\u2019 celebrada en el SIMED 2024.","robots":{"index":"index","follow":"follow","max-snippet":"max-snippet:-1","max-image-preview":"max-image-preview:large","max-video-preview":"max-video-preview:-1"},"canonical":"https:\/\/www.aedashomes.com\/blog\/angel-fernandez-simed-2024\/","og_locale":"es_ES","og_type":"article","og_title":"\u00c1ngel Fern\u00e1ndez: \"AEDAS Homes es una compa\u00f1\u00eda comprometida con la mejora del entorno urbano de M\u00e1laga\" - AEDAS Homes Blog","og_description":"El Director Territorial de AEDAS Homes en Costa del Sol, \u00c1ngel Fern\u00e1ndez, particip\u00f3 en la mesa debate titulada \u2018Proyectos como transformadores y regeneradores urbanos\u2019 celebrada en el SIMED 2024.","og_url":"https:\/\/www.aedashomes.com\/blog\/angel-fernandez-simed-2024\/","og_site_name":"AEDAS Homes Blog","article_publisher":"https:\/\/www.facebook.com\/aedashomes\/","article_published_time":"2024-11-12T14:45:42+00:00","og_image":[{"width":908,"height":605,"url":"https:\/\/www.aedashomes.com\/blog\/wp-content\/uploads\/2024\/11\/angel-fernandez-simed-2024-2.jpeg","type":"image\/jpeg"}],"author":"-","twitter_card":"summary_large_image","twitter_misc":{"Escrito por":"-"},"schema":{"@context":"https:\/\/schema.org","@graph":[{"@type":"Article","@id":"https:\/\/www.aedashomes.com\/blog\/angel-fernandez-simed-2024\/#article","isPartOf":{"@id":"https:\/\/www.aedashomes.com\/blog\/angel-fernandez-simed-2024\/"},"author":{"name":"-","@id":"https:\/\/www.aedashomes.com\/blog\/#\/schema\/person\/3943511ba2e912cf5f6ba43a52940713"},"headline":"\u00c1ngel Fern\u00e1ndez: \u00abAEDAS Homes es una compa\u00f1\u00eda comprometida con la mejora del entorno urbano de M\u00e1laga\u00bb","datePublished":"2024-11-12T14:45:42+00:00","mainEntityOfPage":{"@id":"https:\/\/www.aedashomes.com\/blog\/angel-fernandez-simed-2024\/"},"wordCount":714,"image":{"@id":"https:\/\/www.aedashomes.com\/blog\/angel-fernandez-simed-2024\/#primaryimage"},"thumbnailUrl":"https:\/\/www.aedashomes.com\/blog\/wp-content\/uploads\/2024\/11\/angel-fernandez-simed-2024-2.jpeg","articleSection":["AEDAS News"],"inLanguage":"es"},{"@type":"WebPage","@id":"https:\/\/www.aedashomes.com\/blog\/angel-fernandez-simed-2024\/","url":"https:\/\/www.aedashomes.com\/blog\/angel-fernandez-simed-2024\/","name":"\u00c1ngel Fern\u00e1ndez: \"AEDAS Homes es una compa\u00f1\u00eda comprometida con la mejora del entorno urbano de M\u00e1laga\" - AEDAS Homes Blog","isPartOf":{"@id":"https:\/\/www.aedashomes.com\/blog\/#website"},"primaryImageOfPage":{"@id":"https:\/\/www.aedashomes.com\/blog\/angel-fernandez-simed-2024\/#primaryimage"},"image":{"@id":"https:\/\/www.aedashomes.com\/blog\/angel-fernandez-simed-2024\/#primaryimage"},"thumbnailUrl":"https:\/\/www.aedashomes.com\/blog\/wp-content\/uploads\/2024\/11\/angel-fernandez-simed-2024-2.jpeg","datePublished":"2024-11-12T14:45:42+00:00","author":{"@id":"https:\/\/www.aedashomes.com\/blog\/#\/schema\/person\/3943511ba2e912cf5f6ba43a52940713"},"description":"El Director Territorial de AEDAS Homes en Costa del Sol, \u00c1ngel Fern\u00e1ndez, particip\u00f3 en la mesa debate titulada \u2018Proyectos como transformadores y regeneradores urbanos\u2019 celebrada en el SIMED 2024.","breadcrumb":{"@id":"https:\/\/www.aedashomes.com\/blog\/angel-fernandez-simed-2024\/#breadcrumb"},"inLanguage":"es","potentialAction":[{"@type":"ReadAction","target":["https:\/\/www.aedashomes.com\/blog\/angel-fernandez-simed-2024\/"]}]},{"@type":"ImageObject","inLanguage":"es","@id":"https:\/\/www.aedashomes.com\/blog\/angel-fernandez-simed-2024\/#primaryimage","url":"https:\/\/www.aedashomes.com\/blog\/wp-content\/uploads\/2024\/11\/angel-fernandez-simed-2024-2.jpeg","contentUrl":"https:\/\/www.aedashomes.com\/blog\/wp-content\/uploads\/2024\/11\/angel-fernandez-simed-2024-2.jpeg","width":908,"height":605},{"@type":"BreadcrumbList","@id":"https:\/\/www.aedashomes.com\/blog\/angel-fernandez-simed-2024\/#breadcrumb","itemListElement":[{"@type":"ListItem","position":1,"name":"Blog","item":"https:\/\/www.aedashomes.com\/blog\/"},{"@type":"ListItem","position":2,"name":"AEDAS News","item":"https:\/\/www.aedashomes.com\/blog\/noticias-inmobiliarias\/"},{"@type":"ListItem","position":3,"name":"\u00c1ngel Fern\u00e1ndez: \u00abAEDAS Homes es una compa\u00f1\u00eda comprometida con la mejora del entorno urbano de M\u00e1laga\u00bb"}]},{"@type":"WebSite","@id":"https:\/\/www.aedashomes.com\/blog\/#website","url":"https:\/\/www.aedashomes.com\/blog\/","name":"AEDAS Homes Blog","description":"El blog de la promotora inmobiliaria AEDAS Homes","potentialAction":[{"@type":"SearchAction","target":{"@type":"EntryPoint","urlTemplate":"https:\/\/www.aedashomes.com\/blog\/?s={search_term_string}"},"query-input":{"@type":"PropertyValueSpecification","valueRequired":true,"valueName":"search_term_string"}}],"inLanguage":"es"},{"@type":"Person","@id":"https:\/\/www.aedashomes.com\/blog\/#\/schema\/person\/3943511ba2e912cf5f6ba43a52940713","name":"-","image":{"@type":"ImageObject","inLanguage":"es","@id":"https:\/\/www.aedashomes.com\/blog\/#\/schema\/person\/image\/","url":"https:\/\/secure.gravatar.com\/avatar\/9a98fc972c3ec2b91fdfd2a81c93ee3fc7c04aeefac4d931b43205ed61d9e009?s=96&d=mm&r=g","contentUrl":"https:\/\/secure.gravatar.com\/avatar\/9a98fc972c3ec2b91fdfd2a81c93ee3fc7c04aeefac4d931b43205ed61d9e009?s=96&d=mm&r=g","caption":"-"},"url":"https:\/\/www.aedashomes.com\/blog\/author\/idento\/"}]}},"_links":{"self":[{"href":"https:\/\/www.aedashomes.com\/blog\/wp-json\/wp\/v2\/posts\/17490","targetHints":{"allow":["GET"]}}],"collection":[{"href":"https:\/\/www.aedashomes.com\/blog\/wp-json\/wp\/v2\/posts"}],"about":[{"href":"https:\/\/www.aedashomes.com\/blog\/wp-json\/wp\/v2\/types\/post"}],"author":[{"embeddable":true,"href":"https:\/\/www.aedashomes.com\/blog\/wp-json\/wp\/v2\/users\/15"}],"replies":[{"embeddable":true,"href":"https:\/\/www.aedashomes.com\/blog\/wp-json\/wp\/v2\/comments?post=17490"}],"version-history":[{"count":0,"href":"https:\/\/www.aedashomes.com\/blog\/wp-json\/wp\/v2\/posts\/17490\/revisions"}],"wp:featuredmedia":[{"embeddable":true,"href":"https:\/\/www.aedashomes.com\/blog\/wp-json\/wp\/v2\/media\/17494"}],"wp:attachment":[{"href":"https:\/\/www.aedashomes.com\/blog\/wp-json\/wp\/v2\/media?parent=17490"}],"wp:term":[{"taxonomy":"category","embeddable":true,"href":"https:\/\/www.aedashomes.com\/blog\/wp-json\/wp\/v2\/categories?post=17490"},{"taxonomy":"post_tag","embeddable":true,"href":"https:\/\/www.aedashomes.com\/blog\/wp-json\/wp\/v2\/tags?post=17490"}],"curies":[{"name":"wp","href":"https:\/\/api.w.org\/{rel}","templated":true}]}}