{"id":17526,"date":"2025-02-07T10:09:37","date_gmt":"2025-02-07T09:09:37","guid":{"rendered":"https:\/\/172.19.1.26\/blog\/?p=18850"},"modified":"2025-02-07T10:09:37","modified_gmt":"2025-02-07T09:09:37","slug":"david-martinez-efimad-2025","status":"publish","type":"post","link":"https:\/\/www.aedashomes.com\/blog\/david-martinez-efimad-2025\/","title":{"rendered":"David Mart\u00ednez, CEO de AEDAS Homes, da cuatro claves para impulsar la producci\u00f3n de vivienda asequible"},"content":{"rendered":"<p style=\"text-align: justify;\">David Mart\u00ednez, CEO de AEDAS Homes, estuvo ayer en el <strong>EFIMAD 2025<\/strong>, en la mesa redonda \u2018Financiaci\u00f3n, retos y oportunidades que ofrece el sector inmobiliario\u2019, donde record\u00f3 c\u00f3mo la vivienda asequible tambi\u00e9n viene a dar respuesta a una demanda enorme.<\/p>\n\n<blockquote>\n<p style=\"text-align: justify;\"><em>\u201cResulta clave que las diferentes administraciones entiendan la naturaleza de estos proyectos en r\u00e9gimen de concesi\u00f3n destinados al mercado del alquiler\u201d, asegur\u00f3.<\/em><\/p>\n<\/blockquote>\n<p style=\"text-align: justify;\">Y apremi\u00f3 a las administraciones a <strong>potenciar estos proyectos de colaboraci\u00f3n p\u00fabico-privada<\/strong> bajo cuatro m\u00e1ximas para que resulten a atractivos, y con los que todos (sector p\u00fablico, sector privado y la sociedad en general) ganen:<\/p>\n<ul>\n<li>1. Generar un marco estable de seguridad.<\/li>\n<li>2. Impulsar proyectos con unos plazos amplios.<\/li>\n<li>3. Crear lotes de suelos con un tama\u00f1o razonable.<\/li>\n<li>4. Minimizar el canon que se paga.<\/li>\n<\/ul>\n<p style=\"text-align: justify;\">En este sentido, concluy\u00f3 con un <strong>mensaje positivo:<\/strong><\/p>\n<blockquote>\n<p style=\"text-align: justify;\"><em>\u201cSe est\u00e1 avanzando por la l\u00ednea adecuada y las administraciones cada vez sacan m\u00e1s proyectos de vivienda asequible y m\u00e1s atractivos para dar respuesta a una demanda real\u201d.<\/em><\/p>\n<\/blockquote>\n<h2><strong>\u00bfY c\u00f3mo estimular la oferta de vivienda en general?<\/strong><\/h2>\n<p>El CEO de AEDAS Homes tambi\u00e9n reflexion\u00f3 sobre el <strong>problema general de la\u00a0 oferta de vivienda<\/strong>. \u201cUn problema que est\u00e1 afectando al negocio y, especialmente, a la sociedad en su conjunto\u201d, advirti\u00f3.<\/p>\n<blockquote><p><em>\u201cEstimular la oferta no es un tema complicado. Bastan tres factores, principalmente, para estimular la oferta\u201d, expuso.<\/em><\/p><\/blockquote>\n<ul>\n<li style=\"text-align: justify;\">1. Incrementar los recursos econ\u00f3micos, en forma de capital o de financiaci\u00f3n.<\/li>\n<li style=\"text-align: justify;\">2. Aumentar la capacidad de construcci\u00f3n a trav\u00e9s, por ejemplo, de la industrializaci\u00f3n.<\/li>\n<li style=\"text-align: justify;\">3. Y, FUNDAMENTALMENTE, crear m\u00e1s suelo.<\/li>\n<\/ul>\n<p style=\"text-align: justify;\">David Mart\u00ednez <strong>comparti\u00f3 mesa de debate<\/strong> con Marco Colomer, Presidente de Pryconsa; Ana Hern\u00e1ndez, Directora de Negocio de Realia; y Borja Garc\u00eda-Egotxeaga, CEO de Neinor Homes. Ponencia que estuvo moderada por Daniel Caballero, Director de Negocio Inmobiliario y Promotor de CaixaBank.<\/p>\n","protected":false},"excerpt":{"rendered":"<p>David Mart\u00ednez, CEO de AEDAS Homes, estuvo ayer en el EFIMAD 2025, en la mesa redonda \u2018Financiaci\u00f3n, retos y oportunidades que ofrece el sector inmobiliario\u2019, donde record\u00f3 c\u00f3mo la vivienda asequible tambi\u00e9n viene a dar respuesta a una demanda enorme. \u201cResulta clave que las diferentes administraciones entiendan la naturaleza de estos proyectos en r\u00e9gimen de&#8230;<\/p>\n","protected":false},"author":15,"featured_media":17528,"comment_status":"closed","ping_status":"closed","sticky":false,"template":"","format":"standard","meta":{"_acf_changed":false,"footnotes":""},"categories":[209],"tags":[],"class_list":["post-17526","post","type-post","status-publish","format-standard","has-post-thumbnail","hentry","category-noticias-inmobiliarias"],"acf":[],"yoast_head":"<!-- This site is optimized with the Yoast SEO plugin v27.0 - https:\/\/yoast.com\/product\/yoast-seo-wordpress\/ -->\n<title>David Mart\u00ednez, CEO de AEDAS Homes en n el EFIMAD 2025 - AEDAS Homes Blog<\/title>\n<meta name=\"description\" content=\"David Mart\u00ednez, CEO de AEDAS Homes, estuvo ayer en el EFIMAD 2025, en la mesa redonda \u2018Financiaci\u00f3n, retos y oportunidades que ofrece el sector inmobiliario\u2019.\" \/>\n<meta name=\"robots\" content=\"index, follow, max-snippet:-1, max-image-preview:large, max-video-preview:-1\" \/>\n<link rel=\"canonical\" href=\"https:\/\/www.aedashomes.com\/blog\/david-martinez-efimad-2025\/\" \/>\n<meta property=\"og:locale\" content=\"es_ES\" \/>\n<meta property=\"og:type\" content=\"article\" \/>\n<meta property=\"og:title\" content=\"David Mart\u00ednez, CEO de AEDAS Homes en n el EFIMAD 2025 - AEDAS Homes Blog\" \/>\n<meta property=\"og:description\" content=\"David Mart\u00ednez, CEO de AEDAS Homes, estuvo ayer en el EFIMAD 2025, en la mesa redonda \u2018Financiaci\u00f3n, retos y oportunidades que ofrece el sector inmobiliario\u2019.\" \/>\n<meta property=\"og:url\" content=\"https:\/\/www.aedashomes.com\/blog\/david-martinez-efimad-2025\/\" \/>\n<meta property=\"og:site_name\" content=\"AEDAS Homes Blog\" \/>\n<meta property=\"article:publisher\" content=\"https:\/\/www.facebook.com\/aedashomes\/\" \/>\n<meta property=\"article:published_time\" content=\"2025-02-07T09:09:37+00:00\" \/>\n<meta property=\"og:image\" content=\"https:\/\/www.aedashomes.com\/blog\/wp-content\/uploads\/2025\/02\/david-martinez-efimad-2025-2.png\" \/>\n\t<meta property=\"og:image:width\" content=\"815\" \/>\n\t<meta property=\"og:image:height\" content=\"605\" \/>\n\t<meta property=\"og:image:type\" content=\"image\/png\" \/>\n<meta name=\"author\" content=\"-\" \/>\n<meta name=\"twitter:card\" content=\"summary_large_image\" \/>\n<meta name=\"twitter:label1\" content=\"Escrito por\" \/>\n\t<meta name=\"twitter:data1\" content=\"-\" \/>\n<script type=\"application\/ld+json\" class=\"yoast-schema-graph\">{\"@context\":\"https:\/\/schema.org\",\"@graph\":[{\"@type\":\"Article\",\"@id\":\"https:\/\/www.aedashomes.com\/blog\/david-martinez-efimad-2025\/#article\",\"isPartOf\":{\"@id\":\"https:\/\/www.aedashomes.com\/blog\/david-martinez-efimad-2025\/\"},\"author\":{\"name\":\"-\",\"@id\":\"https:\/\/www.aedashomes.com\/blog\/#\/schema\/person\/3943511ba2e912cf5f6ba43a52940713\"},\"headline\":\"David Mart\u00ednez, CEO de AEDAS Homes, da cuatro claves para impulsar la producci\u00f3n de vivienda asequible\",\"datePublished\":\"2025-02-07T09:09:37+00:00\",\"mainEntityOfPage\":{\"@id\":\"https:\/\/www.aedashomes.com\/blog\/david-martinez-efimad-2025\/\"},\"wordCount\":335,\"image\":{\"@id\":\"https:\/\/www.aedashomes.com\/blog\/david-martinez-efimad-2025\/#primaryimage\"},\"thumbnailUrl\":\"https:\/\/www.aedashomes.com\/blog\/wp-content\/uploads\/2025\/02\/david-martinez-efimad-2025-2.png\",\"articleSection\":[\"AEDAS News\"],\"inLanguage\":\"es\"},{\"@type\":\"WebPage\",\"@id\":\"https:\/\/www.aedashomes.com\/blog\/david-martinez-efimad-2025\/\",\"url\":\"https:\/\/www.aedashomes.com\/blog\/david-martinez-efimad-2025\/\",\"name\":\"David Mart\u00ednez, CEO de AEDAS Homes en n el EFIMAD 2025 - AEDAS Homes Blog\",\"isPartOf\":{\"@id\":\"https:\/\/www.aedashomes.com\/blog\/#website\"},\"primaryImageOfPage\":{\"@id\":\"https:\/\/www.aedashomes.com\/blog\/david-martinez-efimad-2025\/#primaryimage\"},\"image\":{\"@id\":\"https:\/\/www.aedashomes.com\/blog\/david-martinez-efimad-2025\/#primaryimage\"},\"thumbnailUrl\":\"https:\/\/www.aedashomes.com\/blog\/wp-content\/uploads\/2025\/02\/david-martinez-efimad-2025-2.png\",\"datePublished\":\"2025-02-07T09:09:37+00:00\",\"author\":{\"@id\":\"https:\/\/www.aedashomes.com\/blog\/#\/schema\/person\/3943511ba2e912cf5f6ba43a52940713\"},\"description\":\"David Mart\u00ednez, CEO de AEDAS Homes, estuvo ayer en el EFIMAD 2025, en la mesa redonda \u2018Financiaci\u00f3n, retos y oportunidades que ofrece el sector inmobiliario\u2019.\",\"breadcrumb\":{\"@id\":\"https:\/\/www.aedashomes.com\/blog\/david-martinez-efimad-2025\/#breadcrumb\"},\"inLanguage\":\"es\",\"potentialAction\":[{\"@type\":\"ReadAction\",\"target\":[\"https:\/\/www.aedashomes.com\/blog\/david-martinez-efimad-2025\/\"]}]},{\"@type\":\"ImageObject\",\"inLanguage\":\"es\",\"@id\":\"https:\/\/www.aedashomes.com\/blog\/david-martinez-efimad-2025\/#primaryimage\",\"url\":\"https:\/\/www.aedashomes.com\/blog\/wp-content\/uploads\/2025\/02\/david-martinez-efimad-2025-2.png\",\"contentUrl\":\"https:\/\/www.aedashomes.com\/blog\/wp-content\/uploads\/2025\/02\/david-martinez-efimad-2025-2.png\",\"width\":815,\"height\":605},{\"@type\":\"BreadcrumbList\",\"@id\":\"https:\/\/www.aedashomes.com\/blog\/david-martinez-efimad-2025\/#breadcrumb\",\"itemListElement\":[{\"@type\":\"ListItem\",\"position\":1,\"name\":\"Blog\",\"item\":\"https:\/\/www.aedashomes.com\/blog\/\"},{\"@type\":\"ListItem\",\"position\":2,\"name\":\"AEDAS News\",\"item\":\"https:\/\/www.aedashomes.com\/blog\/noticias-inmobiliarias\/\"},{\"@type\":\"ListItem\",\"position\":3,\"name\":\"David Mart\u00ednez, CEO de AEDAS Homes, da cuatro claves para impulsar la producci\u00f3n de vivienda asequible\"}]},{\"@type\":\"WebSite\",\"@id\":\"https:\/\/www.aedashomes.com\/blog\/#website\",\"url\":\"https:\/\/www.aedashomes.com\/blog\/\",\"name\":\"AEDAS Homes Blog\",\"description\":\"El blog de la promotora inmobiliaria AEDAS Homes\",\"potentialAction\":[{\"@type\":\"SearchAction\",\"target\":{\"@type\":\"EntryPoint\",\"urlTemplate\":\"https:\/\/www.aedashomes.com\/blog\/?s={search_term_string}\"},\"query-input\":{\"@type\":\"PropertyValueSpecification\",\"valueRequired\":true,\"valueName\":\"search_term_string\"}}],\"inLanguage\":\"es\"},{\"@type\":\"Person\",\"@id\":\"https:\/\/www.aedashomes.com\/blog\/#\/schema\/person\/3943511ba2e912cf5f6ba43a52940713\",\"name\":\"-\",\"image\":{\"@type\":\"ImageObject\",\"inLanguage\":\"es\",\"@id\":\"https:\/\/www.aedashomes.com\/blog\/#\/schema\/person\/image\/\",\"url\":\"https:\/\/secure.gravatar.com\/avatar\/9a98fc972c3ec2b91fdfd2a81c93ee3fc7c04aeefac4d931b43205ed61d9e009?s=96&d=mm&r=g\",\"contentUrl\":\"https:\/\/secure.gravatar.com\/avatar\/9a98fc972c3ec2b91fdfd2a81c93ee3fc7c04aeefac4d931b43205ed61d9e009?s=96&d=mm&r=g\",\"caption\":\"-\"},\"url\":\"https:\/\/www.aedashomes.com\/blog\/author\/idento\/\"}]}<\/script>\n<!-- \/ Yoast SEO plugin. -->","yoast_head_json":{"title":"David Mart\u00ednez, CEO de AEDAS Homes en n el EFIMAD 2025 - AEDAS Homes Blog","description":"David Mart\u00ednez, CEO de AEDAS Homes, estuvo ayer en el EFIMAD 2025, en la mesa redonda \u2018Financiaci\u00f3n, retos y oportunidades que ofrece el sector inmobiliario\u2019.","robots":{"index":"index","follow":"follow","max-snippet":"max-snippet:-1","max-image-preview":"max-image-preview:large","max-video-preview":"max-video-preview:-1"},"canonical":"https:\/\/www.aedashomes.com\/blog\/david-martinez-efimad-2025\/","og_locale":"es_ES","og_type":"article","og_title":"David Mart\u00ednez, CEO de AEDAS Homes en n el EFIMAD 2025 - AEDAS Homes Blog","og_description":"David Mart\u00ednez, CEO de AEDAS Homes, estuvo ayer en el EFIMAD 2025, en la mesa redonda \u2018Financiaci\u00f3n, retos y oportunidades que ofrece el sector inmobiliario\u2019.","og_url":"https:\/\/www.aedashomes.com\/blog\/david-martinez-efimad-2025\/","og_site_name":"AEDAS Homes Blog","article_publisher":"https:\/\/www.facebook.com\/aedashomes\/","article_published_time":"2025-02-07T09:09:37+00:00","og_image":[{"width":815,"height":605,"url":"https:\/\/www.aedashomes.com\/blog\/wp-content\/uploads\/2025\/02\/david-martinez-efimad-2025-2.png","type":"image\/png"}],"author":"-","twitter_card":"summary_large_image","twitter_misc":{"Escrito por":"-"},"schema":{"@context":"https:\/\/schema.org","@graph":[{"@type":"Article","@id":"https:\/\/www.aedashomes.com\/blog\/david-martinez-efimad-2025\/#article","isPartOf":{"@id":"https:\/\/www.aedashomes.com\/blog\/david-martinez-efimad-2025\/"},"author":{"name":"-","@id":"https:\/\/www.aedashomes.com\/blog\/#\/schema\/person\/3943511ba2e912cf5f6ba43a52940713"},"headline":"David Mart\u00ednez, CEO de AEDAS Homes, da cuatro claves para impulsar la producci\u00f3n de vivienda asequible","datePublished":"2025-02-07T09:09:37+00:00","mainEntityOfPage":{"@id":"https:\/\/www.aedashomes.com\/blog\/david-martinez-efimad-2025\/"},"wordCount":335,"image":{"@id":"https:\/\/www.aedashomes.com\/blog\/david-martinez-efimad-2025\/#primaryimage"},"thumbnailUrl":"https:\/\/www.aedashomes.com\/blog\/wp-content\/uploads\/2025\/02\/david-martinez-efimad-2025-2.png","articleSection":["AEDAS News"],"inLanguage":"es"},{"@type":"WebPage","@id":"https:\/\/www.aedashomes.com\/blog\/david-martinez-efimad-2025\/","url":"https:\/\/www.aedashomes.com\/blog\/david-martinez-efimad-2025\/","name":"David Mart\u00ednez, CEO de AEDAS Homes en n el EFIMAD 2025 - AEDAS Homes Blog","isPartOf":{"@id":"https:\/\/www.aedashomes.com\/blog\/#website"},"primaryImageOfPage":{"@id":"https:\/\/www.aedashomes.com\/blog\/david-martinez-efimad-2025\/#primaryimage"},"image":{"@id":"https:\/\/www.aedashomes.com\/blog\/david-martinez-efimad-2025\/#primaryimage"},"thumbnailUrl":"https:\/\/www.aedashomes.com\/blog\/wp-content\/uploads\/2025\/02\/david-martinez-efimad-2025-2.png","datePublished":"2025-02-07T09:09:37+00:00","author":{"@id":"https:\/\/www.aedashomes.com\/blog\/#\/schema\/person\/3943511ba2e912cf5f6ba43a52940713"},"description":"David Mart\u00ednez, CEO de AEDAS Homes, estuvo ayer en el EFIMAD 2025, en la mesa redonda \u2018Financiaci\u00f3n, retos y oportunidades que ofrece el sector inmobiliario\u2019.","breadcrumb":{"@id":"https:\/\/www.aedashomes.com\/blog\/david-martinez-efimad-2025\/#breadcrumb"},"inLanguage":"es","potentialAction":[{"@type":"ReadAction","target":["https:\/\/www.aedashomes.com\/blog\/david-martinez-efimad-2025\/"]}]},{"@type":"ImageObject","inLanguage":"es","@id":"https:\/\/www.aedashomes.com\/blog\/david-martinez-efimad-2025\/#primaryimage","url":"https:\/\/www.aedashomes.com\/blog\/wp-content\/uploads\/2025\/02\/david-martinez-efimad-2025-2.png","contentUrl":"https:\/\/www.aedashomes.com\/blog\/wp-content\/uploads\/2025\/02\/david-martinez-efimad-2025-2.png","width":815,"height":605},{"@type":"BreadcrumbList","@id":"https:\/\/www.aedashomes.com\/blog\/david-martinez-efimad-2025\/#breadcrumb","itemListElement":[{"@type":"ListItem","position":1,"name":"Blog","item":"https:\/\/www.aedashomes.com\/blog\/"},{"@type":"ListItem","position":2,"name":"AEDAS News","item":"https:\/\/www.aedashomes.com\/blog\/noticias-inmobiliarias\/"},{"@type":"ListItem","position":3,"name":"David Mart\u00ednez, CEO de AEDAS Homes, da cuatro claves para impulsar la producci\u00f3n de vivienda asequible"}]},{"@type":"WebSite","@id":"https:\/\/www.aedashomes.com\/blog\/#website","url":"https:\/\/www.aedashomes.com\/blog\/","name":"AEDAS Homes Blog","description":"El blog de la promotora inmobiliaria AEDAS Homes","potentialAction":[{"@type":"SearchAction","target":{"@type":"EntryPoint","urlTemplate":"https:\/\/www.aedashomes.com\/blog\/?s={search_term_string}"},"query-input":{"@type":"PropertyValueSpecification","valueRequired":true,"valueName":"search_term_string"}}],"inLanguage":"es"},{"@type":"Person","@id":"https:\/\/www.aedashomes.com\/blog\/#\/schema\/person\/3943511ba2e912cf5f6ba43a52940713","name":"-","image":{"@type":"ImageObject","inLanguage":"es","@id":"https:\/\/www.aedashomes.com\/blog\/#\/schema\/person\/image\/","url":"https:\/\/secure.gravatar.com\/avatar\/9a98fc972c3ec2b91fdfd2a81c93ee3fc7c04aeefac4d931b43205ed61d9e009?s=96&d=mm&r=g","contentUrl":"https:\/\/secure.gravatar.com\/avatar\/9a98fc972c3ec2b91fdfd2a81c93ee3fc7c04aeefac4d931b43205ed61d9e009?s=96&d=mm&r=g","caption":"-"},"url":"https:\/\/www.aedashomes.com\/blog\/author\/idento\/"}]}},"_links":{"self":[{"href":"https:\/\/www.aedashomes.com\/blog\/wp-json\/wp\/v2\/posts\/17526","targetHints":{"allow":["GET"]}}],"collection":[{"href":"https:\/\/www.aedashomes.com\/blog\/wp-json\/wp\/v2\/posts"}],"about":[{"href":"https:\/\/www.aedashomes.com\/blog\/wp-json\/wp\/v2\/types\/post"}],"author":[{"embeddable":true,"href":"https:\/\/www.aedashomes.com\/blog\/wp-json\/wp\/v2\/users\/15"}],"replies":[{"embeddable":true,"href":"https:\/\/www.aedashomes.com\/blog\/wp-json\/wp\/v2\/comments?post=17526"}],"version-history":[{"count":0,"href":"https:\/\/www.aedashomes.com\/blog\/wp-json\/wp\/v2\/posts\/17526\/revisions"}],"wp:featuredmedia":[{"embeddable":true,"href":"https:\/\/www.aedashomes.com\/blog\/wp-json\/wp\/v2\/media\/17528"}],"wp:attachment":[{"href":"https:\/\/www.aedashomes.com\/blog\/wp-json\/wp\/v2\/media?parent=17526"}],"wp:term":[{"taxonomy":"category","embeddable":true,"href":"https:\/\/www.aedashomes.com\/blog\/wp-json\/wp\/v2\/categories?post=17526"},{"taxonomy":"post_tag","embeddable":true,"href":"https:\/\/www.aedashomes.com\/blog\/wp-json\/wp\/v2\/tags?post=17526"}],"curies":[{"name":"wp","href":"https:\/\/api.w.org\/{rel}","templated":true}]}}