{"id":18513,"date":"2025-04-04T09:24:02","date_gmt":"2025-04-04T08:24:02","guid":{"rendered":"https:\/\/www.aedashomes.com\/blog\/?p=18513"},"modified":"2025-04-04T09:24:02","modified_gmt":"2025-04-04T08:24:02","slug":"aedas-homes-presenta-idilia-aire-calidad-de-vida-con-vistas-al-mediterraneo-en-rincon-de-la-victoria","status":"publish","type":"post","link":"https:\/\/www.aedashomes.com\/blog\/aedas-homes-presenta-idilia-aire-calidad-de-vida-con-vistas-al-mediterraneo-en-rincon-de-la-victoria\/","title":{"rendered":"AEDAS Homes presenta Idilia Aire: calidad de vida con vistas al Mediterr\u00e1neo en Rinc\u00f3n de la Victoria"},"content":{"rendered":"<p>La promoci\u00f3n est\u00e1 compuesta por 55 inmuebles distribuidos en edificios de planta baja m\u00e1s dos alturas y \u00e1tico -incluidas tipolog\u00edas de 2 y 3 dormitorios- y completas zonas comunes.<\/p>\n<p><strong>Abril 2025.<\/strong> <a href=\"https:\/\/www.aedashomes.com\/\" target=\"_blank\" rel=\"noopener\">AEDAS Homes<\/a> ampl\u00eda su presencia en la Costa del Sol y prosigue con su consolidaci\u00f3n en Rinc\u00f3n de la Victoria con una nueva promoci\u00f3n: <strong>Idilia Aire<\/strong>. Este proyecto residencial se suma al ya consolidado barrio de Los Jarales, donde la promotora ya ha desarrollado con \u00e9xito otros siete residenciales. Con Idilia Aire, <strong>AEDAS Homes reafirma su compromiso por ofrecer viviendas pensadas para disfrutar de un estilo de vida tranquilo, c\u00f3modo y conectado con el entorno.<\/strong><\/p>\n<p><img loading=\"lazy\" decoding=\"async\" class=\"aligncenter wp-image-18518\" src=\"https:\/\/www.aedashomes.com\/blog\/wp-content\/uploads\/2025\/04\/6-bue.jpg\" alt=\"\" width=\"500\" height=\"334\" srcset=\"https:\/\/www.aedashomes.com\/blog\/wp-content\/uploads\/2025\/04\/6-bue.jpg 905w, https:\/\/www.aedashomes.com\/blog\/wp-content\/uploads\/2025\/04\/6-bue-300x201.jpg 300w\" sizes=\"auto, (max-width: 500px) 100vw, 500px\" \/>Idilia Aire est\u00e1 compuesta por 55 inmuebles distribuidos en edificios de planta baja m\u00e1s dos alturas y \u00e1tico -incluidas tipolog\u00edas de 2 y 3 dormitorios-. Todas estas viviendas cuentan con amplias terrazas que se abren al mar, creando espacios luminosos y funcionales, dise\u00f1ados para vivir tanto en el interior como al aire libre.<\/p>\n<p><strong>Piscinas, gimnasio, jardines,\u2026<\/strong><\/p>\n<p>El proyecto incluye, adem\u00e1s, una cuidada selecci\u00f3n de zonas comunes: piscinas para adultos e infantil, gimnasio y amplias \u00e1reas ajardinadas, que invitan al relax y al disfrute del tiempo libre en un entorno cuidado al detalle.<\/p>\n<p>Con motivo del inicio de la comercializaci\u00f3n, AEDAS Homes ha presentado Idilia Aire en un evento con m\u00e1s de medio centenar de profesionales del sector inmobiliario. Durante este encuentro, dirigido por el Gerente de Promociones en Costa del Sol Roque Ballesteros y la agente de ventas Ivana Consentino, los agentes pudieron conocer de primera mano los detalles del proyecto y descubrir el alto potencial en uno de los enclaves m\u00e1s atractivos de la Costa del Sol.<\/p>\n<h2><strong><img loading=\"lazy\" decoding=\"async\" class=\"aligncenter wp-image-18517\" src=\"https:\/\/www.aedashomes.com\/blog\/wp-content\/uploads\/2025\/04\/3-bue.jpg\" alt=\"\" width=\"500\" height=\"334\" srcset=\"https:\/\/www.aedashomes.com\/blog\/wp-content\/uploads\/2025\/04\/3-bue.jpg 905w, https:\/\/www.aedashomes.com\/blog\/wp-content\/uploads\/2025\/04\/3-bue-300x201.jpg 300w\" sizes=\"auto, (max-width: 500px) 100vw, 500px\" \/><\/strong><\/h2>\n<h2><strong>Estrecha colaboraci\u00f3n con las agencias<\/strong><\/h2>\n<p>\u201cCon esta presentaci\u00f3n, AEDAS Homes refuerza su estrecha colaboraci\u00f3n con las agencias, una pieza clave en nuestra estrategia comercial y en la conexi\u00f3n directa con nuestros futuros compradores\u201d, afirm\u00f3 Roque Ballesteros.<\/p>\n<p><strong>El calendario previsto para Idilia Aire comienza con la comercializaci\u00f3n este mes de abril de 2025,<\/strong> las obras est\u00e1n previsto que comiencen durante el pr\u00f3ximo verano y la finalizaci\u00f3n de las mismas se espera finales de 2027. \u201cEstos plazos est\u00e1n planificados con precisi\u00f3n, garantizando los est\u00e1ndares de calidad, eficiencia y compromiso que definen el proyecto\u201d, se\u00f1al\u00f3 el Gerente.<\/p>\n<p>Situada en una zona residencial consolidada, Idilia Aire disfruta de una excelente conexi\u00f3n con M\u00e1laga capital, a menos de 30 minutos, y de un entorno con todos los servicios necesarios para el d\u00eda a d\u00eda: colegios, supermercados, centros deportivos, zonas verdes y una atractiva oferta de ocio.<\/p>\n<p><strong>Adem\u00e1s, su cercan\u00eda al mar y a un campo de golf de 18 hoyos<\/strong>, A\u00f1oreta Golf, convierte a esta promoci\u00f3n en una opci\u00f3n ideal para quienes buscan un equilibrio entre tranquilidad, calidad de vida y buen clima durante todo el a\u00f1o.<\/p>\n<p>https:\/\/www.youtube.com\/watch?v=I4GJIvo0EH8&#038;t=6s<\/p>\n<p>&nbsp;<\/p>\n","protected":false},"excerpt":{"rendered":"<p>La promoci\u00f3n est\u00e1 compuesta por 55 inmuebles distribuidos en edificios de planta baja m\u00e1s dos alturas y \u00e1tico -incluidas tipolog\u00edas de 2 y 3 dormitorios- y completas zonas comunes. Abril 2025. AEDAS Homes ampl\u00eda su presencia en la Costa del Sol y prosigue con su consolidaci\u00f3n en Rinc\u00f3n de la Victoria con una nueva promoci\u00f3n:&#8230;<\/p>\n","protected":false},"author":15,"featured_media":18515,"comment_status":"closed","ping_status":"closed","sticky":false,"template":"","format":"standard","meta":{"_acf_changed":false,"footnotes":""},"categories":[171],"tags":[],"class_list":["post-18513","post","type-post","status-publish","format-standard","has-post-thumbnail","hentry","category-promociones-inmobiliarias"],"acf":[],"yoast_head":"<!-- This site is optimized with the Yoast SEO plugin v27.0 - https:\/\/yoast.com\/product\/yoast-seo-wordpress\/ -->\n<title>AEDAS Homes presenta Idilia Aire | AEDAS Homes Blog<\/title>\n<meta name=\"description\" content=\"55 viviendas con vistas al mar en Rinc\u00f3n de la Victoria. Idilia Aire: terrazas, piscinas, zonas verdes y conexi\u00f3n con M\u00e1laga.\" \/>\n<meta name=\"robots\" content=\"index, follow, max-snippet:-1, max-image-preview:large, max-video-preview:-1\" \/>\n<link rel=\"canonical\" href=\"https:\/\/www.aedashomes.com\/blog\/aedas-homes-presenta-idilia-aire-calidad-de-vida-con-vistas-al-mediterraneo-en-rincon-de-la-victoria\/\" \/>\n<meta property=\"og:locale\" content=\"es_ES\" \/>\n<meta property=\"og:type\" content=\"article\" \/>\n<meta property=\"og:title\" content=\"AEDAS Homes presenta Idilia Aire | AEDAS Homes Blog\" \/>\n<meta property=\"og:description\" content=\"55 viviendas con vistas al mar en Rinc\u00f3n de la Victoria. Idilia Aire: terrazas, piscinas, zonas verdes y conexi\u00f3n con M\u00e1laga.\" \/>\n<meta property=\"og:url\" content=\"https:\/\/www.aedashomes.com\/blog\/aedas-homes-presenta-idilia-aire-calidad-de-vida-con-vistas-al-mediterraneo-en-rincon-de-la-victoria\/\" \/>\n<meta property=\"og:site_name\" content=\"AEDAS Homes Blog\" \/>\n<meta property=\"article:publisher\" content=\"https:\/\/www.facebook.com\/aedashomes\/\" \/>\n<meta property=\"article:published_time\" content=\"2025-04-04T08:24:02+00:00\" \/>\n<meta property=\"og:image\" content=\"https:\/\/www.aedashomes.com\/blog\/wp-content\/uploads\/2025\/04\/10-bue.jpg\" \/>\n\t<meta property=\"og:image:width\" content=\"807\" \/>\n\t<meta property=\"og:image:height\" content=\"605\" \/>\n\t<meta property=\"og:image:type\" content=\"image\/jpeg\" \/>\n<meta name=\"author\" content=\"-\" \/>\n<meta name=\"twitter:card\" content=\"summary_large_image\" \/>\n<meta name=\"twitter:label1\" content=\"Escrito por\" \/>\n\t<meta name=\"twitter:data1\" content=\"-\" \/>\n\t<meta name=\"twitter:label2\" content=\"Tiempo de lectura\" \/>\n\t<meta name=\"twitter:data2\" content=\"3 minutos\" \/>\n<script type=\"application\/ld+json\" class=\"yoast-schema-graph\">{\"@context\":\"https:\/\/schema.org\",\"@graph\":[{\"@type\":\"Article\",\"@id\":\"https:\/\/www.aedashomes.com\/blog\/aedas-homes-presenta-idilia-aire-calidad-de-vida-con-vistas-al-mediterraneo-en-rincon-de-la-victoria\/#article\",\"isPartOf\":{\"@id\":\"https:\/\/www.aedashomes.com\/blog\/aedas-homes-presenta-idilia-aire-calidad-de-vida-con-vistas-al-mediterraneo-en-rincon-de-la-victoria\/\"},\"author\":{\"name\":\"-\",\"@id\":\"https:\/\/www.aedashomes.com\/blog\/#\/schema\/person\/3943511ba2e912cf5f6ba43a52940713\"},\"headline\":\"AEDAS Homes presenta Idilia Aire: calidad de vida con vistas al Mediterr\u00e1neo en Rinc\u00f3n de la Victoria\",\"datePublished\":\"2025-04-04T08:24:02+00:00\",\"mainEntityOfPage\":{\"@id\":\"https:\/\/www.aedashomes.com\/blog\/aedas-homes-presenta-idilia-aire-calidad-de-vida-con-vistas-al-mediterraneo-en-rincon-de-la-victoria\/\"},\"wordCount\":515,\"image\":{\"@id\":\"https:\/\/www.aedashomes.com\/blog\/aedas-homes-presenta-idilia-aire-calidad-de-vida-con-vistas-al-mediterraneo-en-rincon-de-la-victoria\/#primaryimage\"},\"thumbnailUrl\":\"https:\/\/www.aedashomes.com\/blog\/wp-content\/uploads\/2025\/04\/10-bue.jpg\",\"articleSection\":[\"Promociones\"],\"inLanguage\":\"es\"},{\"@type\":\"WebPage\",\"@id\":\"https:\/\/www.aedashomes.com\/blog\/aedas-homes-presenta-idilia-aire-calidad-de-vida-con-vistas-al-mediterraneo-en-rincon-de-la-victoria\/\",\"url\":\"https:\/\/www.aedashomes.com\/blog\/aedas-homes-presenta-idilia-aire-calidad-de-vida-con-vistas-al-mediterraneo-en-rincon-de-la-victoria\/\",\"name\":\"AEDAS Homes presenta Idilia Aire | AEDAS Homes Blog\",\"isPartOf\":{\"@id\":\"https:\/\/www.aedashomes.com\/blog\/#website\"},\"primaryImageOfPage\":{\"@id\":\"https:\/\/www.aedashomes.com\/blog\/aedas-homes-presenta-idilia-aire-calidad-de-vida-con-vistas-al-mediterraneo-en-rincon-de-la-victoria\/#primaryimage\"},\"image\":{\"@id\":\"https:\/\/www.aedashomes.com\/blog\/aedas-homes-presenta-idilia-aire-calidad-de-vida-con-vistas-al-mediterraneo-en-rincon-de-la-victoria\/#primaryimage\"},\"thumbnailUrl\":\"https:\/\/www.aedashomes.com\/blog\/wp-content\/uploads\/2025\/04\/10-bue.jpg\",\"datePublished\":\"2025-04-04T08:24:02+00:00\",\"author\":{\"@id\":\"https:\/\/www.aedashomes.com\/blog\/#\/schema\/person\/3943511ba2e912cf5f6ba43a52940713\"},\"description\":\"55 viviendas con vistas al mar en Rinc\u00f3n de la Victoria. Idilia Aire: terrazas, piscinas, zonas verdes y conexi\u00f3n con M\u00e1laga.\",\"breadcrumb\":{\"@id\":\"https:\/\/www.aedashomes.com\/blog\/aedas-homes-presenta-idilia-aire-calidad-de-vida-con-vistas-al-mediterraneo-en-rincon-de-la-victoria\/#breadcrumb\"},\"inLanguage\":\"es\",\"potentialAction\":[{\"@type\":\"ReadAction\",\"target\":[\"https:\/\/www.aedashomes.com\/blog\/aedas-homes-presenta-idilia-aire-calidad-de-vida-con-vistas-al-mediterraneo-en-rincon-de-la-victoria\/\"]}]},{\"@type\":\"ImageObject\",\"inLanguage\":\"es\",\"@id\":\"https:\/\/www.aedashomes.com\/blog\/aedas-homes-presenta-idilia-aire-calidad-de-vida-con-vistas-al-mediterraneo-en-rincon-de-la-victoria\/#primaryimage\",\"url\":\"https:\/\/www.aedashomes.com\/blog\/wp-content\/uploads\/2025\/04\/10-bue.jpg\",\"contentUrl\":\"https:\/\/www.aedashomes.com\/blog\/wp-content\/uploads\/2025\/04\/10-bue.jpg\",\"width\":807,\"height\":605,\"caption\":\"Promoci\u00f3n Idilia Aire\"},{\"@type\":\"BreadcrumbList\",\"@id\":\"https:\/\/www.aedashomes.com\/blog\/aedas-homes-presenta-idilia-aire-calidad-de-vida-con-vistas-al-mediterraneo-en-rincon-de-la-victoria\/#breadcrumb\",\"itemListElement\":[{\"@type\":\"ListItem\",\"position\":1,\"name\":\"Blog\",\"item\":\"https:\/\/www.aedashomes.com\/blog\/\"},{\"@type\":\"ListItem\",\"position\":2,\"name\":\"Promociones\",\"item\":\"https:\/\/www.aedashomes.com\/blog\/promociones-inmobiliarias\/\"},{\"@type\":\"ListItem\",\"position\":3,\"name\":\"AEDAS Homes presenta Idilia Aire: calidad de vida con vistas al Mediterr\u00e1neo en Rinc\u00f3n de la Victoria\"}]},{\"@type\":\"WebSite\",\"@id\":\"https:\/\/www.aedashomes.com\/blog\/#website\",\"url\":\"https:\/\/www.aedashomes.com\/blog\/\",\"name\":\"AEDAS Homes Blog\",\"description\":\"El blog de la promotora inmobiliaria AEDAS Homes\",\"potentialAction\":[{\"@type\":\"SearchAction\",\"target\":{\"@type\":\"EntryPoint\",\"urlTemplate\":\"https:\/\/www.aedashomes.com\/blog\/?s={search_term_string}\"},\"query-input\":{\"@type\":\"PropertyValueSpecification\",\"valueRequired\":true,\"valueName\":\"search_term_string\"}}],\"inLanguage\":\"es\"},{\"@type\":\"Person\",\"@id\":\"https:\/\/www.aedashomes.com\/blog\/#\/schema\/person\/3943511ba2e912cf5f6ba43a52940713\",\"name\":\"-\",\"image\":{\"@type\":\"ImageObject\",\"inLanguage\":\"es\",\"@id\":\"https:\/\/www.aedashomes.com\/blog\/#\/schema\/person\/image\/\",\"url\":\"https:\/\/secure.gravatar.com\/avatar\/9a98fc972c3ec2b91fdfd2a81c93ee3fc7c04aeefac4d931b43205ed61d9e009?s=96&d=mm&r=g\",\"contentUrl\":\"https:\/\/secure.gravatar.com\/avatar\/9a98fc972c3ec2b91fdfd2a81c93ee3fc7c04aeefac4d931b43205ed61d9e009?s=96&d=mm&r=g\",\"caption\":\"-\"},\"url\":\"https:\/\/www.aedashomes.com\/blog\/author\/idento\/\"}]}<\/script>\n<!-- \/ Yoast SEO plugin. -->","yoast_head_json":{"title":"AEDAS Homes presenta Idilia Aire | AEDAS Homes Blog","description":"55 viviendas con vistas al mar en Rinc\u00f3n de la Victoria. Idilia Aire: terrazas, piscinas, zonas verdes y conexi\u00f3n con M\u00e1laga.","robots":{"index":"index","follow":"follow","max-snippet":"max-snippet:-1","max-image-preview":"max-image-preview:large","max-video-preview":"max-video-preview:-1"},"canonical":"https:\/\/www.aedashomes.com\/blog\/aedas-homes-presenta-idilia-aire-calidad-de-vida-con-vistas-al-mediterraneo-en-rincon-de-la-victoria\/","og_locale":"es_ES","og_type":"article","og_title":"AEDAS Homes presenta Idilia Aire | AEDAS Homes Blog","og_description":"55 viviendas con vistas al mar en Rinc\u00f3n de la Victoria. Idilia Aire: terrazas, piscinas, zonas verdes y conexi\u00f3n con M\u00e1laga.","og_url":"https:\/\/www.aedashomes.com\/blog\/aedas-homes-presenta-idilia-aire-calidad-de-vida-con-vistas-al-mediterraneo-en-rincon-de-la-victoria\/","og_site_name":"AEDAS Homes Blog","article_publisher":"https:\/\/www.facebook.com\/aedashomes\/","article_published_time":"2025-04-04T08:24:02+00:00","og_image":[{"width":807,"height":605,"url":"https:\/\/www.aedashomes.com\/blog\/wp-content\/uploads\/2025\/04\/10-bue.jpg","type":"image\/jpeg"}],"author":"-","twitter_card":"summary_large_image","twitter_misc":{"Escrito por":"-","Tiempo de lectura":"3 minutos"},"schema":{"@context":"https:\/\/schema.org","@graph":[{"@type":"Article","@id":"https:\/\/www.aedashomes.com\/blog\/aedas-homes-presenta-idilia-aire-calidad-de-vida-con-vistas-al-mediterraneo-en-rincon-de-la-victoria\/#article","isPartOf":{"@id":"https:\/\/www.aedashomes.com\/blog\/aedas-homes-presenta-idilia-aire-calidad-de-vida-con-vistas-al-mediterraneo-en-rincon-de-la-victoria\/"},"author":{"name":"-","@id":"https:\/\/www.aedashomes.com\/blog\/#\/schema\/person\/3943511ba2e912cf5f6ba43a52940713"},"headline":"AEDAS Homes presenta Idilia Aire: calidad de vida con vistas al Mediterr\u00e1neo en Rinc\u00f3n de la Victoria","datePublished":"2025-04-04T08:24:02+00:00","mainEntityOfPage":{"@id":"https:\/\/www.aedashomes.com\/blog\/aedas-homes-presenta-idilia-aire-calidad-de-vida-con-vistas-al-mediterraneo-en-rincon-de-la-victoria\/"},"wordCount":515,"image":{"@id":"https:\/\/www.aedashomes.com\/blog\/aedas-homes-presenta-idilia-aire-calidad-de-vida-con-vistas-al-mediterraneo-en-rincon-de-la-victoria\/#primaryimage"},"thumbnailUrl":"https:\/\/www.aedashomes.com\/blog\/wp-content\/uploads\/2025\/04\/10-bue.jpg","articleSection":["Promociones"],"inLanguage":"es"},{"@type":"WebPage","@id":"https:\/\/www.aedashomes.com\/blog\/aedas-homes-presenta-idilia-aire-calidad-de-vida-con-vistas-al-mediterraneo-en-rincon-de-la-victoria\/","url":"https:\/\/www.aedashomes.com\/blog\/aedas-homes-presenta-idilia-aire-calidad-de-vida-con-vistas-al-mediterraneo-en-rincon-de-la-victoria\/","name":"AEDAS Homes presenta Idilia Aire | AEDAS Homes Blog","isPartOf":{"@id":"https:\/\/www.aedashomes.com\/blog\/#website"},"primaryImageOfPage":{"@id":"https:\/\/www.aedashomes.com\/blog\/aedas-homes-presenta-idilia-aire-calidad-de-vida-con-vistas-al-mediterraneo-en-rincon-de-la-victoria\/#primaryimage"},"image":{"@id":"https:\/\/www.aedashomes.com\/blog\/aedas-homes-presenta-idilia-aire-calidad-de-vida-con-vistas-al-mediterraneo-en-rincon-de-la-victoria\/#primaryimage"},"thumbnailUrl":"https:\/\/www.aedashomes.com\/blog\/wp-content\/uploads\/2025\/04\/10-bue.jpg","datePublished":"2025-04-04T08:24:02+00:00","author":{"@id":"https:\/\/www.aedashomes.com\/blog\/#\/schema\/person\/3943511ba2e912cf5f6ba43a52940713"},"description":"55 viviendas con vistas al mar en Rinc\u00f3n de la Victoria. Idilia Aire: terrazas, piscinas, zonas verdes y conexi\u00f3n con M\u00e1laga.","breadcrumb":{"@id":"https:\/\/www.aedashomes.com\/blog\/aedas-homes-presenta-idilia-aire-calidad-de-vida-con-vistas-al-mediterraneo-en-rincon-de-la-victoria\/#breadcrumb"},"inLanguage":"es","potentialAction":[{"@type":"ReadAction","target":["https:\/\/www.aedashomes.com\/blog\/aedas-homes-presenta-idilia-aire-calidad-de-vida-con-vistas-al-mediterraneo-en-rincon-de-la-victoria\/"]}]},{"@type":"ImageObject","inLanguage":"es","@id":"https:\/\/www.aedashomes.com\/blog\/aedas-homes-presenta-idilia-aire-calidad-de-vida-con-vistas-al-mediterraneo-en-rincon-de-la-victoria\/#primaryimage","url":"https:\/\/www.aedashomes.com\/blog\/wp-content\/uploads\/2025\/04\/10-bue.jpg","contentUrl":"https:\/\/www.aedashomes.com\/blog\/wp-content\/uploads\/2025\/04\/10-bue.jpg","width":807,"height":605,"caption":"Promoci\u00f3n Idilia Aire"},{"@type":"BreadcrumbList","@id":"https:\/\/www.aedashomes.com\/blog\/aedas-homes-presenta-idilia-aire-calidad-de-vida-con-vistas-al-mediterraneo-en-rincon-de-la-victoria\/#breadcrumb","itemListElement":[{"@type":"ListItem","position":1,"name":"Blog","item":"https:\/\/www.aedashomes.com\/blog\/"},{"@type":"ListItem","position":2,"name":"Promociones","item":"https:\/\/www.aedashomes.com\/blog\/promociones-inmobiliarias\/"},{"@type":"ListItem","position":3,"name":"AEDAS Homes presenta Idilia Aire: calidad de vida con vistas al Mediterr\u00e1neo en Rinc\u00f3n de la Victoria"}]},{"@type":"WebSite","@id":"https:\/\/www.aedashomes.com\/blog\/#website","url":"https:\/\/www.aedashomes.com\/blog\/","name":"AEDAS Homes Blog","description":"El blog de la promotora inmobiliaria AEDAS Homes","potentialAction":[{"@type":"SearchAction","target":{"@type":"EntryPoint","urlTemplate":"https:\/\/www.aedashomes.com\/blog\/?s={search_term_string}"},"query-input":{"@type":"PropertyValueSpecification","valueRequired":true,"valueName":"search_term_string"}}],"inLanguage":"es"},{"@type":"Person","@id":"https:\/\/www.aedashomes.com\/blog\/#\/schema\/person\/3943511ba2e912cf5f6ba43a52940713","name":"-","image":{"@type":"ImageObject","inLanguage":"es","@id":"https:\/\/www.aedashomes.com\/blog\/#\/schema\/person\/image\/","url":"https:\/\/secure.gravatar.com\/avatar\/9a98fc972c3ec2b91fdfd2a81c93ee3fc7c04aeefac4d931b43205ed61d9e009?s=96&d=mm&r=g","contentUrl":"https:\/\/secure.gravatar.com\/avatar\/9a98fc972c3ec2b91fdfd2a81c93ee3fc7c04aeefac4d931b43205ed61d9e009?s=96&d=mm&r=g","caption":"-"},"url":"https:\/\/www.aedashomes.com\/blog\/author\/idento\/"}]}},"_links":{"self":[{"href":"https:\/\/www.aedashomes.com\/blog\/wp-json\/wp\/v2\/posts\/18513","targetHints":{"allow":["GET"]}}],"collection":[{"href":"https:\/\/www.aedashomes.com\/blog\/wp-json\/wp\/v2\/posts"}],"about":[{"href":"https:\/\/www.aedashomes.com\/blog\/wp-json\/wp\/v2\/types\/post"}],"author":[{"embeddable":true,"href":"https:\/\/www.aedashomes.com\/blog\/wp-json\/wp\/v2\/users\/15"}],"replies":[{"embeddable":true,"href":"https:\/\/www.aedashomes.com\/blog\/wp-json\/wp\/v2\/comments?post=18513"}],"version-history":[{"count":3,"href":"https:\/\/www.aedashomes.com\/blog\/wp-json\/wp\/v2\/posts\/18513\/revisions"}],"predecessor-version":[{"id":18519,"href":"https:\/\/www.aedashomes.com\/blog\/wp-json\/wp\/v2\/posts\/18513\/revisions\/18519"}],"wp:featuredmedia":[{"embeddable":true,"href":"https:\/\/www.aedashomes.com\/blog\/wp-json\/wp\/v2\/media\/18515"}],"wp:attachment":[{"href":"https:\/\/www.aedashomes.com\/blog\/wp-json\/wp\/v2\/media?parent=18513"}],"wp:term":[{"taxonomy":"category","embeddable":true,"href":"https:\/\/www.aedashomes.com\/blog\/wp-json\/wp\/v2\/categories?post=18513"},{"taxonomy":"post_tag","embeddable":true,"href":"https:\/\/www.aedashomes.com\/blog\/wp-json\/wp\/v2\/tags?post=18513"}],"curies":[{"name":"wp","href":"https:\/\/api.w.org\/{rel}","templated":true}]}}