{"id":18531,"date":"2025-04-21T16:10:13","date_gmt":"2025-04-21T15:10:13","guid":{"rendered":"https:\/\/www.aedashomes.com\/blog\/?p=18531"},"modified":"2025-04-21T16:11:32","modified_gmt":"2025-04-21T15:11:32","slug":"como-decorar-la-terraza-de-un-atico","status":"publish","type":"post","link":"https:\/\/www.aedashomes.com\/blog\/como-decorar-la-terraza-de-un-atico\/","title":{"rendered":"C\u00f3mo decorar la terraza de un \u00e1tico"},"content":{"rendered":"<p>Tener una terraza en un \u00e1tico es, para muchos, uno de los mayores privilegios de la vida urbana. Un espacio al aire libre con vistas, privacidad y una conexi\u00f3n directa con el cielo que invita al descanso, al disfrute y, por supuesto, a ser decorado con mimo. <strong>Sacar el m\u00e1ximo partido a esta zona no solo mejora la calidad de vida, sino que adem\u00e1s puede convertirse en un aut\u00e9ntico valor a\u00f1adido para la vivienda<\/strong>.<\/p>\n<h2 class=\"h4\">Crear un refugio exterior con estilo propio<\/h2>\n<p>Decorar una terraza de \u00e1tico no consiste solo en colocar unos muebles y algunas plantas. Es, m\u00e1s bien, <strong>un ejercicio de armon\u00eda entre funcionalidad, est\u00e9tica y comodidad<\/strong>. El primer paso para lograr un espacio acogedor es pensar en c\u00f3mo queremos utilizarlo, \u00bfser\u00e1 un rinc\u00f3n de lectura al atardecer, una zona para desayunos al sol o un espacio vers\u00e1til para compartir con amigos?<\/p>\n<p><strong>La elecci\u00f3n del mobiliario marcar\u00e1 la pauta<\/strong>. Optar por piezas ligeras pero resistentes, como sof\u00e1s modulares de exterior, mesas bajas de madera natural o tumbonas ergon\u00f3micas, permite adaptar el espacio a distintas situaciones. El textil tambi\u00e9n juega un papel clave, cojines, alfombras vin\u00edlicas y mantas, aportan calidez y personalidad, adem\u00e1s de ayudarte a crear distintos ambientes dentro de la misma terraza.<\/p>\n<h2 class=\"h4\">Vegetaci\u00f3n: la gran aliada del bienestar<\/h2>\n<p><strong>Incorporar plantas en la decoraci\u00f3n de la terraza de un \u00e1tico, es casi imprescindible<\/strong>. No solo crean belleza en cada rinc\u00f3n, tambi\u00e9n act\u00faan como barrera natural frente al viento o las miradas ajenas. Colocar jardineras con lavanda, romero o citronela pueden ofrecer un aroma envolvente y a la vez actuar como repelente natural de insectos.<\/p>\n<p>Si el espacio lo permite, crear un peque\u00f1o jard\u00edn vertical o incluso una zona de huerto urbano aporta frescura, vida y una conexi\u00f3n especial con la naturaleza. Y <strong>si se desea un mantenimiento m\u00e1s sencillo, existen soluciones artificiales<\/strong> muy realistas que no requieren riego ni cuidados constantes.<\/p>\n<h2 class=\"h4\">Luz, sombra y privacidad, el equilibrio perfecto<\/h2>\n<p><strong>Una buena iluminaci\u00f3n permite prolongar el uso de la terraza m\u00e1s all\u00e1 del d\u00eda<\/strong>. Las guirnaldas LED, las l\u00e1mparas solares o las velas decorativas crean atm\u00f3sferas c\u00e1lidas sin necesidad de grandes instalaciones. En cuanto a la sombra, los toldos retr\u00e1ctiles, las p\u00e9rgolas con celos\u00eda o los parasoles orientables son excelentes aliados, especialmente en los meses de m\u00e1s sol.<\/p>\n<p>Por \u00faltimo, no hay que olvidar la privacidad. Paneles de madera, cortinas ligeras o estructuras con plantas trepadoras ayudan a delimitar el espacio sin renunciar a la est\u00e9tica.<strong> El resultado puede ser un oasis \u00edntimo en plena ciudad<\/strong>.<br \/>\n\u00bfTe imaginas disfrutando de tu \u00e1tico decorado con todo detalle? Descubre nuestras promociones de obra nueva y encuentra tu nueva vivienda con terraza en AEDAS Homes.<\/p>\n","protected":false},"excerpt":{"rendered":"<p>Tener una terraza en un \u00e1tico es, para muchos, uno de los mayores privilegios de la vida urbana. Un espacio al aire libre con vistas, privacidad y una conexi\u00f3n directa con el cielo que invita al descanso, al disfrute y, por supuesto, a ser decorado con mimo. Sacar el m\u00e1ximo partido a esta zona no&#8230;<\/p>\n","protected":false},"author":15,"featured_media":18549,"comment_status":"closed","ping_status":"closed","sticky":false,"template":"","format":"standard","meta":{"_acf_changed":false,"footnotes":""},"categories":[164,178],"tags":[],"class_list":["post-18531","post","type-post","status-publish","format-standard","has-post-thumbnail","hentry","category-decoracion-exteriores","category-decoracion-terrazas"],"acf":[],"yoast_head":"<!-- This site is optimized with the Yoast SEO plugin v27.0 - https:\/\/yoast.com\/product\/yoast-seo-wordpress\/ -->\n<title>C\u00f3mo decorar la terraza de un \u00e1tico | AEDAS Homes<\/title>\n<meta name=\"description\" content=\"Descubre c\u00f3mo decorar la terraza de tu \u00e1tico y aprovechar al m\u00e1ximo cada rinc\u00f3n con estilo, confort y funcionalidad.\" \/>\n<meta name=\"robots\" content=\"index, follow, max-snippet:-1, max-image-preview:large, max-video-preview:-1\" \/>\n<link rel=\"canonical\" href=\"https:\/\/www.aedashomes.com\/blog\/como-decorar-la-terraza-de-un-atico\/\" \/>\n<meta property=\"og:locale\" content=\"es_ES\" \/>\n<meta property=\"og:type\" content=\"article\" \/>\n<meta property=\"og:title\" content=\"C\u00f3mo decorar la terraza de un \u00e1tico | AEDAS Homes\" \/>\n<meta property=\"og:description\" content=\"Descubre c\u00f3mo decorar la terraza de tu \u00e1tico y aprovechar al m\u00e1ximo cada rinc\u00f3n con estilo, confort y funcionalidad.\" \/>\n<meta property=\"og:url\" content=\"https:\/\/www.aedashomes.com\/blog\/como-decorar-la-terraza-de-un-atico\/\" \/>\n<meta property=\"og:site_name\" content=\"AEDAS Homes Blog\" \/>\n<meta property=\"article:publisher\" content=\"https:\/\/www.facebook.com\/aedashomes\/\" \/>\n<meta property=\"article:published_time\" content=\"2025-04-21T15:10:13+00:00\" \/>\n<meta property=\"article:modified_time\" content=\"2025-04-21T15:11:32+00:00\" \/>\n<meta property=\"og:image\" content=\"https:\/\/www.aedashomes.com\/blog\/wp-content\/uploads\/2025\/04\/portrait-happy-couple-holding-wineglass-rose-posing-balcony.jpg\" \/>\n\t<meta property=\"og:image:width\" content=\"908\" \/>\n\t<meta property=\"og:image:height\" content=\"605\" \/>\n\t<meta property=\"og:image:type\" content=\"image\/jpeg\" \/>\n<meta name=\"author\" content=\"-\" \/>\n<meta name=\"twitter:card\" content=\"summary_large_image\" \/>\n<meta name=\"twitter:label1\" content=\"Escrito por\" \/>\n\t<meta name=\"twitter:data1\" content=\"-\" \/>\n\t<meta name=\"twitter:label2\" content=\"Tiempo de lectura\" \/>\n\t<meta name=\"twitter:data2\" content=\"3 minutos\" \/>\n<script type=\"application\/ld+json\" class=\"yoast-schema-graph\">{\"@context\":\"https:\/\/schema.org\",\"@graph\":[{\"@type\":\"Article\",\"@id\":\"https:\/\/www.aedashomes.com\/blog\/como-decorar-la-terraza-de-un-atico\/#article\",\"isPartOf\":{\"@id\":\"https:\/\/www.aedashomes.com\/blog\/como-decorar-la-terraza-de-un-atico\/\"},\"author\":{\"name\":\"-\",\"@id\":\"https:\/\/www.aedashomes.com\/blog\/#\/schema\/person\/3943511ba2e912cf5f6ba43a52940713\"},\"headline\":\"C\u00f3mo decorar la terraza de un \u00e1tico\",\"datePublished\":\"2025-04-21T15:10:13+00:00\",\"dateModified\":\"2025-04-21T15:11:32+00:00\",\"mainEntityOfPage\":{\"@id\":\"https:\/\/www.aedashomes.com\/blog\/como-decorar-la-terraza-de-un-atico\/\"},\"wordCount\":486,\"image\":{\"@id\":\"https:\/\/www.aedashomes.com\/blog\/como-decorar-la-terraza-de-un-atico\/#primaryimage\"},\"thumbnailUrl\":\"https:\/\/www.aedashomes.com\/blog\/wp-content\/uploads\/2025\/04\/portrait-happy-couple-holding-wineglass-rose-posing-balcony.jpg\",\"articleSection\":[\"Decoraci\u00f3n de exteriores\",\"Decoraci\u00f3n de terrazas\"],\"inLanguage\":\"es\"},{\"@type\":\"WebPage\",\"@id\":\"https:\/\/www.aedashomes.com\/blog\/como-decorar-la-terraza-de-un-atico\/\",\"url\":\"https:\/\/www.aedashomes.com\/blog\/como-decorar-la-terraza-de-un-atico\/\",\"name\":\"C\u00f3mo decorar la terraza de un \u00e1tico | AEDAS Homes\",\"isPartOf\":{\"@id\":\"https:\/\/www.aedashomes.com\/blog\/#website\"},\"primaryImageOfPage\":{\"@id\":\"https:\/\/www.aedashomes.com\/blog\/como-decorar-la-terraza-de-un-atico\/#primaryimage\"},\"image\":{\"@id\":\"https:\/\/www.aedashomes.com\/blog\/como-decorar-la-terraza-de-un-atico\/#primaryimage\"},\"thumbnailUrl\":\"https:\/\/www.aedashomes.com\/blog\/wp-content\/uploads\/2025\/04\/portrait-happy-couple-holding-wineglass-rose-posing-balcony.jpg\",\"datePublished\":\"2025-04-21T15:10:13+00:00\",\"dateModified\":\"2025-04-21T15:11:32+00:00\",\"author\":{\"@id\":\"https:\/\/www.aedashomes.com\/blog\/#\/schema\/person\/3943511ba2e912cf5f6ba43a52940713\"},\"description\":\"Descubre c\u00f3mo decorar la terraza de tu \u00e1tico y aprovechar al m\u00e1ximo cada rinc\u00f3n con estilo, confort y funcionalidad.\",\"breadcrumb\":{\"@id\":\"https:\/\/www.aedashomes.com\/blog\/como-decorar-la-terraza-de-un-atico\/#breadcrumb\"},\"inLanguage\":\"es\",\"potentialAction\":[{\"@type\":\"ReadAction\",\"target\":[\"https:\/\/www.aedashomes.com\/blog\/como-decorar-la-terraza-de-un-atico\/\"]}]},{\"@type\":\"ImageObject\",\"inLanguage\":\"es\",\"@id\":\"https:\/\/www.aedashomes.com\/blog\/como-decorar-la-terraza-de-un-atico\/#primaryimage\",\"url\":\"https:\/\/www.aedashomes.com\/blog\/wp-content\/uploads\/2025\/04\/portrait-happy-couple-holding-wineglass-rose-posing-balcony.jpg\",\"contentUrl\":\"https:\/\/www.aedashomes.com\/blog\/wp-content\/uploads\/2025\/04\/portrait-happy-couple-holding-wineglass-rose-posing-balcony.jpg\",\"width\":908,\"height\":605,\"caption\":\"decoraci\u00f3n para terraza\"},{\"@type\":\"BreadcrumbList\",\"@id\":\"https:\/\/www.aedashomes.com\/blog\/como-decorar-la-terraza-de-un-atico\/#breadcrumb\",\"itemListElement\":[{\"@type\":\"ListItem\",\"position\":1,\"name\":\"Blog\",\"item\":\"https:\/\/www.aedashomes.com\/blog\/\"},{\"@type\":\"ListItem\",\"position\":2,\"name\":\"Decoraci\u00f3n de exteriores\",\"item\":\"https:\/\/www.aedashomes.com\/blog\/decoracion-exteriores\/\"},{\"@type\":\"ListItem\",\"position\":3,\"name\":\"C\u00f3mo decorar la terraza de un \u00e1tico\"}]},{\"@type\":\"WebSite\",\"@id\":\"https:\/\/www.aedashomes.com\/blog\/#website\",\"url\":\"https:\/\/www.aedashomes.com\/blog\/\",\"name\":\"AEDAS Homes Blog\",\"description\":\"El blog de la promotora inmobiliaria AEDAS Homes\",\"potentialAction\":[{\"@type\":\"SearchAction\",\"target\":{\"@type\":\"EntryPoint\",\"urlTemplate\":\"https:\/\/www.aedashomes.com\/blog\/?s={search_term_string}\"},\"query-input\":{\"@type\":\"PropertyValueSpecification\",\"valueRequired\":true,\"valueName\":\"search_term_string\"}}],\"inLanguage\":\"es\"},{\"@type\":\"Person\",\"@id\":\"https:\/\/www.aedashomes.com\/blog\/#\/schema\/person\/3943511ba2e912cf5f6ba43a52940713\",\"name\":\"-\",\"image\":{\"@type\":\"ImageObject\",\"inLanguage\":\"es\",\"@id\":\"https:\/\/www.aedashomes.com\/blog\/#\/schema\/person\/image\/\",\"url\":\"https:\/\/secure.gravatar.com\/avatar\/9a98fc972c3ec2b91fdfd2a81c93ee3fc7c04aeefac4d931b43205ed61d9e009?s=96&d=mm&r=g\",\"contentUrl\":\"https:\/\/secure.gravatar.com\/avatar\/9a98fc972c3ec2b91fdfd2a81c93ee3fc7c04aeefac4d931b43205ed61d9e009?s=96&d=mm&r=g\",\"caption\":\"-\"},\"url\":\"https:\/\/www.aedashomes.com\/blog\/author\/idento\/\"}]}<\/script>\n<!-- \/ Yoast SEO plugin. -->","yoast_head_json":{"title":"C\u00f3mo decorar la terraza de un \u00e1tico | AEDAS Homes","description":"Descubre c\u00f3mo decorar la terraza de tu \u00e1tico y aprovechar al m\u00e1ximo cada rinc\u00f3n con estilo, confort y funcionalidad.","robots":{"index":"index","follow":"follow","max-snippet":"max-snippet:-1","max-image-preview":"max-image-preview:large","max-video-preview":"max-video-preview:-1"},"canonical":"https:\/\/www.aedashomes.com\/blog\/como-decorar-la-terraza-de-un-atico\/","og_locale":"es_ES","og_type":"article","og_title":"C\u00f3mo decorar la terraza de un \u00e1tico | AEDAS Homes","og_description":"Descubre c\u00f3mo decorar la terraza de tu \u00e1tico y aprovechar al m\u00e1ximo cada rinc\u00f3n con estilo, confort y funcionalidad.","og_url":"https:\/\/www.aedashomes.com\/blog\/como-decorar-la-terraza-de-un-atico\/","og_site_name":"AEDAS Homes Blog","article_publisher":"https:\/\/www.facebook.com\/aedashomes\/","article_published_time":"2025-04-21T15:10:13+00:00","article_modified_time":"2025-04-21T15:11:32+00:00","og_image":[{"width":908,"height":605,"url":"https:\/\/www.aedashomes.com\/blog\/wp-content\/uploads\/2025\/04\/portrait-happy-couple-holding-wineglass-rose-posing-balcony.jpg","type":"image\/jpeg"}],"author":"-","twitter_card":"summary_large_image","twitter_misc":{"Escrito por":"-","Tiempo de lectura":"3 minutos"},"schema":{"@context":"https:\/\/schema.org","@graph":[{"@type":"Article","@id":"https:\/\/www.aedashomes.com\/blog\/como-decorar-la-terraza-de-un-atico\/#article","isPartOf":{"@id":"https:\/\/www.aedashomes.com\/blog\/como-decorar-la-terraza-de-un-atico\/"},"author":{"name":"-","@id":"https:\/\/www.aedashomes.com\/blog\/#\/schema\/person\/3943511ba2e912cf5f6ba43a52940713"},"headline":"C\u00f3mo decorar la terraza de un \u00e1tico","datePublished":"2025-04-21T15:10:13+00:00","dateModified":"2025-04-21T15:11:32+00:00","mainEntityOfPage":{"@id":"https:\/\/www.aedashomes.com\/blog\/como-decorar-la-terraza-de-un-atico\/"},"wordCount":486,"image":{"@id":"https:\/\/www.aedashomes.com\/blog\/como-decorar-la-terraza-de-un-atico\/#primaryimage"},"thumbnailUrl":"https:\/\/www.aedashomes.com\/blog\/wp-content\/uploads\/2025\/04\/portrait-happy-couple-holding-wineglass-rose-posing-balcony.jpg","articleSection":["Decoraci\u00f3n de exteriores","Decoraci\u00f3n de terrazas"],"inLanguage":"es"},{"@type":"WebPage","@id":"https:\/\/www.aedashomes.com\/blog\/como-decorar-la-terraza-de-un-atico\/","url":"https:\/\/www.aedashomes.com\/blog\/como-decorar-la-terraza-de-un-atico\/","name":"C\u00f3mo decorar la terraza de un \u00e1tico | AEDAS Homes","isPartOf":{"@id":"https:\/\/www.aedashomes.com\/blog\/#website"},"primaryImageOfPage":{"@id":"https:\/\/www.aedashomes.com\/blog\/como-decorar-la-terraza-de-un-atico\/#primaryimage"},"image":{"@id":"https:\/\/www.aedashomes.com\/blog\/como-decorar-la-terraza-de-un-atico\/#primaryimage"},"thumbnailUrl":"https:\/\/www.aedashomes.com\/blog\/wp-content\/uploads\/2025\/04\/portrait-happy-couple-holding-wineglass-rose-posing-balcony.jpg","datePublished":"2025-04-21T15:10:13+00:00","dateModified":"2025-04-21T15:11:32+00:00","author":{"@id":"https:\/\/www.aedashomes.com\/blog\/#\/schema\/person\/3943511ba2e912cf5f6ba43a52940713"},"description":"Descubre c\u00f3mo decorar la terraza de tu \u00e1tico y aprovechar al m\u00e1ximo cada rinc\u00f3n con estilo, confort y funcionalidad.","breadcrumb":{"@id":"https:\/\/www.aedashomes.com\/blog\/como-decorar-la-terraza-de-un-atico\/#breadcrumb"},"inLanguage":"es","potentialAction":[{"@type":"ReadAction","target":["https:\/\/www.aedashomes.com\/blog\/como-decorar-la-terraza-de-un-atico\/"]}]},{"@type":"ImageObject","inLanguage":"es","@id":"https:\/\/www.aedashomes.com\/blog\/como-decorar-la-terraza-de-un-atico\/#primaryimage","url":"https:\/\/www.aedashomes.com\/blog\/wp-content\/uploads\/2025\/04\/portrait-happy-couple-holding-wineglass-rose-posing-balcony.jpg","contentUrl":"https:\/\/www.aedashomes.com\/blog\/wp-content\/uploads\/2025\/04\/portrait-happy-couple-holding-wineglass-rose-posing-balcony.jpg","width":908,"height":605,"caption":"decoraci\u00f3n para terraza"},{"@type":"BreadcrumbList","@id":"https:\/\/www.aedashomes.com\/blog\/como-decorar-la-terraza-de-un-atico\/#breadcrumb","itemListElement":[{"@type":"ListItem","position":1,"name":"Blog","item":"https:\/\/www.aedashomes.com\/blog\/"},{"@type":"ListItem","position":2,"name":"Decoraci\u00f3n de exteriores","item":"https:\/\/www.aedashomes.com\/blog\/decoracion-exteriores\/"},{"@type":"ListItem","position":3,"name":"C\u00f3mo decorar la terraza de un \u00e1tico"}]},{"@type":"WebSite","@id":"https:\/\/www.aedashomes.com\/blog\/#website","url":"https:\/\/www.aedashomes.com\/blog\/","name":"AEDAS Homes Blog","description":"El blog de la promotora inmobiliaria AEDAS Homes","potentialAction":[{"@type":"SearchAction","target":{"@type":"EntryPoint","urlTemplate":"https:\/\/www.aedashomes.com\/blog\/?s={search_term_string}"},"query-input":{"@type":"PropertyValueSpecification","valueRequired":true,"valueName":"search_term_string"}}],"inLanguage":"es"},{"@type":"Person","@id":"https:\/\/www.aedashomes.com\/blog\/#\/schema\/person\/3943511ba2e912cf5f6ba43a52940713","name":"-","image":{"@type":"ImageObject","inLanguage":"es","@id":"https:\/\/www.aedashomes.com\/blog\/#\/schema\/person\/image\/","url":"https:\/\/secure.gravatar.com\/avatar\/9a98fc972c3ec2b91fdfd2a81c93ee3fc7c04aeefac4d931b43205ed61d9e009?s=96&d=mm&r=g","contentUrl":"https:\/\/secure.gravatar.com\/avatar\/9a98fc972c3ec2b91fdfd2a81c93ee3fc7c04aeefac4d931b43205ed61d9e009?s=96&d=mm&r=g","caption":"-"},"url":"https:\/\/www.aedashomes.com\/blog\/author\/idento\/"}]}},"_links":{"self":[{"href":"https:\/\/www.aedashomes.com\/blog\/wp-json\/wp\/v2\/posts\/18531","targetHints":{"allow":["GET"]}}],"collection":[{"href":"https:\/\/www.aedashomes.com\/blog\/wp-json\/wp\/v2\/posts"}],"about":[{"href":"https:\/\/www.aedashomes.com\/blog\/wp-json\/wp\/v2\/types\/post"}],"author":[{"embeddable":true,"href":"https:\/\/www.aedashomes.com\/blog\/wp-json\/wp\/v2\/users\/15"}],"replies":[{"embeddable":true,"href":"https:\/\/www.aedashomes.com\/blog\/wp-json\/wp\/v2\/comments?post=18531"}],"version-history":[{"count":1,"href":"https:\/\/www.aedashomes.com\/blog\/wp-json\/wp\/v2\/posts\/18531\/revisions"}],"predecessor-version":[{"id":18532,"href":"https:\/\/www.aedashomes.com\/blog\/wp-json\/wp\/v2\/posts\/18531\/revisions\/18532"}],"wp:featuredmedia":[{"embeddable":true,"href":"https:\/\/www.aedashomes.com\/blog\/wp-json\/wp\/v2\/media\/18549"}],"wp:attachment":[{"href":"https:\/\/www.aedashomes.com\/blog\/wp-json\/wp\/v2\/media?parent=18531"}],"wp:term":[{"taxonomy":"category","embeddable":true,"href":"https:\/\/www.aedashomes.com\/blog\/wp-json\/wp\/v2\/categories?post=18531"},{"taxonomy":"post_tag","embeddable":true,"href":"https:\/\/www.aedashomes.com\/blog\/wp-json\/wp\/v2\/tags?post=18531"}],"curies":[{"name":"wp","href":"https:\/\/api.w.org\/{rel}","templated":true}]}}