{"id":18552,"date":"2025-04-28T10:57:16","date_gmt":"2025-04-28T09:57:16","guid":{"rendered":"https:\/\/www.aedashomes.com\/blog\/?p=18552"},"modified":"2026-04-22T08:23:08","modified_gmt":"2026-04-22T07:23:08","slug":"para-que-medimos-la-industrializacion-de-un-edificio","status":"publish","type":"post","link":"https:\/\/www.aedashomes.com\/blog\/para-que-medimos-la-industrializacion-de-un-edificio\/","title":{"rendered":"\u00bfPara qu\u00e9 medimos la industrializaci\u00f3n de un edificio?"},"content":{"rendered":"<p>En un contexto de cambio de paradigma como el que experimenta la edificaci\u00f3n actual, la construcci\u00f3n industrializada se consolida como la respuesta a los desaf\u00edos actuales, tales como la falta de vivienda asequible, la necesidad de descarbonizaci\u00f3n y la incorporaci\u00f3n de nuevas tecnolog\u00edas. Ahora bien, \u00bfc\u00f3mo medimos la industrializaci\u00f3n de un edificio?<\/p>\n<p>La respuesta a esta cuesti\u00f3n fue abordada en REBUILD 2025, la gran cita de construcci\u00f3n industrializada, digitalizaci\u00f3n y sostenibilidad (23-25 abril en Madrid), que acogi\u00f3 la mesa de debate \u2018\u00bfC\u00f3mo se mide la industrializaci\u00f3n de un edificio?\u2019, en la que se explic\u00f3 para qu\u00e9 sirve medir la industrializaci\u00f3n de un edificio, presentando una <span style=\"text-decoration: underline;\">clasificaci\u00f3n por grados de industrializaci\u00f3n<\/span>:<\/p>\n<ul>\n<li>Grado 0: Construcci\u00f3n tradicional convencional.<\/li>\n<li>Grado 1: Sistemas constructivos tradicionales en los que se implementan mejoras para la optimizaci\u00f3n de procesos y digitalizaci\u00f3n.<\/li>\n<li>Grado 2: Sistemas constructivos en los que se planea una estructura convencional y componentes industrializados. como ba\u00f1os industrializados, cerramientos o conjuntos de componentes de<\/li>\n<li>baja cuant\u00eda econ\u00f3mica en el Presupuesto de Ejecuci\u00f3n Material (PEM) -la estimaci\u00f3n de los costes de todas las operaciones para llevar a cabo el final de la obra (5%-15% PEM)-.<\/li>\n<li>Grado 3: Sistemas constructivos en los que se planea una estructura convencional y componentes industrializados como ba\u00f1os y cerramientos industrializados (15%-25% PEM).<\/li>\n<li>Grado 4: Sistemas constructivos industrializados en los que se plantea una estructura realizada con componentes y cerramientos industrializados (25%-35% PEM).<\/li>\n<li>Grado 5: Sistemas constructivos industrializados en los que se plantea una estructura realizada con componentes, cerramientos, instalaciones y ba\u00f1os industrializados. (35%-50% PEM)<\/li>\n<li>Grado 6: Sistemas constructivos industrializados constituidos por componentes 3D (superior al 50% PEM).<\/li>\n<\/ul>\n<p>\u201cPara AEDAS Homes, entre el grado 2 y 3 est\u00e1 el m\u00ednimo para considerar que una vivienda es industrializada\u201d, explic\u00f3 durante el debate Jos\u00e9 Mar\u00eda Quir\u00f3s, Delegado de Industrializaci\u00f3n de AEDAS Homes, quien remarc\u00f3 que la compa\u00f1\u00eda se autoimpone unos KPIS muy exigentes que revisan cada a\u00f1o para estar a la altura del sector.<\/p>\n<p>El Delegado record\u00f3 c\u00f3mo la promotora tiene un alto compromiso con la industrializaci\u00f3n y que, precisamente, han pasado siete a\u00f1os ya -pr\u00e1cticamente, desde que se fund\u00f3 <a href=\"https:\/\/www.eleconomista.es\/empresa\/AEDAS-HOMES-BR-\" target=\"_blank\" rel=\"noopener nofollow\">la compa\u00f1\u00eda<\/a>&#8211; desde que AEDAS Homes dio los primeros pasos en la implantaci\u00f3n de los M\u00e9todos Modernos de Construcci\u00f3n (MMC) en el dise\u00f1o y ejecuci\u00f3n de los proyectos de las promociones con el objetivo de transformar el sector de la construcci\u00f3n en una industria fiable, que aportara certezas al negocio y que, adem\u00e1s, permitiera aumentar la capacidad de producci\u00f3n.<\/p>\n<p>Para Jos\u00e9 Mar\u00eda Quir\u00f3s, <strong>el PERTE anunciado por el Gobierno va a suponer un apoyo para la medici\u00f3n de la industrializaci\u00f3n<\/strong>. \u201cSer capaces de medir la industrializaci\u00f3n es clave para atraer inversores. Al final, todo lo que no es medible no existe y no podemos medir la industrializaci\u00f3n de una forma vaga. Tenemos que aprovechar todo el potencial y talento en industrializaci\u00f3n que tenemos en nuestro pa\u00eds\u201d, concluy\u00f3 el responsable de AEDAS Homes.<\/p>\n<p>Jos\u00e9 Mar\u00eda Quir\u00f3s convers\u00f3 con Juan Carlos Cabrero, Director del Curso de T\u00e9cnico Especialista en Construcci\u00f3n Industrializada del Colegio de Aparejadores y Arquitectos T\u00e9cnicos de Madrid; y Guillermo Sotorr\u00edo, del Instituto de Ciencias de la Construcci\u00f3n Eduardo Torroja (IETcc-CSIC).<\/p>\n<p><img loading=\"lazy\" decoding=\"async\" class=\" wp-image-18553 aligncenter\" src=\"https:\/\/www.aedashomes.com\/blog\/wp-content\/uploads\/2025\/04\/JMQ.jpeg\" alt=\"Curso de T\u00e9cnico Especialista en Construcci\u00f3n Industrializada\" width=\"548\" height=\"411\" srcset=\"https:\/\/www.aedashomes.com\/blog\/wp-content\/uploads\/2025\/04\/JMQ.jpeg 807w, https:\/\/www.aedashomes.com\/blog\/wp-content\/uploads\/2025\/04\/JMQ-300x225.jpeg 300w\" sizes=\"auto, (max-width: 548px) 100vw, 548px\" \/><\/p>\n","protected":false},"excerpt":{"rendered":"<p>En un contexto de cambio de paradigma como el que experimenta la edificaci\u00f3n actual, la construcci\u00f3n industrializada se consolida como la respuesta a los desaf\u00edos actuales, tales como la falta de vivienda asequible, la necesidad de descarbonizaci\u00f3n y la incorporaci\u00f3n de nuevas tecnolog\u00edas. Ahora bien, \u00bfc\u00f3mo medimos la industrializaci\u00f3n de un edificio? La respuesta a&#8230;<\/p>\n","protected":false},"author":15,"featured_media":0,"comment_status":"closed","ping_status":"closed","sticky":false,"template":"","format":"standard","meta":{"_acf_changed":false,"footnotes":""},"categories":[209,303],"tags":[],"class_list":["post-18552","post","type-post","status-publish","format-standard","hentry","category-noticias-inmobiliarias","category-industrializacion"],"acf":[],"yoast_head":"<!-- This site is optimized with the Yoast SEO plugin v27.0 - https:\/\/yoast.com\/product\/yoast-seo-wordpress\/ -->\n<title>\u00bfPara qu\u00e9 medimos la industrializaci\u00f3n de un edificio? - AEDAS Homes Blog<\/title>\n<meta name=\"description\" content=\"Descubre c\u00f3mo medir el grado de industrializaci\u00f3n en la construcci\u00f3n para impulsar sostenibilidad, eficiencia e inversi\u00f3n.\" \/>\n<meta name=\"robots\" content=\"index, follow, max-snippet:-1, max-image-preview:large, max-video-preview:-1\" \/>\n<link rel=\"canonical\" href=\"https:\/\/www.aedashomes.com\/blog\/para-que-medimos-la-industrializacion-de-un-edificio\/\" \/>\n<meta property=\"og:locale\" content=\"es_ES\" \/>\n<meta property=\"og:type\" content=\"article\" \/>\n<meta property=\"og:title\" content=\"\u00bfPara qu\u00e9 medimos la industrializaci\u00f3n de un edificio? - AEDAS Homes Blog\" \/>\n<meta property=\"og:description\" content=\"Descubre c\u00f3mo medir el grado de industrializaci\u00f3n en la construcci\u00f3n para impulsar sostenibilidad, eficiencia e inversi\u00f3n.\" \/>\n<meta property=\"og:url\" content=\"https:\/\/www.aedashomes.com\/blog\/para-que-medimos-la-industrializacion-de-un-edificio\/\" \/>\n<meta property=\"og:site_name\" content=\"AEDAS Homes Blog\" \/>\n<meta property=\"article:publisher\" content=\"https:\/\/www.facebook.com\/aedashomes\/\" \/>\n<meta property=\"article:published_time\" content=\"2025-04-28T09:57:16+00:00\" \/>\n<meta property=\"article:modified_time\" content=\"2026-04-22T07:23:08+00:00\" \/>\n<meta property=\"og:image\" content=\"https:\/\/www.aedashomes.com\/blog\/wp-content\/uploads\/2025\/04\/JMQ.jpeg\" \/>\n\t<meta property=\"og:image:width\" content=\"807\" \/>\n\t<meta property=\"og:image:height\" content=\"605\" \/>\n\t<meta property=\"og:image:type\" content=\"image\/jpeg\" \/>\n<meta name=\"author\" content=\"-\" \/>\n<meta name=\"twitter:card\" content=\"summary_large_image\" \/>\n<meta name=\"twitter:label1\" content=\"Escrito por\" \/>\n\t<meta name=\"twitter:data1\" content=\"-\" \/>\n\t<meta name=\"twitter:label2\" content=\"Tiempo de lectura\" \/>\n\t<meta name=\"twitter:data2\" content=\"3 minutos\" \/>\n<script type=\"application\/ld+json\" class=\"yoast-schema-graph\">{\"@context\":\"https:\/\/schema.org\",\"@graph\":[{\"@type\":\"Article\",\"@id\":\"https:\/\/www.aedashomes.com\/blog\/para-que-medimos-la-industrializacion-de-un-edificio\/#article\",\"isPartOf\":{\"@id\":\"https:\/\/www.aedashomes.com\/blog\/para-que-medimos-la-industrializacion-de-un-edificio\/\"},\"author\":{\"name\":\"-\",\"@id\":\"https:\/\/www.aedashomes.com\/blog\/#\/schema\/person\/3943511ba2e912cf5f6ba43a52940713\"},\"headline\":\"\u00bfPara qu\u00e9 medimos la industrializaci\u00f3n de un edificio?\",\"datePublished\":\"2025-04-28T09:57:16+00:00\",\"dateModified\":\"2026-04-22T07:23:08+00:00\",\"mainEntityOfPage\":{\"@id\":\"https:\/\/www.aedashomes.com\/blog\/para-que-medimos-la-industrializacion-de-un-edificio\/\"},\"wordCount\":574,\"image\":{\"@id\":\"https:\/\/www.aedashomes.com\/blog\/para-que-medimos-la-industrializacion-de-un-edificio\/#primaryimage\"},\"thumbnailUrl\":\"https:\/\/www.aedashomes.com\/blog\/wp-content\/uploads\/2025\/04\/JMQ.jpeg\",\"articleSection\":[\"AEDAS News\",\"Industrializaci\u00f3n\"],\"inLanguage\":\"es\"},{\"@type\":\"WebPage\",\"@id\":\"https:\/\/www.aedashomes.com\/blog\/para-que-medimos-la-industrializacion-de-un-edificio\/\",\"url\":\"https:\/\/www.aedashomes.com\/blog\/para-que-medimos-la-industrializacion-de-un-edificio\/\",\"name\":\"\u00bfPara qu\u00e9 medimos la industrializaci\u00f3n de un edificio? - AEDAS Homes Blog\",\"isPartOf\":{\"@id\":\"https:\/\/www.aedashomes.com\/blog\/#website\"},\"primaryImageOfPage\":{\"@id\":\"https:\/\/www.aedashomes.com\/blog\/para-que-medimos-la-industrializacion-de-un-edificio\/#primaryimage\"},\"image\":{\"@id\":\"https:\/\/www.aedashomes.com\/blog\/para-que-medimos-la-industrializacion-de-un-edificio\/#primaryimage\"},\"thumbnailUrl\":\"https:\/\/www.aedashomes.com\/blog\/wp-content\/uploads\/2025\/04\/JMQ.jpeg\",\"datePublished\":\"2025-04-28T09:57:16+00:00\",\"dateModified\":\"2026-04-22T07:23:08+00:00\",\"author\":{\"@id\":\"https:\/\/www.aedashomes.com\/blog\/#\/schema\/person\/3943511ba2e912cf5f6ba43a52940713\"},\"description\":\"Descubre c\u00f3mo medir el grado de industrializaci\u00f3n en la construcci\u00f3n para impulsar sostenibilidad, eficiencia e inversi\u00f3n.\",\"breadcrumb\":{\"@id\":\"https:\/\/www.aedashomes.com\/blog\/para-que-medimos-la-industrializacion-de-un-edificio\/#breadcrumb\"},\"inLanguage\":\"es\",\"potentialAction\":[{\"@type\":\"ReadAction\",\"target\":[\"https:\/\/www.aedashomes.com\/blog\/para-que-medimos-la-industrializacion-de-un-edificio\/\"]}]},{\"@type\":\"ImageObject\",\"inLanguage\":\"es\",\"@id\":\"https:\/\/www.aedashomes.com\/blog\/para-que-medimos-la-industrializacion-de-un-edificio\/#primaryimage\",\"url\":\"https:\/\/www.aedashomes.com\/blog\/wp-content\/uploads\/2025\/04\/JMQ.jpeg\",\"contentUrl\":\"https:\/\/www.aedashomes.com\/blog\/wp-content\/uploads\/2025\/04\/JMQ.jpeg\",\"width\":807,\"height\":605,\"caption\":\"Curso de T\u00e9cnico Especialista en Construcci\u00f3n Industrializada\"},{\"@type\":\"BreadcrumbList\",\"@id\":\"https:\/\/www.aedashomes.com\/blog\/para-que-medimos-la-industrializacion-de-un-edificio\/#breadcrumb\",\"itemListElement\":[{\"@type\":\"ListItem\",\"position\":1,\"name\":\"Blog\",\"item\":\"https:\/\/www.aedashomes.com\/blog\/\"},{\"@type\":\"ListItem\",\"position\":2,\"name\":\"AEDAS News\",\"item\":\"https:\/\/www.aedashomes.com\/blog\/noticias-inmobiliarias\/\"},{\"@type\":\"ListItem\",\"position\":3,\"name\":\"\u00bfPara qu\u00e9 medimos la industrializaci\u00f3n de un edificio?\"}]},{\"@type\":\"WebSite\",\"@id\":\"https:\/\/www.aedashomes.com\/blog\/#website\",\"url\":\"https:\/\/www.aedashomes.com\/blog\/\",\"name\":\"AEDAS Homes Blog\",\"description\":\"El blog de la promotora inmobiliaria AEDAS Homes\",\"potentialAction\":[{\"@type\":\"SearchAction\",\"target\":{\"@type\":\"EntryPoint\",\"urlTemplate\":\"https:\/\/www.aedashomes.com\/blog\/?s={search_term_string}\"},\"query-input\":{\"@type\":\"PropertyValueSpecification\",\"valueRequired\":true,\"valueName\":\"search_term_string\"}}],\"inLanguage\":\"es\"},{\"@type\":\"Person\",\"@id\":\"https:\/\/www.aedashomes.com\/blog\/#\/schema\/person\/3943511ba2e912cf5f6ba43a52940713\",\"name\":\"-\",\"image\":{\"@type\":\"ImageObject\",\"inLanguage\":\"es\",\"@id\":\"https:\/\/www.aedashomes.com\/blog\/#\/schema\/person\/image\/\",\"url\":\"https:\/\/secure.gravatar.com\/avatar\/9a98fc972c3ec2b91fdfd2a81c93ee3fc7c04aeefac4d931b43205ed61d9e009?s=96&d=mm&r=g\",\"contentUrl\":\"https:\/\/secure.gravatar.com\/avatar\/9a98fc972c3ec2b91fdfd2a81c93ee3fc7c04aeefac4d931b43205ed61d9e009?s=96&d=mm&r=g\",\"caption\":\"-\"},\"url\":\"https:\/\/www.aedashomes.com\/blog\/author\/idento\/\"}]}<\/script>\n<!-- \/ Yoast SEO plugin. -->","yoast_head_json":{"title":"\u00bfPara qu\u00e9 medimos la industrializaci\u00f3n de un edificio? - AEDAS Homes Blog","description":"Descubre c\u00f3mo medir el grado de industrializaci\u00f3n en la construcci\u00f3n para impulsar sostenibilidad, eficiencia e inversi\u00f3n.","robots":{"index":"index","follow":"follow","max-snippet":"max-snippet:-1","max-image-preview":"max-image-preview:large","max-video-preview":"max-video-preview:-1"},"canonical":"https:\/\/www.aedashomes.com\/blog\/para-que-medimos-la-industrializacion-de-un-edificio\/","og_locale":"es_ES","og_type":"article","og_title":"\u00bfPara qu\u00e9 medimos la industrializaci\u00f3n de un edificio? - AEDAS Homes Blog","og_description":"Descubre c\u00f3mo medir el grado de industrializaci\u00f3n en la construcci\u00f3n para impulsar sostenibilidad, eficiencia e inversi\u00f3n.","og_url":"https:\/\/www.aedashomes.com\/blog\/para-que-medimos-la-industrializacion-de-un-edificio\/","og_site_name":"AEDAS Homes Blog","article_publisher":"https:\/\/www.facebook.com\/aedashomes\/","article_published_time":"2025-04-28T09:57:16+00:00","article_modified_time":"2026-04-22T07:23:08+00:00","og_image":[{"width":807,"height":605,"url":"https:\/\/www.aedashomes.com\/blog\/wp-content\/uploads\/2025\/04\/JMQ.jpeg","type":"image\/jpeg"}],"author":"-","twitter_card":"summary_large_image","twitter_misc":{"Escrito por":"-","Tiempo de lectura":"3 minutos"},"schema":{"@context":"https:\/\/schema.org","@graph":[{"@type":"Article","@id":"https:\/\/www.aedashomes.com\/blog\/para-que-medimos-la-industrializacion-de-un-edificio\/#article","isPartOf":{"@id":"https:\/\/www.aedashomes.com\/blog\/para-que-medimos-la-industrializacion-de-un-edificio\/"},"author":{"name":"-","@id":"https:\/\/www.aedashomes.com\/blog\/#\/schema\/person\/3943511ba2e912cf5f6ba43a52940713"},"headline":"\u00bfPara qu\u00e9 medimos la industrializaci\u00f3n de un edificio?","datePublished":"2025-04-28T09:57:16+00:00","dateModified":"2026-04-22T07:23:08+00:00","mainEntityOfPage":{"@id":"https:\/\/www.aedashomes.com\/blog\/para-que-medimos-la-industrializacion-de-un-edificio\/"},"wordCount":574,"image":{"@id":"https:\/\/www.aedashomes.com\/blog\/para-que-medimos-la-industrializacion-de-un-edificio\/#primaryimage"},"thumbnailUrl":"https:\/\/www.aedashomes.com\/blog\/wp-content\/uploads\/2025\/04\/JMQ.jpeg","articleSection":["AEDAS News","Industrializaci\u00f3n"],"inLanguage":"es"},{"@type":"WebPage","@id":"https:\/\/www.aedashomes.com\/blog\/para-que-medimos-la-industrializacion-de-un-edificio\/","url":"https:\/\/www.aedashomes.com\/blog\/para-que-medimos-la-industrializacion-de-un-edificio\/","name":"\u00bfPara qu\u00e9 medimos la industrializaci\u00f3n de un edificio? - AEDAS Homes Blog","isPartOf":{"@id":"https:\/\/www.aedashomes.com\/blog\/#website"},"primaryImageOfPage":{"@id":"https:\/\/www.aedashomes.com\/blog\/para-que-medimos-la-industrializacion-de-un-edificio\/#primaryimage"},"image":{"@id":"https:\/\/www.aedashomes.com\/blog\/para-que-medimos-la-industrializacion-de-un-edificio\/#primaryimage"},"thumbnailUrl":"https:\/\/www.aedashomes.com\/blog\/wp-content\/uploads\/2025\/04\/JMQ.jpeg","datePublished":"2025-04-28T09:57:16+00:00","dateModified":"2026-04-22T07:23:08+00:00","author":{"@id":"https:\/\/www.aedashomes.com\/blog\/#\/schema\/person\/3943511ba2e912cf5f6ba43a52940713"},"description":"Descubre c\u00f3mo medir el grado de industrializaci\u00f3n en la construcci\u00f3n para impulsar sostenibilidad, eficiencia e inversi\u00f3n.","breadcrumb":{"@id":"https:\/\/www.aedashomes.com\/blog\/para-que-medimos-la-industrializacion-de-un-edificio\/#breadcrumb"},"inLanguage":"es","potentialAction":[{"@type":"ReadAction","target":["https:\/\/www.aedashomes.com\/blog\/para-que-medimos-la-industrializacion-de-un-edificio\/"]}]},{"@type":"ImageObject","inLanguage":"es","@id":"https:\/\/www.aedashomes.com\/blog\/para-que-medimos-la-industrializacion-de-un-edificio\/#primaryimage","url":"https:\/\/www.aedashomes.com\/blog\/wp-content\/uploads\/2025\/04\/JMQ.jpeg","contentUrl":"https:\/\/www.aedashomes.com\/blog\/wp-content\/uploads\/2025\/04\/JMQ.jpeg","width":807,"height":605,"caption":"Curso de T\u00e9cnico Especialista en Construcci\u00f3n Industrializada"},{"@type":"BreadcrumbList","@id":"https:\/\/www.aedashomes.com\/blog\/para-que-medimos-la-industrializacion-de-un-edificio\/#breadcrumb","itemListElement":[{"@type":"ListItem","position":1,"name":"Blog","item":"https:\/\/www.aedashomes.com\/blog\/"},{"@type":"ListItem","position":2,"name":"AEDAS News","item":"https:\/\/www.aedashomes.com\/blog\/noticias-inmobiliarias\/"},{"@type":"ListItem","position":3,"name":"\u00bfPara qu\u00e9 medimos la industrializaci\u00f3n de un edificio?"}]},{"@type":"WebSite","@id":"https:\/\/www.aedashomes.com\/blog\/#website","url":"https:\/\/www.aedashomes.com\/blog\/","name":"AEDAS Homes Blog","description":"El blog de la promotora inmobiliaria AEDAS Homes","potentialAction":[{"@type":"SearchAction","target":{"@type":"EntryPoint","urlTemplate":"https:\/\/www.aedashomes.com\/blog\/?s={search_term_string}"},"query-input":{"@type":"PropertyValueSpecification","valueRequired":true,"valueName":"search_term_string"}}],"inLanguage":"es"},{"@type":"Person","@id":"https:\/\/www.aedashomes.com\/blog\/#\/schema\/person\/3943511ba2e912cf5f6ba43a52940713","name":"-","image":{"@type":"ImageObject","inLanguage":"es","@id":"https:\/\/www.aedashomes.com\/blog\/#\/schema\/person\/image\/","url":"https:\/\/secure.gravatar.com\/avatar\/9a98fc972c3ec2b91fdfd2a81c93ee3fc7c04aeefac4d931b43205ed61d9e009?s=96&d=mm&r=g","contentUrl":"https:\/\/secure.gravatar.com\/avatar\/9a98fc972c3ec2b91fdfd2a81c93ee3fc7c04aeefac4d931b43205ed61d9e009?s=96&d=mm&r=g","caption":"-"},"url":"https:\/\/www.aedashomes.com\/blog\/author\/idento\/"}]}},"_links":{"self":[{"href":"https:\/\/www.aedashomes.com\/blog\/wp-json\/wp\/v2\/posts\/18552","targetHints":{"allow":["GET"]}}],"collection":[{"href":"https:\/\/www.aedashomes.com\/blog\/wp-json\/wp\/v2\/posts"}],"about":[{"href":"https:\/\/www.aedashomes.com\/blog\/wp-json\/wp\/v2\/types\/post"}],"author":[{"embeddable":true,"href":"https:\/\/www.aedashomes.com\/blog\/wp-json\/wp\/v2\/users\/15"}],"replies":[{"embeddable":true,"href":"https:\/\/www.aedashomes.com\/blog\/wp-json\/wp\/v2\/comments?post=18552"}],"version-history":[{"count":5,"href":"https:\/\/www.aedashomes.com\/blog\/wp-json\/wp\/v2\/posts\/18552\/revisions"}],"predecessor-version":[{"id":19281,"href":"https:\/\/www.aedashomes.com\/blog\/wp-json\/wp\/v2\/posts\/18552\/revisions\/19281"}],"wp:attachment":[{"href":"https:\/\/www.aedashomes.com\/blog\/wp-json\/wp\/v2\/media?parent=18552"}],"wp:term":[{"taxonomy":"category","embeddable":true,"href":"https:\/\/www.aedashomes.com\/blog\/wp-json\/wp\/v2\/categories?post=18552"},{"taxonomy":"post_tag","embeddable":true,"href":"https:\/\/www.aedashomes.com\/blog\/wp-json\/wp\/v2\/tags?post=18552"}],"curies":[{"name":"wp","href":"https:\/\/api.w.org\/{rel}","templated":true}]}}