{"id":18629,"date":"2025-05-23T11:02:58","date_gmt":"2025-05-23T10:02:58","guid":{"rendered":"https:\/\/www.aedashomes.com\/blog\/?p=18629"},"modified":"2025-05-26T16:54:42","modified_gmt":"2025-05-26T15:54:42","slug":"probablemente-estemos-ante-la-ultima-generacion-de-ceos-con-una-fuerza-laboral-100-humana","status":"publish","type":"post","link":"https:\/\/www.aedashomes.com\/blog\/probablemente-estemos-ante-la-ultima-generacion-de-ceos-con-una-fuerza-laboral-100-humana\/","title":{"rendered":"\u201cProbablemente estemos ante la \u00faltima generaci\u00f3n de CEOs con una fuerza laboral 100% humana\u201d"},"content":{"rendered":"<p>\u00bfEn qu\u00e9 momento se encuentra el sector a nivel innovaci\u00f3n digital? Con esta pregunta arranc\u00f3 la charla sobre el \u2018Impacto de la IA y otras tecnolog\u00edas en los procesos del negocio de la promoci\u00f3n inmobiliaria\u2019, en la que particip\u00f3 Jorge Valero, Director de Aplicaciones y Data de AEDAS Homes, y que se celebr\u00f3 en el marco del SIMAPro 2025.<\/p>\n<p>Jorge Valero respondi\u00f3 a esta pregunta inicial explicando que, tal y como se hab\u00eda se\u00f1alado en la \u00faltima edici\u00f3n del foro econ\u00f3mico Davos, \u201cen cinco a\u00f1os, casi el 60% de los trabajadores de cualquier empresa va a tener que formarse en IA para estar a la altura de las necesidades de ese momento, independientemente de la edad, formaci\u00f3n, sector o \u00e1rea de trabajo\u201d. \u201cDe hecho,<strong> la IA y el Big Data ser\u00e1n las \u00e1reas m\u00e1s demandadas de las core skills en 2030<\/strong>\u201d, sentenci\u00f3.<\/p>\n<p>El directivo explic\u00f3 c\u00f3mo<strong> AEDAS Homes ya est\u00e1 trabajando con un equipo humano IA<\/strong> de 12 personas que ha liderado la llegada de cinco Agentes IA a la organizaci\u00f3n para optimizar procesos en distintas \u00e1reas internas y externas de la compa\u00f1\u00eda. \u201cCon la llegada de los primeros Agentes IA estamos viviendo, probablemente, <strong>la \u00faltima generaci\u00f3n de CEOs que van a liderar una fuerza laboral 100% humana<\/strong>\u201d.<\/p>\n<p><img loading=\"lazy\" decoding=\"async\" class=\"aligncenter wp-image-18681 size-us_580_350_crop\" src=\"https:\/\/www.aedashomes.com\/blog\/wp-content\/uploads\/2025\/05\/4E1A0542-580x350.jpg\" alt=\"\" width=\"580\" height=\"350\" \/><\/p>\n<h2>La formaci\u00f3n en IA y la resistencia al cambio<\/h2>\n<p>Al preguntar sobre las barreras que se pueden encontrar las compa\u00f1\u00edas con la implantaci\u00f3n de la IA, Jorge Valero respondi\u00f3 que \u201clos empleados deben aprender a usar esta tecnolog\u00eda adecuadamente, querer usarla y acostumbrarse a ella, y eso es uno de los mayores retos\u201d. \u201c<strong>Hablamos de la habitual resistencia al cambio<\/strong>, pero estamos convencidos de que cuando la integren en el d\u00eda a d\u00eda de su trabajo ya no querr\u00e1n dejar de usarla\u201d, asegur\u00f3.<\/p>\n<p>Para sortear esta barrera, el Director de Aplicaciones y Data de AEDAS Homes apremi\u00f3 a las organizaciones a acompa\u00f1ar en el uso y formaci\u00f3n de los empleados en IA. \u201cEs crucial y tenemos que <strong>provocar el cambio desde arriba<\/strong>\u201d, afirm\u00f3.<\/p>\n<p>Sobre los costes en proyectos IA, todos los ponentes en el debate estuvieron de acuerdo en que lo importante es elegir bien cu\u00e1l de todas las tecnolog\u00edas disponibles es la mejor para cada proceso. \u201c<strong>El coste de equivocarse es relativamente bajo<\/strong>. Hay que probar. No hay referencias y trabajamos sobre folio en blanco. Por este motivo, resulta fundamental tener muy claros los objetivos\u201d, concluy\u00f3 Jorge Valero.<\/p>\n<p>Junto al directivo de AEDAS Homes participaron en la ponencia: Lucas Gal\u00e1n, Director de Producto e Innovaci\u00f3n de Neinor Homes; Roger Pratdesaba, COO &amp; Products Lead de CEI Europe; e Ignacio Valero, Director de Proyectos de LIS Data Solutions. Marcos S\u00e1nchez Foncueva, Director Corporativo de SERANCO, actu\u00f3 como moderador.<\/p>\n<p>&nbsp;<\/p>\n","protected":false},"excerpt":{"rendered":"<p>\u00bfEn qu\u00e9 momento se encuentra el sector a nivel innovaci\u00f3n digital? Con esta pregunta arranc\u00f3 la charla sobre el \u2018Impacto de la IA y otras tecnolog\u00edas en los procesos del negocio de la promoci\u00f3n inmobiliaria\u2019, en la que particip\u00f3 Jorge Valero, Director de Aplicaciones y Data de AEDAS Homes, y que se celebr\u00f3 en el&#8230;<\/p>\n","protected":false},"author":15,"featured_media":18683,"comment_status":"closed","ping_status":"closed","sticky":false,"template":"","format":"standard","meta":{"_acf_changed":false,"footnotes":""},"categories":[209],"tags":[],"class_list":["post-18629","post","type-post","status-publish","format-standard","has-post-thumbnail","hentry","category-noticias-inmobiliarias"],"acf":[],"yoast_head":"<!-- This site is optimized with the Yoast SEO plugin v27.0 - https:\/\/yoast.com\/product\/yoast-seo-wordpress\/ -->\n<title>\u00daltima generaci\u00f3n de CEOs 100% humanos | AEDAS Homes Blog<\/title>\n<meta name=\"description\" content=\"La IA irrumpe en el sector inmobiliario: cambia el liderazgo, los procesos y la formaci\u00f3n. \u00bfEstamos ante el fin de los equipos 100% humanos?\" \/>\n<meta name=\"robots\" content=\"index, follow, max-snippet:-1, max-image-preview:large, max-video-preview:-1\" \/>\n<link rel=\"canonical\" href=\"https:\/\/www.aedashomes.com\/blog\/probablemente-estemos-ante-la-ultima-generacion-de-ceos-con-una-fuerza-laboral-100-humana\/\" \/>\n<meta property=\"og:locale\" content=\"es_ES\" \/>\n<meta property=\"og:type\" content=\"article\" \/>\n<meta property=\"og:title\" content=\"\u00daltima generaci\u00f3n de CEOs 100% humanos | AEDAS Homes Blog\" \/>\n<meta property=\"og:description\" content=\"La IA irrumpe en el sector inmobiliario: cambia el liderazgo, los procesos y la formaci\u00f3n. \u00bfEstamos ante el fin de los equipos 100% humanos?\" \/>\n<meta property=\"og:url\" content=\"https:\/\/www.aedashomes.com\/blog\/probablemente-estemos-ante-la-ultima-generacion-de-ceos-con-una-fuerza-laboral-100-humana\/\" \/>\n<meta property=\"og:site_name\" content=\"AEDAS Homes Blog\" \/>\n<meta property=\"article:publisher\" content=\"https:\/\/www.facebook.com\/aedashomes\/\" \/>\n<meta property=\"article:published_time\" content=\"2025-05-23T10:02:58+00:00\" \/>\n<meta property=\"article:modified_time\" content=\"2025-05-26T15:54:42+00:00\" \/>\n<meta property=\"og:image\" content=\"https:\/\/www.aedashomes.com\/blog\/wp-content\/uploads\/2025\/05\/4E1A0541-1.jpg\" \/>\n\t<meta property=\"og:image:width\" content=\"908\" \/>\n\t<meta property=\"og:image:height\" content=\"605\" \/>\n\t<meta property=\"og:image:type\" content=\"image\/jpeg\" \/>\n<meta name=\"author\" content=\"-\" \/>\n<meta name=\"twitter:card\" content=\"summary_large_image\" \/>\n<meta name=\"twitter:label1\" content=\"Escrito por\" \/>\n\t<meta name=\"twitter:data1\" content=\"-\" \/>\n\t<meta name=\"twitter:label2\" content=\"Tiempo de lectura\" \/>\n\t<meta name=\"twitter:data2\" content=\"3 minutos\" \/>\n<script type=\"application\/ld+json\" class=\"yoast-schema-graph\">{\"@context\":\"https:\/\/schema.org\",\"@graph\":[{\"@type\":\"Article\",\"@id\":\"https:\/\/www.aedashomes.com\/blog\/probablemente-estemos-ante-la-ultima-generacion-de-ceos-con-una-fuerza-laboral-100-humana\/#article\",\"isPartOf\":{\"@id\":\"https:\/\/www.aedashomes.com\/blog\/probablemente-estemos-ante-la-ultima-generacion-de-ceos-con-una-fuerza-laboral-100-humana\/\"},\"author\":{\"name\":\"-\",\"@id\":\"https:\/\/www.aedashomes.com\/blog\/#\/schema\/person\/3943511ba2e912cf5f6ba43a52940713\"},\"headline\":\"\u201cProbablemente estemos ante la \u00faltima generaci\u00f3n de CEOs con una fuerza laboral 100% humana\u201d\",\"datePublished\":\"2025-05-23T10:02:58+00:00\",\"dateModified\":\"2025-05-26T15:54:42+00:00\",\"mainEntityOfPage\":{\"@id\":\"https:\/\/www.aedashomes.com\/blog\/probablemente-estemos-ante-la-ultima-generacion-de-ceos-con-una-fuerza-laboral-100-humana\/\"},\"wordCount\":485,\"image\":{\"@id\":\"https:\/\/www.aedashomes.com\/blog\/probablemente-estemos-ante-la-ultima-generacion-de-ceos-con-una-fuerza-laboral-100-humana\/#primaryimage\"},\"thumbnailUrl\":\"https:\/\/www.aedashomes.com\/blog\/wp-content\/uploads\/2025\/05\/4E1A0541-1.jpg\",\"articleSection\":[\"AEDAS News\"],\"inLanguage\":\"es\"},{\"@type\":\"WebPage\",\"@id\":\"https:\/\/www.aedashomes.com\/blog\/probablemente-estemos-ante-la-ultima-generacion-de-ceos-con-una-fuerza-laboral-100-humana\/\",\"url\":\"https:\/\/www.aedashomes.com\/blog\/probablemente-estemos-ante-la-ultima-generacion-de-ceos-con-una-fuerza-laboral-100-humana\/\",\"name\":\"\u00daltima generaci\u00f3n de CEOs 100% humanos | AEDAS Homes Blog\",\"isPartOf\":{\"@id\":\"https:\/\/www.aedashomes.com\/blog\/#website\"},\"primaryImageOfPage\":{\"@id\":\"https:\/\/www.aedashomes.com\/blog\/probablemente-estemos-ante-la-ultima-generacion-de-ceos-con-una-fuerza-laboral-100-humana\/#primaryimage\"},\"image\":{\"@id\":\"https:\/\/www.aedashomes.com\/blog\/probablemente-estemos-ante-la-ultima-generacion-de-ceos-con-una-fuerza-laboral-100-humana\/#primaryimage\"},\"thumbnailUrl\":\"https:\/\/www.aedashomes.com\/blog\/wp-content\/uploads\/2025\/05\/4E1A0541-1.jpg\",\"datePublished\":\"2025-05-23T10:02:58+00:00\",\"dateModified\":\"2025-05-26T15:54:42+00:00\",\"author\":{\"@id\":\"https:\/\/www.aedashomes.com\/blog\/#\/schema\/person\/3943511ba2e912cf5f6ba43a52940713\"},\"description\":\"La IA irrumpe en el sector inmobiliario: cambia el liderazgo, los procesos y la formaci\u00f3n. \u00bfEstamos ante el fin de los equipos 100% humanos?\",\"breadcrumb\":{\"@id\":\"https:\/\/www.aedashomes.com\/blog\/probablemente-estemos-ante-la-ultima-generacion-de-ceos-con-una-fuerza-laboral-100-humana\/#breadcrumb\"},\"inLanguage\":\"es\",\"potentialAction\":[{\"@type\":\"ReadAction\",\"target\":[\"https:\/\/www.aedashomes.com\/blog\/probablemente-estemos-ante-la-ultima-generacion-de-ceos-con-una-fuerza-laboral-100-humana\/\"]}]},{\"@type\":\"ImageObject\",\"inLanguage\":\"es\",\"@id\":\"https:\/\/www.aedashomes.com\/blog\/probablemente-estemos-ante-la-ultima-generacion-de-ceos-con-una-fuerza-laboral-100-humana\/#primaryimage\",\"url\":\"https:\/\/www.aedashomes.com\/blog\/wp-content\/uploads\/2025\/05\/4E1A0541-1.jpg\",\"contentUrl\":\"https:\/\/www.aedashomes.com\/blog\/wp-content\/uploads\/2025\/05\/4E1A0541-1.jpg\",\"width\":908,\"height\":605},{\"@type\":\"BreadcrumbList\",\"@id\":\"https:\/\/www.aedashomes.com\/blog\/probablemente-estemos-ante-la-ultima-generacion-de-ceos-con-una-fuerza-laboral-100-humana\/#breadcrumb\",\"itemListElement\":[{\"@type\":\"ListItem\",\"position\":1,\"name\":\"Blog\",\"item\":\"https:\/\/www.aedashomes.com\/blog\/\"},{\"@type\":\"ListItem\",\"position\":2,\"name\":\"AEDAS News\",\"item\":\"https:\/\/www.aedashomes.com\/blog\/noticias-inmobiliarias\/\"},{\"@type\":\"ListItem\",\"position\":3,\"name\":\"\u201cProbablemente estemos ante la \u00faltima generaci\u00f3n de CEOs con una fuerza laboral 100% humana\u201d\"}]},{\"@type\":\"WebSite\",\"@id\":\"https:\/\/www.aedashomes.com\/blog\/#website\",\"url\":\"https:\/\/www.aedashomes.com\/blog\/\",\"name\":\"AEDAS Homes Blog\",\"description\":\"El blog de la promotora inmobiliaria AEDAS Homes\",\"potentialAction\":[{\"@type\":\"SearchAction\",\"target\":{\"@type\":\"EntryPoint\",\"urlTemplate\":\"https:\/\/www.aedashomes.com\/blog\/?s={search_term_string}\"},\"query-input\":{\"@type\":\"PropertyValueSpecification\",\"valueRequired\":true,\"valueName\":\"search_term_string\"}}],\"inLanguage\":\"es\"},{\"@type\":\"Person\",\"@id\":\"https:\/\/www.aedashomes.com\/blog\/#\/schema\/person\/3943511ba2e912cf5f6ba43a52940713\",\"name\":\"-\",\"image\":{\"@type\":\"ImageObject\",\"inLanguage\":\"es\",\"@id\":\"https:\/\/www.aedashomes.com\/blog\/#\/schema\/person\/image\/\",\"url\":\"https:\/\/secure.gravatar.com\/avatar\/9a98fc972c3ec2b91fdfd2a81c93ee3fc7c04aeefac4d931b43205ed61d9e009?s=96&d=mm&r=g\",\"contentUrl\":\"https:\/\/secure.gravatar.com\/avatar\/9a98fc972c3ec2b91fdfd2a81c93ee3fc7c04aeefac4d931b43205ed61d9e009?s=96&d=mm&r=g\",\"caption\":\"-\"},\"url\":\"https:\/\/www.aedashomes.com\/blog\/author\/idento\/\"}]}<\/script>\n<!-- \/ Yoast SEO plugin. -->","yoast_head_json":{"title":"\u00daltima generaci\u00f3n de CEOs 100% humanos | AEDAS Homes Blog","description":"La IA irrumpe en el sector inmobiliario: cambia el liderazgo, los procesos y la formaci\u00f3n. \u00bfEstamos ante el fin de los equipos 100% humanos?","robots":{"index":"index","follow":"follow","max-snippet":"max-snippet:-1","max-image-preview":"max-image-preview:large","max-video-preview":"max-video-preview:-1"},"canonical":"https:\/\/www.aedashomes.com\/blog\/probablemente-estemos-ante-la-ultima-generacion-de-ceos-con-una-fuerza-laboral-100-humana\/","og_locale":"es_ES","og_type":"article","og_title":"\u00daltima generaci\u00f3n de CEOs 100% humanos | AEDAS Homes Blog","og_description":"La IA irrumpe en el sector inmobiliario: cambia el liderazgo, los procesos y la formaci\u00f3n. \u00bfEstamos ante el fin de los equipos 100% humanos?","og_url":"https:\/\/www.aedashomes.com\/blog\/probablemente-estemos-ante-la-ultima-generacion-de-ceos-con-una-fuerza-laboral-100-humana\/","og_site_name":"AEDAS Homes Blog","article_publisher":"https:\/\/www.facebook.com\/aedashomes\/","article_published_time":"2025-05-23T10:02:58+00:00","article_modified_time":"2025-05-26T15:54:42+00:00","og_image":[{"width":908,"height":605,"url":"https:\/\/www.aedashomes.com\/blog\/wp-content\/uploads\/2025\/05\/4E1A0541-1.jpg","type":"image\/jpeg"}],"author":"-","twitter_card":"summary_large_image","twitter_misc":{"Escrito por":"-","Tiempo de lectura":"3 minutos"},"schema":{"@context":"https:\/\/schema.org","@graph":[{"@type":"Article","@id":"https:\/\/www.aedashomes.com\/blog\/probablemente-estemos-ante-la-ultima-generacion-de-ceos-con-una-fuerza-laboral-100-humana\/#article","isPartOf":{"@id":"https:\/\/www.aedashomes.com\/blog\/probablemente-estemos-ante-la-ultima-generacion-de-ceos-con-una-fuerza-laboral-100-humana\/"},"author":{"name":"-","@id":"https:\/\/www.aedashomes.com\/blog\/#\/schema\/person\/3943511ba2e912cf5f6ba43a52940713"},"headline":"\u201cProbablemente estemos ante la \u00faltima generaci\u00f3n de CEOs con una fuerza laboral 100% humana\u201d","datePublished":"2025-05-23T10:02:58+00:00","dateModified":"2025-05-26T15:54:42+00:00","mainEntityOfPage":{"@id":"https:\/\/www.aedashomes.com\/blog\/probablemente-estemos-ante-la-ultima-generacion-de-ceos-con-una-fuerza-laboral-100-humana\/"},"wordCount":485,"image":{"@id":"https:\/\/www.aedashomes.com\/blog\/probablemente-estemos-ante-la-ultima-generacion-de-ceos-con-una-fuerza-laboral-100-humana\/#primaryimage"},"thumbnailUrl":"https:\/\/www.aedashomes.com\/blog\/wp-content\/uploads\/2025\/05\/4E1A0541-1.jpg","articleSection":["AEDAS News"],"inLanguage":"es"},{"@type":"WebPage","@id":"https:\/\/www.aedashomes.com\/blog\/probablemente-estemos-ante-la-ultima-generacion-de-ceos-con-una-fuerza-laboral-100-humana\/","url":"https:\/\/www.aedashomes.com\/blog\/probablemente-estemos-ante-la-ultima-generacion-de-ceos-con-una-fuerza-laboral-100-humana\/","name":"\u00daltima generaci\u00f3n de CEOs 100% humanos | AEDAS Homes Blog","isPartOf":{"@id":"https:\/\/www.aedashomes.com\/blog\/#website"},"primaryImageOfPage":{"@id":"https:\/\/www.aedashomes.com\/blog\/probablemente-estemos-ante-la-ultima-generacion-de-ceos-con-una-fuerza-laboral-100-humana\/#primaryimage"},"image":{"@id":"https:\/\/www.aedashomes.com\/blog\/probablemente-estemos-ante-la-ultima-generacion-de-ceos-con-una-fuerza-laboral-100-humana\/#primaryimage"},"thumbnailUrl":"https:\/\/www.aedashomes.com\/blog\/wp-content\/uploads\/2025\/05\/4E1A0541-1.jpg","datePublished":"2025-05-23T10:02:58+00:00","dateModified":"2025-05-26T15:54:42+00:00","author":{"@id":"https:\/\/www.aedashomes.com\/blog\/#\/schema\/person\/3943511ba2e912cf5f6ba43a52940713"},"description":"La IA irrumpe en el sector inmobiliario: cambia el liderazgo, los procesos y la formaci\u00f3n. \u00bfEstamos ante el fin de los equipos 100% humanos?","breadcrumb":{"@id":"https:\/\/www.aedashomes.com\/blog\/probablemente-estemos-ante-la-ultima-generacion-de-ceos-con-una-fuerza-laboral-100-humana\/#breadcrumb"},"inLanguage":"es","potentialAction":[{"@type":"ReadAction","target":["https:\/\/www.aedashomes.com\/blog\/probablemente-estemos-ante-la-ultima-generacion-de-ceos-con-una-fuerza-laboral-100-humana\/"]}]},{"@type":"ImageObject","inLanguage":"es","@id":"https:\/\/www.aedashomes.com\/blog\/probablemente-estemos-ante-la-ultima-generacion-de-ceos-con-una-fuerza-laboral-100-humana\/#primaryimage","url":"https:\/\/www.aedashomes.com\/blog\/wp-content\/uploads\/2025\/05\/4E1A0541-1.jpg","contentUrl":"https:\/\/www.aedashomes.com\/blog\/wp-content\/uploads\/2025\/05\/4E1A0541-1.jpg","width":908,"height":605},{"@type":"BreadcrumbList","@id":"https:\/\/www.aedashomes.com\/blog\/probablemente-estemos-ante-la-ultima-generacion-de-ceos-con-una-fuerza-laboral-100-humana\/#breadcrumb","itemListElement":[{"@type":"ListItem","position":1,"name":"Blog","item":"https:\/\/www.aedashomes.com\/blog\/"},{"@type":"ListItem","position":2,"name":"AEDAS News","item":"https:\/\/www.aedashomes.com\/blog\/noticias-inmobiliarias\/"},{"@type":"ListItem","position":3,"name":"\u201cProbablemente estemos ante la \u00faltima generaci\u00f3n de CEOs con una fuerza laboral 100% humana\u201d"}]},{"@type":"WebSite","@id":"https:\/\/www.aedashomes.com\/blog\/#website","url":"https:\/\/www.aedashomes.com\/blog\/","name":"AEDAS Homes Blog","description":"El blog de la promotora inmobiliaria AEDAS Homes","potentialAction":[{"@type":"SearchAction","target":{"@type":"EntryPoint","urlTemplate":"https:\/\/www.aedashomes.com\/blog\/?s={search_term_string}"},"query-input":{"@type":"PropertyValueSpecification","valueRequired":true,"valueName":"search_term_string"}}],"inLanguage":"es"},{"@type":"Person","@id":"https:\/\/www.aedashomes.com\/blog\/#\/schema\/person\/3943511ba2e912cf5f6ba43a52940713","name":"-","image":{"@type":"ImageObject","inLanguage":"es","@id":"https:\/\/www.aedashomes.com\/blog\/#\/schema\/person\/image\/","url":"https:\/\/secure.gravatar.com\/avatar\/9a98fc972c3ec2b91fdfd2a81c93ee3fc7c04aeefac4d931b43205ed61d9e009?s=96&d=mm&r=g","contentUrl":"https:\/\/secure.gravatar.com\/avatar\/9a98fc972c3ec2b91fdfd2a81c93ee3fc7c04aeefac4d931b43205ed61d9e009?s=96&d=mm&r=g","caption":"-"},"url":"https:\/\/www.aedashomes.com\/blog\/author\/idento\/"}]}},"_links":{"self":[{"href":"https:\/\/www.aedashomes.com\/blog\/wp-json\/wp\/v2\/posts\/18629","targetHints":{"allow":["GET"]}}],"collection":[{"href":"https:\/\/www.aedashomes.com\/blog\/wp-json\/wp\/v2\/posts"}],"about":[{"href":"https:\/\/www.aedashomes.com\/blog\/wp-json\/wp\/v2\/types\/post"}],"author":[{"embeddable":true,"href":"https:\/\/www.aedashomes.com\/blog\/wp-json\/wp\/v2\/users\/15"}],"replies":[{"embeddable":true,"href":"https:\/\/www.aedashomes.com\/blog\/wp-json\/wp\/v2\/comments?post=18629"}],"version-history":[{"count":9,"href":"https:\/\/www.aedashomes.com\/blog\/wp-json\/wp\/v2\/posts\/18629\/revisions"}],"predecessor-version":[{"id":18684,"href":"https:\/\/www.aedashomes.com\/blog\/wp-json\/wp\/v2\/posts\/18629\/revisions\/18684"}],"wp:featuredmedia":[{"embeddable":true,"href":"https:\/\/www.aedashomes.com\/blog\/wp-json\/wp\/v2\/media\/18683"}],"wp:attachment":[{"href":"https:\/\/www.aedashomes.com\/blog\/wp-json\/wp\/v2\/media?parent=18629"}],"wp:term":[{"taxonomy":"category","embeddable":true,"href":"https:\/\/www.aedashomes.com\/blog\/wp-json\/wp\/v2\/categories?post=18629"},{"taxonomy":"post_tag","embeddable":true,"href":"https:\/\/www.aedashomes.com\/blog\/wp-json\/wp\/v2\/tags?post=18629"}],"curies":[{"name":"wp","href":"https:\/\/api.w.org\/{rel}","templated":true}]}}