{"id":2320,"date":"2018-06-12T10:38:18","date_gmt":"2018-06-12T09:38:18","guid":{"rendered":"http:\/\/www.aedashomes.com\/blog\/?p=2320"},"modified":"2022-02-14T18:41:33","modified_gmt":"2022-02-14T17:41:33","slug":"interex-forum-malaga-empresas-networking","status":"publish","type":"post","link":"https:\/\/www.aedashomes.com\/blog\/interex-forum-malaga-empresas-networking\/","title":{"rendered":"AEDAS Homes patrocina INTEREX F\u00f3rum, primer Foro Internacional Diplom\u00e1tico y Empresarial"},"content":{"rendered":"<p><a href=\"https:\/\/www.aedashomes.com\"><strong>AEDAS Homes<\/strong><\/a> patrocina <strong>INTEREX F\u00f3rum<\/strong>, el primer Foro Internacional Diplom\u00e1tico y Empresarial que tendr\u00e1 lugar en M\u00e1laga durante los d\u00edas <strong>14 y 15 de junio<\/strong> en el Palacio de Ferias y Congresos. Esta cita, a la que se ha inscrito casi un millar de personas, est\u00e1 llamada a convertirse en un esencial punto de encuentro para empresarios que deseen ampliar sus contactos entre los expertos de 40 pa\u00edses que participan en las jornadas.<\/p>\n<figure id=\"attachment_2327\" aria-describedby=\"caption-attachment-2327\" style=\"width: 300px\" class=\"wp-caption alignleft\"><img loading=\"lazy\" decoding=\"async\" class=\"wp-image-2327 size-medium\" src=\"https:\/\/www.aedashomes.com\/blog\/wp-content\/uploads\/2018\/06\/aedas-homes-interex-forum2018-3-300x190.jpg\" alt=\"\" width=\"300\" height=\"190\" srcset=\"https:\/\/www.aedashomes.com\/blog\/wp-content\/uploads\/2018\/06\/aedas-homes-interex-forum2018-3-300x190.jpg 300w, https:\/\/www.aedashomes.com\/blog\/wp-content\/uploads\/2018\/06\/aedas-homes-interex-forum2018-3-768x486.jpg 768w, https:\/\/www.aedashomes.com\/blog\/wp-content\/uploads\/2018\/06\/aedas-homes-interex-forum2018-3.jpg 913w\" sizes=\"auto, (max-width: 300px) 100vw, 300px\" \/><figcaption id=\"caption-attachment-2327\" class=\"wp-caption-text\">INTEREX F\u00f3rum se celebrar\u00e1 los d\u00edas 14 y 15 de junio en el Palacio de Ferias y Congresos<\/figcaption><\/figure>\n<p>La iniciativa, impulsada por el Cuerpo Consular de M\u00e1laga, ha sido apoyada por instituciones y empresas privadas que han visto en ella una oportunidad de <strong>explorar nuevas v\u00edas de negocio<\/strong>. En su af\u00e1n constante por la innovaci\u00f3n y la mejora, AEDAS Homes actuar\u00e1 como patrocinadora de este foro empresarial.<\/p>\n<p>\u201cEste Foro pretende ser el <strong>mayor Networking Internacional<\/strong> que se lleve a cabo en Espa\u00f1a\u201d, afirma Pedro Meg\u00edas, presidente de INTEREX F\u00f3rum 2018 y Decano del Cuerpo Consular acreditado en M\u00e1laga. Para logar su objetivo, el comit\u00e9 organizador pondr\u00e1 a disposici\u00f3n de los asistentes ponencias, mesas redondas e incluso encuentros gastron\u00f3micos que sirvan como plataforma para que los empresarios presenten sus productos y accedan a potenciales clientes interesados en ellos. AEDAS Homes, \u00fanica promotora que participar\u00e1 en INTEREX F\u00f3rum, contar\u00e1 con un stand donde ofrecer\u00e1 informaci\u00f3n sobre sus <a href=\"https:\/\/www.aedashomes.com\/viviendas-obra-nueva-malaga-provincia\"><strong>promociones en la Costa del Sol<\/strong><\/a>.<\/p>\n<figure id=\"attachment_2344\" aria-describedby=\"caption-attachment-2344\" style=\"width: 900px\" class=\"wp-caption aligncenter\"><img loading=\"lazy\" decoding=\"async\" class=\"size-large wp-image-2344\" src=\"https:\/\/www.aedashomes.com\/blog\/wp-content\/uploads\/2018\/06\/aedas-homes-interex-forum2018-4-1024x768.jpg\" alt=\"\" width=\"900\" height=\"675\" srcset=\"https:\/\/www.aedashomes.com\/blog\/wp-content\/uploads\/2018\/06\/aedas-homes-interex-forum2018-4-1024x768.jpg 1024w, https:\/\/www.aedashomes.com\/blog\/wp-content\/uploads\/2018\/06\/aedas-homes-interex-forum2018-4-300x225.jpg 300w, https:\/\/www.aedashomes.com\/blog\/wp-content\/uploads\/2018\/06\/aedas-homes-interex-forum2018-4-768x576.jpg 768w, https:\/\/www.aedashomes.com\/blog\/wp-content\/uploads\/2018\/06\/aedas-homes-interex-forum2018-4.jpg 807w\" sizes=\"auto, (max-width: 900px) 100vw, 900px\" \/><figcaption id=\"caption-attachment-2344\" class=\"wp-caption-text\">Silvia S\u00e1nchez, Directora Territorial de AEDAS Homes en Costa del Sol, presenta la primera mesa del INTEREX F\u00f3rum 2018<\/figcaption><\/figure>\n<p>\u00abNos parece muy interesante y las sinergias pueden ser muy buenas\u00bb, augura <strong>Silvia S\u00e1nchez, Directora Territorial de AEDAS Homes en la Costa del Sol<\/strong>, sobre las relaciones de negocio que pueden establecerse en un evento como este. Ella ser\u00e1 la encargada de presentar la mesa \u2018Desarrollo Urban\u00edstico e Infraestructuras \/ Caso de \u00e9xito: \u00c1frica\u2019 que abrir\u00e1 la primera sesi\u00f3n del INTEREX F\u00f3rum. El moderador ser\u00e1 Nicol\u00e1s Molina, responsable legal de PwC en M\u00e1laga; y los intervinientes ser\u00e1n Jes\u00fas Jim\u00e9nez \u2013Director de Alianzas Estrat\u00e9gicas y Relaciones Institucionales de QWMI\u2013; Ana Beatriz Jordao-Carneiro \u2013Jefa de Servicio del Departamento de Cooperaci\u00f3n Multilateral de la AECID\u2013; y Jos\u00e9 Manuel L\u00f3pez Zarco \u2013Architect Project Manager Professional en Arksur Planning SL\u2013.<\/p>\n<p>&nbsp;<\/p>\n<p><img loading=\"lazy\" decoding=\"async\" class=\"aligncenter size-full wp-image-2321\" src=\"https:\/\/www.aedashomes.com\/blog\/wp-content\/uploads\/2018\/06\/aedas-homes-interex-forum2018.jpg\" alt=\"\" width=\"986\" height=\"438\" srcset=\"https:\/\/www.aedashomes.com\/blog\/wp-content\/uploads\/2018\/06\/aedas-homes-interex-forum2018.jpg 986w, https:\/\/www.aedashomes.com\/blog\/wp-content\/uploads\/2018\/06\/aedas-homes-interex-forum2018-300x133.jpg 300w, https:\/\/www.aedashomes.com\/blog\/wp-content\/uploads\/2018\/06\/aedas-homes-interex-forum2018-768x341.jpg 768w\" sizes=\"auto, (max-width: 986px) 100vw, 986px\" \/><\/p>\n<p>Al encuentro han asistido 26 embajadores y 70 agregados comerciales. Adem\u00e1s, acuden&nbsp;<strong>pa\u00edses de los cinco continentes<\/strong>, y entre las naciones que tendr\u00e1n presencia en este evento patrocinado por AEDAS Homes aparecer\u00e1n Senegal, Suiza, Turqu\u00eda, Ruman\u00eda, Nueva Zelanda, Per\u00fa, M\u00e9xico, Marruecos, Croacia, China, Brasil o Canad\u00e1.<\/p>\n","protected":false},"excerpt":{"rendered":"<p>AEDAS Homes patrocina INTEREX F\u00f3rum, el primer Foro Internacional Diplom\u00e1tico y Empresarial que tendr\u00e1 lugar en M\u00e1laga durante los d\u00edas 14 y 15 de junio en el Palacio de Ferias y Congresos. Esta cita, a la que se ha inscrito casi un millar de personas, est\u00e1 llamada a convertirse en un esencial punto de encuentro&#8230;<\/p>\n","protected":false},"author":15,"featured_media":8604,"comment_status":"closed","ping_status":"open","sticky":false,"template":"","format":"standard","meta":{"_acf_changed":false,"footnotes":""},"categories":[209],"tags":[],"class_list":["post-2320","post","type-post","status-publish","format-standard","has-post-thumbnail","hentry","category-noticias-inmobiliarias"],"acf":[],"yoast_head":"<!-- This site is optimized with the Yoast SEO plugin v27.0 - https:\/\/yoast.com\/product\/yoast-seo-wordpress\/ -->\n<title>AEDAS Homes patrocina el INTEREX F\u00f3rum de M\u00e1laga | AEDAS Homes<\/title>\n<meta name=\"description\" content=\"AEDAS Homes patrocina INTEREX F\u00f3rum, el primer Foro Internacional Diplom\u00e1tico y Empresarial que tendr\u00e1 lugar en M\u00e1laga durante los d\u00edas 14 y 15 de junio en el Palacio de Ferias y Congresos. Esta cita est\u00e1 llamada a convertirse en un esencial punto de networking entre empresarios y clientes.\" \/>\n<meta name=\"robots\" content=\"noindex, follow\" \/>\n<meta property=\"og:locale\" content=\"es_ES\" \/>\n<meta property=\"og:type\" content=\"article\" \/>\n<meta property=\"og:title\" content=\"AEDAS Homes patrocina el INTEREX F\u00f3rum de M\u00e1laga | AEDAS Homes\" \/>\n<meta property=\"og:description\" content=\"AEDAS Homes patrocina INTEREX F\u00f3rum, el primer Foro Internacional Diplom\u00e1tico y Empresarial que tendr\u00e1 lugar en M\u00e1laga durante los d\u00edas 14 y 15 de junio en el Palacio de Ferias y Congresos. Esta cita est\u00e1 llamada a convertirse en un esencial punto de networking entre empresarios y clientes.\" \/>\n<meta property=\"og:url\" content=\"https:\/\/www.aedashomes.com\/blog\/interex-forum-malaga-empresas-networking\/\" \/>\n<meta property=\"og:site_name\" content=\"AEDAS Homes Blog\" \/>\n<meta property=\"article:publisher\" content=\"https:\/\/www.facebook.com\/aedashomes\/\" \/>\n<meta property=\"article:published_time\" content=\"2018-06-12T09:38:18+00:00\" \/>\n<meta property=\"article:modified_time\" content=\"2022-02-14T17:41:33+00:00\" \/>\n<meta property=\"og:image\" content=\"https:\/\/www.aedashomes.com\/blog\/wp-content\/uploads\/2018\/06\/Webp.net-resizeimage-9.jpg\" \/>\n\t<meta property=\"og:image:width\" content=\"1076\" \/>\n\t<meta property=\"og:image:height\" content=\"605\" \/>\n\t<meta property=\"og:image:type\" content=\"image\/jpeg\" \/>\n<meta name=\"author\" content=\"-\" \/>\n<meta name=\"twitter:card\" content=\"summary_large_image\" \/>\n<meta name=\"twitter:label1\" content=\"Escrito por\" \/>\n\t<meta name=\"twitter:data1\" content=\"-\" \/>\n<script type=\"application\/ld+json\" class=\"yoast-schema-graph\">{\"@context\":\"https:\/\/schema.org\",\"@graph\":[{\"@type\":\"Article\",\"@id\":\"https:\/\/www.aedashomes.com\/blog\/interex-forum-malaga-empresas-networking\/#article\",\"isPartOf\":{\"@id\":\"https:\/\/www.aedashomes.com\/blog\/interex-forum-malaga-empresas-networking\/\"},\"author\":{\"name\":\"-\",\"@id\":\"https:\/\/www.aedashomes.com\/blog\/#\/schema\/person\/3943511ba2e912cf5f6ba43a52940713\"},\"headline\":\"AEDAS Homes patrocina INTEREX F\u00f3rum, primer Foro Internacional Diplom\u00e1tico y Empresarial\",\"datePublished\":\"2018-06-12T09:38:18+00:00\",\"dateModified\":\"2022-02-14T17:41:33+00:00\",\"mainEntityOfPage\":{\"@id\":\"https:\/\/www.aedashomes.com\/blog\/interex-forum-malaga-empresas-networking\/\"},\"wordCount\":473,\"image\":{\"@id\":\"https:\/\/www.aedashomes.com\/blog\/interex-forum-malaga-empresas-networking\/#primaryimage\"},\"thumbnailUrl\":\"https:\/\/www.aedashomes.com\/blog\/wp-content\/uploads\/2018\/06\/Webp.net-resizeimage-9.jpg\",\"articleSection\":[\"AEDAS News\"],\"inLanguage\":\"es\"},{\"@type\":\"WebPage\",\"@id\":\"https:\/\/www.aedashomes.com\/blog\/interex-forum-malaga-empresas-networking\/\",\"url\":\"https:\/\/www.aedashomes.com\/blog\/interex-forum-malaga-empresas-networking\/\",\"name\":\"AEDAS Homes patrocina el INTEREX F\u00f3rum de M\u00e1laga | AEDAS Homes\",\"isPartOf\":{\"@id\":\"https:\/\/www.aedashomes.com\/blog\/#website\"},\"primaryImageOfPage\":{\"@id\":\"https:\/\/www.aedashomes.com\/blog\/interex-forum-malaga-empresas-networking\/#primaryimage\"},\"image\":{\"@id\":\"https:\/\/www.aedashomes.com\/blog\/interex-forum-malaga-empresas-networking\/#primaryimage\"},\"thumbnailUrl\":\"https:\/\/www.aedashomes.com\/blog\/wp-content\/uploads\/2018\/06\/Webp.net-resizeimage-9.jpg\",\"datePublished\":\"2018-06-12T09:38:18+00:00\",\"dateModified\":\"2022-02-14T17:41:33+00:00\",\"author\":{\"@id\":\"https:\/\/www.aedashomes.com\/blog\/#\/schema\/person\/3943511ba2e912cf5f6ba43a52940713\"},\"description\":\"AEDAS Homes patrocina INTEREX F\u00f3rum, el primer Foro Internacional Diplom\u00e1tico y Empresarial que tendr\u00e1 lugar en M\u00e1laga durante los d\u00edas 14 y 15 de junio en el Palacio de Ferias y Congresos. Esta cita est\u00e1 llamada a convertirse en un esencial punto de networking entre empresarios y clientes.\",\"breadcrumb\":{\"@id\":\"https:\/\/www.aedashomes.com\/blog\/interex-forum-malaga-empresas-networking\/#breadcrumb\"},\"inLanguage\":\"es\",\"potentialAction\":[{\"@type\":\"ReadAction\",\"target\":[\"https:\/\/www.aedashomes.com\/blog\/interex-forum-malaga-empresas-networking\/\"]}]},{\"@type\":\"ImageObject\",\"inLanguage\":\"es\",\"@id\":\"https:\/\/www.aedashomes.com\/blog\/interex-forum-malaga-empresas-networking\/#primaryimage\",\"url\":\"https:\/\/www.aedashomes.com\/blog\/wp-content\/uploads\/2018\/06\/Webp.net-resizeimage-9.jpg\",\"contentUrl\":\"https:\/\/www.aedashomes.com\/blog\/wp-content\/uploads\/2018\/06\/Webp.net-resizeimage-9.jpg\",\"width\":1076,\"height\":605},{\"@type\":\"BreadcrumbList\",\"@id\":\"https:\/\/www.aedashomes.com\/blog\/interex-forum-malaga-empresas-networking\/#breadcrumb\",\"itemListElement\":[{\"@type\":\"ListItem\",\"position\":1,\"name\":\"Blog\",\"item\":\"https:\/\/www.aedashomes.com\/blog\/\"},{\"@type\":\"ListItem\",\"position\":2,\"name\":\"AEDAS News\",\"item\":\"https:\/\/www.aedashomes.com\/blog\/noticias-inmobiliarias\/\"},{\"@type\":\"ListItem\",\"position\":3,\"name\":\"AEDAS Homes patrocina INTEREX F\u00f3rum, primer Foro Internacional Diplom\u00e1tico y Empresarial\"}]},{\"@type\":\"WebSite\",\"@id\":\"https:\/\/www.aedashomes.com\/blog\/#website\",\"url\":\"https:\/\/www.aedashomes.com\/blog\/\",\"name\":\"AEDAS Homes Blog\",\"description\":\"El blog de la promotora inmobiliaria AEDAS Homes\",\"potentialAction\":[{\"@type\":\"SearchAction\",\"target\":{\"@type\":\"EntryPoint\",\"urlTemplate\":\"https:\/\/www.aedashomes.com\/blog\/?s={search_term_string}\"},\"query-input\":{\"@type\":\"PropertyValueSpecification\",\"valueRequired\":true,\"valueName\":\"search_term_string\"}}],\"inLanguage\":\"es\"},{\"@type\":\"Person\",\"@id\":\"https:\/\/www.aedashomes.com\/blog\/#\/schema\/person\/3943511ba2e912cf5f6ba43a52940713\",\"name\":\"-\",\"image\":{\"@type\":\"ImageObject\",\"inLanguage\":\"es\",\"@id\":\"https:\/\/www.aedashomes.com\/blog\/#\/schema\/person\/image\/\",\"url\":\"https:\/\/secure.gravatar.com\/avatar\/9a98fc972c3ec2b91fdfd2a81c93ee3fc7c04aeefac4d931b43205ed61d9e009?s=96&d=mm&r=g\",\"contentUrl\":\"https:\/\/secure.gravatar.com\/avatar\/9a98fc972c3ec2b91fdfd2a81c93ee3fc7c04aeefac4d931b43205ed61d9e009?s=96&d=mm&r=g\",\"caption\":\"-\"},\"url\":\"https:\/\/www.aedashomes.com\/blog\/author\/idento\/\"}]}<\/script>\n<!-- \/ Yoast SEO plugin. -->","yoast_head_json":{"title":"AEDAS Homes patrocina el INTEREX F\u00f3rum de M\u00e1laga | AEDAS Homes","description":"AEDAS Homes patrocina INTEREX F\u00f3rum, el primer Foro Internacional Diplom\u00e1tico y Empresarial que tendr\u00e1 lugar en M\u00e1laga durante los d\u00edas 14 y 15 de junio en el Palacio de Ferias y Congresos. Esta cita est\u00e1 llamada a convertirse en un esencial punto de networking entre empresarios y clientes.","robots":{"index":"noindex","follow":"follow"},"og_locale":"es_ES","og_type":"article","og_title":"AEDAS Homes patrocina el INTEREX F\u00f3rum de M\u00e1laga | AEDAS Homes","og_description":"AEDAS Homes patrocina INTEREX F\u00f3rum, el primer Foro Internacional Diplom\u00e1tico y Empresarial que tendr\u00e1 lugar en M\u00e1laga durante los d\u00edas 14 y 15 de junio en el Palacio de Ferias y Congresos. Esta cita est\u00e1 llamada a convertirse en un esencial punto de networking entre empresarios y clientes.","og_url":"https:\/\/www.aedashomes.com\/blog\/interex-forum-malaga-empresas-networking\/","og_site_name":"AEDAS Homes Blog","article_publisher":"https:\/\/www.facebook.com\/aedashomes\/","article_published_time":"2018-06-12T09:38:18+00:00","article_modified_time":"2022-02-14T17:41:33+00:00","og_image":[{"width":1076,"height":605,"url":"https:\/\/www.aedashomes.com\/blog\/wp-content\/uploads\/2018\/06\/Webp.net-resizeimage-9.jpg","type":"image\/jpeg"}],"author":"-","twitter_card":"summary_large_image","twitter_misc":{"Escrito por":"-"},"schema":{"@context":"https:\/\/schema.org","@graph":[{"@type":"Article","@id":"https:\/\/www.aedashomes.com\/blog\/interex-forum-malaga-empresas-networking\/#article","isPartOf":{"@id":"https:\/\/www.aedashomes.com\/blog\/interex-forum-malaga-empresas-networking\/"},"author":{"name":"-","@id":"https:\/\/www.aedashomes.com\/blog\/#\/schema\/person\/3943511ba2e912cf5f6ba43a52940713"},"headline":"AEDAS Homes patrocina INTEREX F\u00f3rum, primer Foro Internacional Diplom\u00e1tico y Empresarial","datePublished":"2018-06-12T09:38:18+00:00","dateModified":"2022-02-14T17:41:33+00:00","mainEntityOfPage":{"@id":"https:\/\/www.aedashomes.com\/blog\/interex-forum-malaga-empresas-networking\/"},"wordCount":473,"image":{"@id":"https:\/\/www.aedashomes.com\/blog\/interex-forum-malaga-empresas-networking\/#primaryimage"},"thumbnailUrl":"https:\/\/www.aedashomes.com\/blog\/wp-content\/uploads\/2018\/06\/Webp.net-resizeimage-9.jpg","articleSection":["AEDAS News"],"inLanguage":"es"},{"@type":"WebPage","@id":"https:\/\/www.aedashomes.com\/blog\/interex-forum-malaga-empresas-networking\/","url":"https:\/\/www.aedashomes.com\/blog\/interex-forum-malaga-empresas-networking\/","name":"AEDAS Homes patrocina el INTEREX F\u00f3rum de M\u00e1laga | AEDAS Homes","isPartOf":{"@id":"https:\/\/www.aedashomes.com\/blog\/#website"},"primaryImageOfPage":{"@id":"https:\/\/www.aedashomes.com\/blog\/interex-forum-malaga-empresas-networking\/#primaryimage"},"image":{"@id":"https:\/\/www.aedashomes.com\/blog\/interex-forum-malaga-empresas-networking\/#primaryimage"},"thumbnailUrl":"https:\/\/www.aedashomes.com\/blog\/wp-content\/uploads\/2018\/06\/Webp.net-resizeimage-9.jpg","datePublished":"2018-06-12T09:38:18+00:00","dateModified":"2022-02-14T17:41:33+00:00","author":{"@id":"https:\/\/www.aedashomes.com\/blog\/#\/schema\/person\/3943511ba2e912cf5f6ba43a52940713"},"description":"AEDAS Homes patrocina INTEREX F\u00f3rum, el primer Foro Internacional Diplom\u00e1tico y Empresarial que tendr\u00e1 lugar en M\u00e1laga durante los d\u00edas 14 y 15 de junio en el Palacio de Ferias y Congresos. Esta cita est\u00e1 llamada a convertirse en un esencial punto de networking entre empresarios y clientes.","breadcrumb":{"@id":"https:\/\/www.aedashomes.com\/blog\/interex-forum-malaga-empresas-networking\/#breadcrumb"},"inLanguage":"es","potentialAction":[{"@type":"ReadAction","target":["https:\/\/www.aedashomes.com\/blog\/interex-forum-malaga-empresas-networking\/"]}]},{"@type":"ImageObject","inLanguage":"es","@id":"https:\/\/www.aedashomes.com\/blog\/interex-forum-malaga-empresas-networking\/#primaryimage","url":"https:\/\/www.aedashomes.com\/blog\/wp-content\/uploads\/2018\/06\/Webp.net-resizeimage-9.jpg","contentUrl":"https:\/\/www.aedashomes.com\/blog\/wp-content\/uploads\/2018\/06\/Webp.net-resizeimage-9.jpg","width":1076,"height":605},{"@type":"BreadcrumbList","@id":"https:\/\/www.aedashomes.com\/blog\/interex-forum-malaga-empresas-networking\/#breadcrumb","itemListElement":[{"@type":"ListItem","position":1,"name":"Blog","item":"https:\/\/www.aedashomes.com\/blog\/"},{"@type":"ListItem","position":2,"name":"AEDAS News","item":"https:\/\/www.aedashomes.com\/blog\/noticias-inmobiliarias\/"},{"@type":"ListItem","position":3,"name":"AEDAS Homes patrocina INTEREX F\u00f3rum, primer Foro Internacional Diplom\u00e1tico y Empresarial"}]},{"@type":"WebSite","@id":"https:\/\/www.aedashomes.com\/blog\/#website","url":"https:\/\/www.aedashomes.com\/blog\/","name":"AEDAS Homes Blog","description":"El blog de la promotora inmobiliaria AEDAS Homes","potentialAction":[{"@type":"SearchAction","target":{"@type":"EntryPoint","urlTemplate":"https:\/\/www.aedashomes.com\/blog\/?s={search_term_string}"},"query-input":{"@type":"PropertyValueSpecification","valueRequired":true,"valueName":"search_term_string"}}],"inLanguage":"es"},{"@type":"Person","@id":"https:\/\/www.aedashomes.com\/blog\/#\/schema\/person\/3943511ba2e912cf5f6ba43a52940713","name":"-","image":{"@type":"ImageObject","inLanguage":"es","@id":"https:\/\/www.aedashomes.com\/blog\/#\/schema\/person\/image\/","url":"https:\/\/secure.gravatar.com\/avatar\/9a98fc972c3ec2b91fdfd2a81c93ee3fc7c04aeefac4d931b43205ed61d9e009?s=96&d=mm&r=g","contentUrl":"https:\/\/secure.gravatar.com\/avatar\/9a98fc972c3ec2b91fdfd2a81c93ee3fc7c04aeefac4d931b43205ed61d9e009?s=96&d=mm&r=g","caption":"-"},"url":"https:\/\/www.aedashomes.com\/blog\/author\/idento\/"}]}},"_links":{"self":[{"href":"https:\/\/www.aedashomes.com\/blog\/wp-json\/wp\/v2\/posts\/2320","targetHints":{"allow":["GET"]}}],"collection":[{"href":"https:\/\/www.aedashomes.com\/blog\/wp-json\/wp\/v2\/posts"}],"about":[{"href":"https:\/\/www.aedashomes.com\/blog\/wp-json\/wp\/v2\/types\/post"}],"author":[{"embeddable":true,"href":"https:\/\/www.aedashomes.com\/blog\/wp-json\/wp\/v2\/users\/15"}],"replies":[{"embeddable":true,"href":"https:\/\/www.aedashomes.com\/blog\/wp-json\/wp\/v2\/comments?post=2320"}],"version-history":[{"count":11,"href":"https:\/\/www.aedashomes.com\/blog\/wp-json\/wp\/v2\/posts\/2320\/revisions"}],"predecessor-version":[{"id":13317,"href":"https:\/\/www.aedashomes.com\/blog\/wp-json\/wp\/v2\/posts\/2320\/revisions\/13317"}],"wp:featuredmedia":[{"embeddable":true,"href":"https:\/\/www.aedashomes.com\/blog\/wp-json\/wp\/v2\/media\/8604"}],"wp:attachment":[{"href":"https:\/\/www.aedashomes.com\/blog\/wp-json\/wp\/v2\/media?parent=2320"}],"wp:term":[{"taxonomy":"category","embeddable":true,"href":"https:\/\/www.aedashomes.com\/blog\/wp-json\/wp\/v2\/categories?post=2320"},{"taxonomy":"post_tag","embeddable":true,"href":"https:\/\/www.aedashomes.com\/blog\/wp-json\/wp\/v2\/tags?post=2320"}],"curies":[{"name":"wp","href":"https:\/\/api.w.org\/{rel}","templated":true}]}}