{"id":2429,"date":"2018-07-04T08:55:43","date_gmt":"2018-07-04T07:55:43","guid":{"rendered":"http:\/\/www.aedashomes.com\/blog\/?p=2429"},"modified":"2022-04-13T23:33:33","modified_gmt":"2022-04-13T22:33:33","slug":"bled-pueblo-mas-bonito-verano-instagram","status":"publish","type":"post","link":"https:\/\/www.aedashomes.com\/blog\/bled-pueblo-mas-bonito-verano-instagram\/","title":{"rendered":"As\u00ed es Bled, el pueblo m\u00e1s bonito del verano seg\u00fan Instagram"},"content":{"rendered":"<p>Con la llegada de las vacaciones, las<strong> redes sociales<\/strong> se llenan de im\u00e1genes donde las playas, la monta\u00f1a y los paisajes de ensue\u00f1o se convierten en protagonistas. De hecho, seg\u00fan un estudio publicado por Booking, el <a href=\"https:\/\/news.booking.com\/tu-proximo-destino-lo-decidiran-las-redes-sociales\/\" target=\"_blank\" rel=\"noopener noreferrer nofollow\"><strong>44 % de los viajeros millennials<\/strong><\/a> escoge su destino teniendo en cuenta estas plataformas con la mente puesta en lo bonitas que puedan salir las fotos que luego compartir\u00e1n con sus seguidores.<\/p>\n<p>A tenor de este dato, <strong>Bled<\/strong> tiene todas las papeletas para seguir acumulando m\u00e1s y m\u00e1s visitantes a lo largo del a\u00f1o. Esta peque\u00f1a localidad situada en Eslovenia ha sido elegida por Instagram como el <strong>pueblo m\u00e1s bonito del verano<\/strong>. Solo hace falta ver las fotos de sus dominios para darse cuenta del motivo: la diminuta isla en mitad del lago hom\u00f3nimo, con su iglesia en medio, acapara todas las miradas.<\/p>\n<blockquote class=\"instagram-media\" style=\"background: #FFF; border: 0; border-radius: 3px; box-shadow: 0 0 1px 0 rgba(0,0,0,0.5),0 1px 10px 0 rgba(0,0,0,0.15); margin: 1px; max-width: 658px; padding: 0; width: calc(100% - 2px);\" data-instgrm-captioned=\"\" data-instgrm-permalink=\"https:\/\/www.instagram.com\/p\/BbpRkC2gKiz\/\" data-instgrm-version=\"8\">\n<div style=\"padding: 8px;\">\n<div style=\"background: #F8F8F8; line-height: 0; margin-top: 40px; padding: 62.5% 0; text-align: center; width: 100%;\">\n<div style=\"background: url(data:image\/png; base64,ivborw0kggoaaaansuheugaaacwaaaascamaaaapwqozaaaabgdbtueaalgpc\/xhbqaaaafzukdcak7ohokaaaamuexurczmzpf399fx1+bm5mzy9amaaadisurbvdjlvzxbesmgces5\/p8\/t9furvcrmu73jwlzosgsiizurcjo\/ad+eqjjb4hv8bft+idpqocx1wjosbfhh2xssxeiyn3uli\/6mnree07uiwjev8ueowds88ly97kqytlijkktuybbruayvh5wohixmpi5we58ek028czwyuqdlkpg1bkb4nnm+veanfhqn1k4+gpt6ugqcvu2h2ovuif\/gwufyy8owepdyzsa3avcqpvovvzzz2vtnn2wu8qzvjddeto90gsy9mvlqtgysy231mxry6i2ggqjrty0l8fxcxfcbbhwrsyyaaaaaelftksuqmcc); display: block; height: 44px; margin: 0 auto -44px; position: relative; top: -22px; width: 44px;\"><\/div>\n<\/div>\n<\/div>\n<\/blockquote>\n<p><script async=\"\" defer=\"\" src=\"\/\/www.instagram.com\/embed.js\"><\/script><\/p>\n<p>La belleza de Bled es tal que incluso dispone de una <a href=\"https:\/\/www.instagram.com\/accounts\/login\/?next=\/bledslovenia\/\" target=\"_blank\" rel=\"noopener noreferrer nofollow\"><strong>cuenta de Instagram propia<\/strong><\/a> donde cuelga instant\u00e1neas de <strong>m\u00e1gica apariencia<\/strong>. Con un sol espl\u00e9ndido, tomas nocturnas, planos detalle\u2026 Da lo mismo el tipo de fotograf\u00eda que se ofrezca desde esta p\u00e1gina: todas son espectaculares y acumulan miles de <em>likes<\/em>.<\/p>\n<blockquote class=\"instagram-media\" style=\"background: #FFF; border: 0; border-radius: 3px; box-shadow: 0 0 1px 0 rgba(0,0,0,0.5),0 1px 10px 0 rgba(0,0,0,0.15); margin: 1px; max-width: 658px; padding: 0; width: calc(100% - 2px);\" data-instgrm-captioned=\"\" data-instgrm-permalink=\"https:\/\/www.instagram.com\/p\/BbtMHIWAOdw\/\" data-instgrm-version=\"8\">\n<div style=\"padding: 8px;\">\n<div style=\"background: #F8F8F8; line-height: 0; margin-top: 40px; padding: 62.5% 0; text-align: center; width: 100%;\">\n<div style=\"background: url(data:image\/png; base64,ivborw0kggoaaaansuheugaaacwaaaascamaaaapwqozaaaabgdbtueaalgpc\/xhbqaaaafzukdcak7ohokaaaamuexurczmzpf399fx1+bm5mzy9amaaadisurbvdjlvzxbesmgces5\/p8\/t9furvcrmu73jwlzosgsiizurcjo\/ad+eqjjb4hv8bft+idpqocx1wjosbfhh2xssxeiyn3uli\/6mnree07uiwjev8ueowds88ly97kqytlijkktuybbruayvh5wohixmpi5we58ek028czwyuqdlkpg1bkb4nnm+veanfhqn1k4+gpt6ugqcvu2h2ovuif\/gwufyy8owepdyzsa3avcqpvovvzzz2vtnn2wu8qzvjddeto90gsy9mvlqtgysy231mxry6i2ggqjrty0l8fxcxfcbbhwrsyyaaaaaelftksuqmcc); display: block; height: 44px; margin: 0 auto -44px; position: relative; top: -22px; width: 44px;\"><\/div>\n<\/div>\n<p style=\"margin: 8px 0 0 0; padding: 0 4px;\"><a style=\"color: #000; font-family: Arial,sans-serif; font-size: 14px; font-style: normal; font-weight: normal; line-height: 17px; text-decoration: none; word-wrap: break-word;\" href=\"https:\/\/www.instagram.com\/accounts\/login\/?next=\/p\/BbtMHIWAOdw\/\" target=\"_blank\" rel=\"noopener noreferrer nofollow\">Lake Bled is simply magical, don&#8217;t you think? &#x1f60d;&#x1f49c; Thank you @cbezerraphotos for sharing your photo with #lakebled.<\/a><\/p>\n<p style=\"color: #c9c8cd; font-family: Arial,sans-serif; font-size: 14px; line-height: 17px; margin-bottom: 0; margin-top: 8px; overflow: hidden; padding: 8px 0 7px; text-align: center; text-overflow: ellipsis; white-space: nowrap;\">Una publicaci\u00f3n compartida de <a style=\"color: #c9c8cd; font-family: Arial,sans-serif; font-size: 14px; font-style: normal; font-weight: normal; line-height: 17px;\" href=\"https:\/\/www.instagram.com\/accounts\/login\/?next=\/bledslovenia\/\" target=\"_blank\" rel=\"noopener noreferrer nofollow\"> Bled, Slovenia<\/a> (@bledslovenia) el <time style=\"font-family: Arial,sans-serif; font-size: 14px; line-height: 17px;\" datetime=\"2017-11-20T05:55:32+00:00\">19 Nov, 2017 a las 9:55 PST<\/time><\/p>\n<\/div>\n<\/blockquote>\n<p><script async=\"\" defer=\"\" src=\"\/\/www.instagram.com\/embed.js\"><\/script><\/p>\n<p>Entre las m\u00e1s ins\u00f3litas despuntan las que muestran la isla de Bled y su caracter\u00edstica<strong> iglesia de tejado picudo<\/strong>. Estas fotos se pueden tomar desde el castillo de la ciudad, situado sobre un alto acantilado de 130 metros que sirve de plataforma para dejar volar la imaginaci\u00f3n a trav\u00e9s del objetivo de una c\u00e1mara.<\/p>\n<blockquote class=\"instagram-media\" style=\"background: #FFF; border: 0; border-radius: 3px; box-shadow: 0 0 1px 0 rgba(0,0,0,0.5),0 1px 10px 0 rgba(0,0,0,0.15); margin: 1px; max-width: 658px; padding: 0; width: calc(100% - 2px);\" data-instgrm-captioned=\"\" data-instgrm-permalink=\"https:\/\/www.instagram.com\/p\/BabHAfEglk8\/\" data-instgrm-version=\"8\">\n<div style=\"padding: 8px;\">\n<div style=\"background: #F8F8F8; line-height: 0; margin-top: 40px; padding: 34.30555555555556% 0; text-align: center; width: 100%;\">\n<div style=\"background: url(data:image\/png; base64,ivborw0kggoaaaansuheugaaacwaaaascamaaaapwqozaaaabgdbtueaalgpc\/xhbqaaaafzukdcak7ohokaaaamuexurczmzpf399fx1+bm5mzy9amaaadisurbvdjlvzxbesmgces5\/p8\/t9furvcrmu73jwlzosgsiizurcjo\/ad+eqjjb4hv8bft+idpqocx1wjosbfhh2xssxeiyn3uli\/6mnree07uiwjev8ueowds88ly97kqytlijkktuybbruayvh5wohixmpi5we58ek028czwyuqdlkpg1bkb4nnm+veanfhqn1k4+gpt6ugqcvu2h2ovuif\/gwufyy8owepdyzsa3avcqpvovvzzz2vtnn2wu8qzvjddeto90gsy9mvlqtgysy231mxry6i2ggqjrty0l8fxcxfcbbhwrsyyaaaaaelftksuqmcc); display: block; height: 44px; margin: 0 auto -44px; position: relative; top: -22px; width: 44px;\"><\/div>\n<\/div>\n<p style=\"margin: 8px 0 0 0; padding: 0 4px;\"><a style=\"color: #000; font-family: Arial,sans-serif; font-size: 14px; font-style: normal; font-weight: normal; line-height: 17px; text-decoration: none; word-wrap: break-word;\" href=\"https:\/\/www.instagram.com\/accounts\/login\/?next=\/p\/BabHAfEglk8\/\" target=\"_blank\" rel=\"noopener noreferrer nofollow\">Majestic Bled Castle. &#x1f3f0; Thanks @katjagolob94 for sharing your photo with #lakebled.<\/a><\/p>\n<p style=\"color: #c9c8cd; font-family: Arial,sans-serif; font-size: 14px; line-height: 17px; margin-bottom: 0; margin-top: 8px; overflow: hidden; padding: 8px 0 7px; text-align: center; text-overflow: ellipsis; white-space: nowrap;\">Una publicaci\u00f3n compartida de <a style=\"color: #c9c8cd; font-family: Arial,sans-serif; font-size: 14px; font-style: normal; font-weight: normal; line-height: 17px;\" href=\"https:\/\/www.instagram.com\/accounts\/login\/?next=\/bledslovenia\/\" target=\"_blank\" rel=\"noopener noreferrer nofollow\"> Bled, Slovenia<\/a> (@bledslovenia) el <time style=\"font-family: Arial,sans-serif; font-size: 14px; line-height: 17px;\" datetime=\"2017-10-19T08:53:13+00:00\">19 Oct, 2017 a las 1:53 PDT<\/time><\/p>\n<\/div>\n<\/blockquote>\n<p><script async=\"\" defer=\"\" src=\"\/\/www.instagram.com\/embed.js\"><\/script><\/p>\n<p>Con su nombramiento como pueblo m\u00e1s bonito del verano seg\u00fan Instagram, Bled se convierte en compa\u00f1ero de <strong>Hallstatt<\/strong>. Esta localidad austriaca de 800 habitantes fue declarada Patrimonio de la Humanidad en 1997 por la Unesco y, 20 a\u00f1os despu\u00e9s, Instagram la consideraba como el <strong>lugar m\u00e1s bonito de Europa<\/strong>.<\/p>\n<figure id=\"attachment_2434\" aria-describedby=\"caption-attachment-2434\" style=\"width: 879px\" class=\"wp-caption aligncenter\"><img loading=\"lazy\" decoding=\"async\" class=\"size-full wp-image-2434\" src=\"https:\/\/www.aedashomes.com\/blog\/wp-content\/uploads\/2018\/07\/hallstatt-pueblo-mas-bonito-europa-instagram.jpg\" alt=\"\" width=\"879\" height=\"577\" srcset=\"https:\/\/www.aedashomes.com\/blog\/wp-content\/uploads\/2018\/07\/hallstatt-pueblo-mas-bonito-europa-instagram.jpg 879w, https:\/\/www.aedashomes.com\/blog\/wp-content\/uploads\/2018\/07\/hallstatt-pueblo-mas-bonito-europa-instagram-300x197.jpg 300w, https:\/\/www.aedashomes.com\/blog\/wp-content\/uploads\/2018\/07\/hallstatt-pueblo-mas-bonito-europa-instagram-768x504.jpg 768w\" sizes=\"auto, (max-width: 879px) 100vw, 879px\" \/><figcaption id=\"caption-attachment-2434\" class=\"wp-caption-text\">Instagram nombr\u00f3 en 2017 a Hallstatt como el pueblo m\u00e1s bonito de Europa<\/figcaption><\/figure>\n<p>Seguro que, si est\u00e1s buscando <strong>destino para tus vacaciones<\/strong> y ves las im\u00e1genes de ambos pueblos, te costar\u00e1 quedarte con solo uno. Tranquilo porque, si tienes tiempo, solo tendr\u00e1s que recorrer los 220 kil\u00f3metros que separan a Bled y Hallstatt para llenar tus redes sociales con sus preciosas fotos.<\/p>\n<p><iframe loading=\"lazy\" style=\"border: 0;\" src=\"https:\/\/www.google.com\/maps\/embed?pb=!1m28!1m12!1m3!1d1390861.609923016!2d12.68754652202896!3d47.08874672842529!2m3!1f0!2f0!3f0!3m2!1i1024!2i768!4f13.1!4m13!3e6!4m5!1s0x4771366f6e414663%3A0x16c165596a26c1ad!2sHallstatt%2C+Austria!3m2!1d47.5622342!2d13.649261699999998!4m5!1s0x477a8e1dd7139961%3A0x400f81c823fec50!2s4260+Bled%2C+Eslovenia!3m2!1d46.368326599999996!2d14.1145798!5e0!3m2!1ses!2ses!4v1530690547894\" width=\"600\" height=\"450\" frameborder=\"0\" allowfullscreen=\"allowfullscreen\"><\/iframe><\/p>\n","protected":false},"excerpt":{"rendered":"<p>Con la llegada de las vacaciones, las redes sociales se llenan de im\u00e1genes donde las playas, la monta\u00f1a y los paisajes de ensue\u00f1o se convierten en protagonistas. De hecho, seg\u00fan un estudio publicado por Booking, el 44 % de los viajeros millennials escoge su destino teniendo en cuenta estas plataformas con la mente puesta en&#8230;<\/p>\n","protected":false},"author":15,"featured_media":2431,"comment_status":"closed","ping_status":"open","sticky":false,"template":"","format":"standard","meta":{"_acf_changed":false,"footnotes":""},"categories":[210,302],"tags":[],"class_list":["post-2429","post","type-post","status-publish","format-standard","has-post-thumbnail","hentry","category-casas-del-mundo","category-lifestyle"],"acf":[],"yoast_head":"<!-- This site is optimized with the Yoast SEO plugin v27.0 - https:\/\/yoast.com\/product\/yoast-seo-wordpress\/ -->\n<title>Bled, el pueblo m\u00e1s bonito del verano seg\u00fan Instagram | AEDAS Homes<\/title>\n<meta name=\"description\" content=\"Bled tiene todas las papeletas para seguir acumulando m\u00e1s y m\u00e1s visitantes a lo largo del a\u00f1o. Esta peque\u00f1a localidad situada en Eslovenia ha sido elegida por Instagram como el pueblo m\u00e1s bonito del verano. Solo hace falta ver las fotos de sus dominios para darse cuenta del motivo. Te las mostramos.\" \/>\n<meta name=\"robots\" content=\"noindex, follow\" \/>\n<meta property=\"og:locale\" content=\"es_ES\" \/>\n<meta property=\"og:type\" content=\"article\" \/>\n<meta property=\"og:title\" content=\"Bled, el pueblo m\u00e1s bonito del verano seg\u00fan Instagram | AEDAS Homes\" \/>\n<meta property=\"og:description\" content=\"Bled tiene todas las papeletas para seguir acumulando m\u00e1s y m\u00e1s visitantes a lo largo del a\u00f1o. Esta peque\u00f1a localidad situada en Eslovenia ha sido elegida por Instagram como el pueblo m\u00e1s bonito del verano. Solo hace falta ver las fotos de sus dominios para darse cuenta del motivo. Te las mostramos.\" \/>\n<meta property=\"og:url\" content=\"https:\/\/www.aedashomes.com\/blog\/bled-pueblo-mas-bonito-verano-instagram\/\" \/>\n<meta property=\"og:site_name\" content=\"AEDAS Homes Blog\" \/>\n<meta property=\"article:publisher\" content=\"https:\/\/www.facebook.com\/aedashomes\/\" \/>\n<meta property=\"article:published_time\" content=\"2018-07-04T07:55:43+00:00\" \/>\n<meta property=\"article:modified_time\" content=\"2022-04-13T22:33:33+00:00\" \/>\n<meta property=\"og:image\" content=\"https:\/\/www.aedashomes.com\/blog\/wp-content\/uploads\/2018\/07\/bled-pueblo-mas-bonito-instagram.jpg\" \/>\n\t<meta property=\"og:image:width\" content=\"1043\" \/>\n\t<meta property=\"og:image:height\" content=\"571\" \/>\n\t<meta property=\"og:image:type\" content=\"image\/jpeg\" \/>\n<meta name=\"author\" content=\"-\" \/>\n<meta name=\"twitter:card\" content=\"summary_large_image\" \/>\n<meta name=\"twitter:label1\" content=\"Escrito por\" \/>\n\t<meta name=\"twitter:data1\" content=\"-\" \/>\n<script type=\"application\/ld+json\" class=\"yoast-schema-graph\">{\"@context\":\"https:\/\/schema.org\",\"@graph\":[{\"@type\":\"Article\",\"@id\":\"https:\/\/www.aedashomes.com\/blog\/bled-pueblo-mas-bonito-verano-instagram\/#article\",\"isPartOf\":{\"@id\":\"https:\/\/www.aedashomes.com\/blog\/bled-pueblo-mas-bonito-verano-instagram\/\"},\"author\":{\"name\":\"-\",\"@id\":\"https:\/\/www.aedashomes.com\/blog\/#\/schema\/person\/3943511ba2e912cf5f6ba43a52940713\"},\"headline\":\"As\u00ed es Bled, el pueblo m\u00e1s bonito del verano seg\u00fan Instagram\",\"datePublished\":\"2018-07-04T07:55:43+00:00\",\"dateModified\":\"2022-04-13T22:33:33+00:00\",\"mainEntityOfPage\":{\"@id\":\"https:\/\/www.aedashomes.com\/blog\/bled-pueblo-mas-bonito-verano-instagram\/\"},\"wordCount\":463,\"image\":{\"@id\":\"https:\/\/www.aedashomes.com\/blog\/bled-pueblo-mas-bonito-verano-instagram\/#primaryimage\"},\"thumbnailUrl\":\"https:\/\/www.aedashomes.com\/blog\/wp-content\/uploads\/2018\/07\/bled-pueblo-mas-bonito-instagram.jpg\",\"articleSection\":[\"Casas del Mundo\",\"Lifestyle\"],\"inLanguage\":\"es\"},{\"@type\":\"WebPage\",\"@id\":\"https:\/\/www.aedashomes.com\/blog\/bled-pueblo-mas-bonito-verano-instagram\/\",\"url\":\"https:\/\/www.aedashomes.com\/blog\/bled-pueblo-mas-bonito-verano-instagram\/\",\"name\":\"Bled, el pueblo m\u00e1s bonito del verano seg\u00fan Instagram | AEDAS Homes\",\"isPartOf\":{\"@id\":\"https:\/\/www.aedashomes.com\/blog\/#website\"},\"primaryImageOfPage\":{\"@id\":\"https:\/\/www.aedashomes.com\/blog\/bled-pueblo-mas-bonito-verano-instagram\/#primaryimage\"},\"image\":{\"@id\":\"https:\/\/www.aedashomes.com\/blog\/bled-pueblo-mas-bonito-verano-instagram\/#primaryimage\"},\"thumbnailUrl\":\"https:\/\/www.aedashomes.com\/blog\/wp-content\/uploads\/2018\/07\/bled-pueblo-mas-bonito-instagram.jpg\",\"datePublished\":\"2018-07-04T07:55:43+00:00\",\"dateModified\":\"2022-04-13T22:33:33+00:00\",\"author\":{\"@id\":\"https:\/\/www.aedashomes.com\/blog\/#\/schema\/person\/3943511ba2e912cf5f6ba43a52940713\"},\"description\":\"Bled tiene todas las papeletas para seguir acumulando m\u00e1s y m\u00e1s visitantes a lo largo del a\u00f1o. Esta peque\u00f1a localidad situada en Eslovenia ha sido elegida por Instagram como el pueblo m\u00e1s bonito del verano. Solo hace falta ver las fotos de sus dominios para darse cuenta del motivo. Te las mostramos.\",\"breadcrumb\":{\"@id\":\"https:\/\/www.aedashomes.com\/blog\/bled-pueblo-mas-bonito-verano-instagram\/#breadcrumb\"},\"inLanguage\":\"es\",\"potentialAction\":[{\"@type\":\"ReadAction\",\"target\":[\"https:\/\/www.aedashomes.com\/blog\/bled-pueblo-mas-bonito-verano-instagram\/\"]}]},{\"@type\":\"ImageObject\",\"inLanguage\":\"es\",\"@id\":\"https:\/\/www.aedashomes.com\/blog\/bled-pueblo-mas-bonito-verano-instagram\/#primaryimage\",\"url\":\"https:\/\/www.aedashomes.com\/blog\/wp-content\/uploads\/2018\/07\/bled-pueblo-mas-bonito-instagram.jpg\",\"contentUrl\":\"https:\/\/www.aedashomes.com\/blog\/wp-content\/uploads\/2018\/07\/bled-pueblo-mas-bonito-instagram.jpg\",\"width\":1043,\"height\":571,\"caption\":\"Bled, el pueblo m\u00e1s bonito del verano seg\u00fan Instagram en 2018\"},{\"@type\":\"BreadcrumbList\",\"@id\":\"https:\/\/www.aedashomes.com\/blog\/bled-pueblo-mas-bonito-verano-instagram\/#breadcrumb\",\"itemListElement\":[{\"@type\":\"ListItem\",\"position\":1,\"name\":\"Blog\",\"item\":\"https:\/\/www.aedashomes.com\/blog\/\"},{\"@type\":\"ListItem\",\"position\":2,\"name\":\"Casas del Mundo\",\"item\":\"https:\/\/www.aedashomes.com\/blog\/casas-del-mundo\/\"},{\"@type\":\"ListItem\",\"position\":3,\"name\":\"As\u00ed es Bled, el pueblo m\u00e1s bonito del verano seg\u00fan Instagram\"}]},{\"@type\":\"WebSite\",\"@id\":\"https:\/\/www.aedashomes.com\/blog\/#website\",\"url\":\"https:\/\/www.aedashomes.com\/blog\/\",\"name\":\"AEDAS Homes Blog\",\"description\":\"El blog de la promotora inmobiliaria AEDAS Homes\",\"potentialAction\":[{\"@type\":\"SearchAction\",\"target\":{\"@type\":\"EntryPoint\",\"urlTemplate\":\"https:\/\/www.aedashomes.com\/blog\/?s={search_term_string}\"},\"query-input\":{\"@type\":\"PropertyValueSpecification\",\"valueRequired\":true,\"valueName\":\"search_term_string\"}}],\"inLanguage\":\"es\"},{\"@type\":\"Person\",\"@id\":\"https:\/\/www.aedashomes.com\/blog\/#\/schema\/person\/3943511ba2e912cf5f6ba43a52940713\",\"name\":\"-\",\"image\":{\"@type\":\"ImageObject\",\"inLanguage\":\"es\",\"@id\":\"https:\/\/www.aedashomes.com\/blog\/#\/schema\/person\/image\/\",\"url\":\"https:\/\/secure.gravatar.com\/avatar\/9a98fc972c3ec2b91fdfd2a81c93ee3fc7c04aeefac4d931b43205ed61d9e009?s=96&d=mm&r=g\",\"contentUrl\":\"https:\/\/secure.gravatar.com\/avatar\/9a98fc972c3ec2b91fdfd2a81c93ee3fc7c04aeefac4d931b43205ed61d9e009?s=96&d=mm&r=g\",\"caption\":\"-\"},\"url\":\"https:\/\/www.aedashomes.com\/blog\/author\/idento\/\"}]}<\/script>\n<!-- \/ Yoast SEO plugin. -->","yoast_head_json":{"title":"Bled, el pueblo m\u00e1s bonito del verano seg\u00fan Instagram | AEDAS Homes","description":"Bled tiene todas las papeletas para seguir acumulando m\u00e1s y m\u00e1s visitantes a lo largo del a\u00f1o. Esta peque\u00f1a localidad situada en Eslovenia ha sido elegida por Instagram como el pueblo m\u00e1s bonito del verano. Solo hace falta ver las fotos de sus dominios para darse cuenta del motivo. Te las mostramos.","robots":{"index":"noindex","follow":"follow"},"og_locale":"es_ES","og_type":"article","og_title":"Bled, el pueblo m\u00e1s bonito del verano seg\u00fan Instagram | AEDAS Homes","og_description":"Bled tiene todas las papeletas para seguir acumulando m\u00e1s y m\u00e1s visitantes a lo largo del a\u00f1o. Esta peque\u00f1a localidad situada en Eslovenia ha sido elegida por Instagram como el pueblo m\u00e1s bonito del verano. Solo hace falta ver las fotos de sus dominios para darse cuenta del motivo. Te las mostramos.","og_url":"https:\/\/www.aedashomes.com\/blog\/bled-pueblo-mas-bonito-verano-instagram\/","og_site_name":"AEDAS Homes Blog","article_publisher":"https:\/\/www.facebook.com\/aedashomes\/","article_published_time":"2018-07-04T07:55:43+00:00","article_modified_time":"2022-04-13T22:33:33+00:00","og_image":[{"width":1043,"height":571,"url":"https:\/\/www.aedashomes.com\/blog\/wp-content\/uploads\/2018\/07\/bled-pueblo-mas-bonito-instagram.jpg","type":"image\/jpeg"}],"author":"-","twitter_card":"summary_large_image","twitter_misc":{"Escrito por":"-"},"schema":{"@context":"https:\/\/schema.org","@graph":[{"@type":"Article","@id":"https:\/\/www.aedashomes.com\/blog\/bled-pueblo-mas-bonito-verano-instagram\/#article","isPartOf":{"@id":"https:\/\/www.aedashomes.com\/blog\/bled-pueblo-mas-bonito-verano-instagram\/"},"author":{"name":"-","@id":"https:\/\/www.aedashomes.com\/blog\/#\/schema\/person\/3943511ba2e912cf5f6ba43a52940713"},"headline":"As\u00ed es Bled, el pueblo m\u00e1s bonito del verano seg\u00fan Instagram","datePublished":"2018-07-04T07:55:43+00:00","dateModified":"2022-04-13T22:33:33+00:00","mainEntityOfPage":{"@id":"https:\/\/www.aedashomes.com\/blog\/bled-pueblo-mas-bonito-verano-instagram\/"},"wordCount":463,"image":{"@id":"https:\/\/www.aedashomes.com\/blog\/bled-pueblo-mas-bonito-verano-instagram\/#primaryimage"},"thumbnailUrl":"https:\/\/www.aedashomes.com\/blog\/wp-content\/uploads\/2018\/07\/bled-pueblo-mas-bonito-instagram.jpg","articleSection":["Casas del Mundo","Lifestyle"],"inLanguage":"es"},{"@type":"WebPage","@id":"https:\/\/www.aedashomes.com\/blog\/bled-pueblo-mas-bonito-verano-instagram\/","url":"https:\/\/www.aedashomes.com\/blog\/bled-pueblo-mas-bonito-verano-instagram\/","name":"Bled, el pueblo m\u00e1s bonito del verano seg\u00fan Instagram | AEDAS Homes","isPartOf":{"@id":"https:\/\/www.aedashomes.com\/blog\/#website"},"primaryImageOfPage":{"@id":"https:\/\/www.aedashomes.com\/blog\/bled-pueblo-mas-bonito-verano-instagram\/#primaryimage"},"image":{"@id":"https:\/\/www.aedashomes.com\/blog\/bled-pueblo-mas-bonito-verano-instagram\/#primaryimage"},"thumbnailUrl":"https:\/\/www.aedashomes.com\/blog\/wp-content\/uploads\/2018\/07\/bled-pueblo-mas-bonito-instagram.jpg","datePublished":"2018-07-04T07:55:43+00:00","dateModified":"2022-04-13T22:33:33+00:00","author":{"@id":"https:\/\/www.aedashomes.com\/blog\/#\/schema\/person\/3943511ba2e912cf5f6ba43a52940713"},"description":"Bled tiene todas las papeletas para seguir acumulando m\u00e1s y m\u00e1s visitantes a lo largo del a\u00f1o. Esta peque\u00f1a localidad situada en Eslovenia ha sido elegida por Instagram como el pueblo m\u00e1s bonito del verano. Solo hace falta ver las fotos de sus dominios para darse cuenta del motivo. Te las mostramos.","breadcrumb":{"@id":"https:\/\/www.aedashomes.com\/blog\/bled-pueblo-mas-bonito-verano-instagram\/#breadcrumb"},"inLanguage":"es","potentialAction":[{"@type":"ReadAction","target":["https:\/\/www.aedashomes.com\/blog\/bled-pueblo-mas-bonito-verano-instagram\/"]}]},{"@type":"ImageObject","inLanguage":"es","@id":"https:\/\/www.aedashomes.com\/blog\/bled-pueblo-mas-bonito-verano-instagram\/#primaryimage","url":"https:\/\/www.aedashomes.com\/blog\/wp-content\/uploads\/2018\/07\/bled-pueblo-mas-bonito-instagram.jpg","contentUrl":"https:\/\/www.aedashomes.com\/blog\/wp-content\/uploads\/2018\/07\/bled-pueblo-mas-bonito-instagram.jpg","width":1043,"height":571,"caption":"Bled, el pueblo m\u00e1s bonito del verano seg\u00fan Instagram en 2018"},{"@type":"BreadcrumbList","@id":"https:\/\/www.aedashomes.com\/blog\/bled-pueblo-mas-bonito-verano-instagram\/#breadcrumb","itemListElement":[{"@type":"ListItem","position":1,"name":"Blog","item":"https:\/\/www.aedashomes.com\/blog\/"},{"@type":"ListItem","position":2,"name":"Casas del Mundo","item":"https:\/\/www.aedashomes.com\/blog\/casas-del-mundo\/"},{"@type":"ListItem","position":3,"name":"As\u00ed es Bled, el pueblo m\u00e1s bonito del verano seg\u00fan Instagram"}]},{"@type":"WebSite","@id":"https:\/\/www.aedashomes.com\/blog\/#website","url":"https:\/\/www.aedashomes.com\/blog\/","name":"AEDAS Homes Blog","description":"El blog de la promotora inmobiliaria AEDAS Homes","potentialAction":[{"@type":"SearchAction","target":{"@type":"EntryPoint","urlTemplate":"https:\/\/www.aedashomes.com\/blog\/?s={search_term_string}"},"query-input":{"@type":"PropertyValueSpecification","valueRequired":true,"valueName":"search_term_string"}}],"inLanguage":"es"},{"@type":"Person","@id":"https:\/\/www.aedashomes.com\/blog\/#\/schema\/person\/3943511ba2e912cf5f6ba43a52940713","name":"-","image":{"@type":"ImageObject","inLanguage":"es","@id":"https:\/\/www.aedashomes.com\/blog\/#\/schema\/person\/image\/","url":"https:\/\/secure.gravatar.com\/avatar\/9a98fc972c3ec2b91fdfd2a81c93ee3fc7c04aeefac4d931b43205ed61d9e009?s=96&d=mm&r=g","contentUrl":"https:\/\/secure.gravatar.com\/avatar\/9a98fc972c3ec2b91fdfd2a81c93ee3fc7c04aeefac4d931b43205ed61d9e009?s=96&d=mm&r=g","caption":"-"},"url":"https:\/\/www.aedashomes.com\/blog\/author\/idento\/"}]}},"_links":{"self":[{"href":"https:\/\/www.aedashomes.com\/blog\/wp-json\/wp\/v2\/posts\/2429","targetHints":{"allow":["GET"]}}],"collection":[{"href":"https:\/\/www.aedashomes.com\/blog\/wp-json\/wp\/v2\/posts"}],"about":[{"href":"https:\/\/www.aedashomes.com\/blog\/wp-json\/wp\/v2\/types\/post"}],"author":[{"embeddable":true,"href":"https:\/\/www.aedashomes.com\/blog\/wp-json\/wp\/v2\/users\/15"}],"replies":[{"embeddable":true,"href":"https:\/\/www.aedashomes.com\/blog\/wp-json\/wp\/v2\/comments?post=2429"}],"version-history":[{"count":9,"href":"https:\/\/www.aedashomes.com\/blog\/wp-json\/wp\/v2\/posts\/2429\/revisions"}],"predecessor-version":[{"id":13235,"href":"https:\/\/www.aedashomes.com\/blog\/wp-json\/wp\/v2\/posts\/2429\/revisions\/13235"}],"wp:featuredmedia":[{"embeddable":true,"href":"https:\/\/www.aedashomes.com\/blog\/wp-json\/wp\/v2\/media\/2431"}],"wp:attachment":[{"href":"https:\/\/www.aedashomes.com\/blog\/wp-json\/wp\/v2\/media?parent=2429"}],"wp:term":[{"taxonomy":"category","embeddable":true,"href":"https:\/\/www.aedashomes.com\/blog\/wp-json\/wp\/v2\/categories?post=2429"},{"taxonomy":"post_tag","embeddable":true,"href":"https:\/\/www.aedashomes.com\/blog\/wp-json\/wp\/v2\/tags?post=2429"}],"curies":[{"name":"wp","href":"https:\/\/api.w.org\/{rel}","templated":true}]}}