{"id":2994,"date":"2018-11-20T10:56:06","date_gmt":"2018-11-20T09:56:06","guid":{"rendered":"http:\/\/www.aedashomes.com\/blog\/?p=2994"},"modified":"2022-11-10T16:23:52","modified_gmt":"2022-11-10T15:23:52","slug":"simed-obra-nueva-malaga-costa-sol","status":"publish","type":"post","link":"https:\/\/www.aedashomes.com\/blog\/simed-obra-nueva-malaga-costa-sol\/","title":{"rendered":"SIMed pone de manifiesto la buena salud del sector inmobiliario en la provincia de M\u00e1laga"},"content":{"rendered":"<p>La <strong>Directora Territorial de AEDAS Homes en M\u00e1laga, Silvia S\u00e1nchez<\/strong>, particip\u00f3 en el Desayuno-Debate Empresarial SIMed\u201918 que sirvi\u00f3 de inauguraci\u00f3n del Sal\u00f3n Inmobiliario del Mediterr\u00e1neo, celebrado en el palacio de Congresos de M\u00e1laga del viernes 16 al domingo 18 de noviembre.<\/p>\n<p><iframe loading=\"lazy\" title=\"AEDAS Homes en SIMed 2018\" width=\"640\" height=\"360\" src=\"https:\/\/www.youtube-nocookie.com\/embed\/N6G3Puzl_Ek?feature=oembed\" frameborder=\"0\" allow=\"accelerometer; autoplay; clipboard-write; encrypted-media; gyroscope; picture-in-picture; web-share\" allowfullscreen><\/iframe><\/p>\n<p>La mesa del <strong>encuentro, organizado por la Asociaci\u00f3n Provincial de Constructores y Promotores de M\u00e1laga (APC M\u00e1laga) <\/strong>y moderado por su Secretaria General, Violeta Arag\u00f3n,&nbsp; cont\u00f3 con invitados muy vinculados con el sector inmobiliario: el economista y colaborador de varios medios de comunicaci\u00f3n Jose Carlos D\u00edez; la Directora de Instituciones y Grandes Cuentas de ST Sociedad de Tasaci\u00f3n, Consuelo Villanueva; el Presidente de la Federaci\u00f3n de Asociaciones de Constructores y Promotores en Andaluc\u00eda (Fadeco), Francisco Mart\u00ednez Ca\u00f1avate; y el experto en fiscalidad y Socio de EMEDE-ETL Global, Juan Manuel del Toro. El Alcalde de M\u00e1laga, Francisco de la Torre, clausur\u00f3 el acto.<\/p>\n<figure id=\"attachment_2995\" aria-describedby=\"caption-attachment-2995\" style=\"width: 1000px\" class=\"wp-caption aligncenter\"><img loading=\"lazy\" decoding=\"async\" class=\"size-full wp-image-2995\" src=\"https:\/\/www.aedashomes.com\/blog\/wp-content\/uploads\/2018\/11\/obra-nueva-costa-sol02.jpg\" alt=\"obra nueva costa sol02\" width=\"1000\" height=\"655\" srcset=\"https:\/\/www.aedashomes.com\/blog\/wp-content\/uploads\/2018\/11\/obra-nueva-costa-sol02.jpg 924w, https:\/\/www.aedashomes.com\/blog\/wp-content\/uploads\/2018\/11\/obra-nueva-costa-sol02-300x197.jpg 300w, https:\/\/www.aedashomes.com\/blog\/wp-content\/uploads\/2018\/11\/obra-nueva-costa-sol02-768x503.jpg 768w\" sizes=\"auto, (max-width: 1000px) 100vw, 1000px\" \/><figcaption id=\"caption-attachment-2995\" class=\"wp-caption-text\">Stand de AEDAS Homes en SIMed<\/figcaption><\/figure>\n<h6><strong>M\u00e1laga, una plaza inmobiliaria con 2 motores<\/strong><\/h6>\n<p>En su intervenci\u00f3n, Silvia S\u00e1nchez destac\u00f3 la singularidad del <a href=\"https:\/\/www.aedashomes.com\/viviendas-obra-nueva-malaga-provincia\"><strong>mercado inmobiliario en la provincia malague\u00f1a<\/strong><\/a>: \u201cM\u00e1laga es una plaza residencial de obra nueva que tiene 2 motores: <strong>la vivienda de primera residencia<\/strong> como en cualquier otro lugar, pero tambi\u00e9n la vivienda residencial y tur\u00edstica de la <strong>Costa del Sol, donde la demanda es pr\u00e1cticamente infinita\u201d.<\/strong><\/p>\n<p>Todos hablaron de la buena salud del sector inmobiliario en la provincia de M\u00e1laga. Desde la APC se aport\u00f3 informaci\u00f3n muy clarificadora al respecto: M\u00e1laga es la segunda provincia con mayor actividad inmobiliaria en base a su poblaci\u00f3n, realizando en <strong>2017 una compraventa por cada 50 habitantes; <\/strong>y ocupa la segunda posici\u00f3n a nivel nacional en lo que se refiera compra de viviendas por <strong>extranjeros, con 9.000 operaciones en 2017.<\/strong><\/p>\n<figure id=\"attachment_2996\" aria-describedby=\"caption-attachment-2996\" style=\"width: 1001px\" class=\"wp-caption aligncenter\"><img loading=\"lazy\" decoding=\"async\" class=\"size-full wp-image-2996\" src=\"https:\/\/www.aedashomes.com\/blog\/wp-content\/uploads\/2018\/11\/obra-nueva-costa-sol03.jpg\" alt=\"obra nueva costa sol03\" width=\"1001\" height=\"650\" srcset=\"https:\/\/www.aedashomes.com\/blog\/wp-content\/uploads\/2018\/11\/obra-nueva-costa-sol03.jpg 932w, https:\/\/www.aedashomes.com\/blog\/wp-content\/uploads\/2018\/11\/obra-nueva-costa-sol03-300x195.jpg 300w, https:\/\/www.aedashomes.com\/blog\/wp-content\/uploads\/2018\/11\/obra-nueva-costa-sol03-768x499.jpg 768w\" sizes=\"auto, (max-width: 1001px) 100vw, 1001px\" \/><figcaption id=\"caption-attachment-2996\" class=\"wp-caption-text\">La promoci\u00f3n South Bay Las Mesas en la pantalla del stand de AEDAS Homes en SIMed<\/figcaption><\/figure>\n<h6><strong>Dos objetivos claros<\/strong><\/h6>\n<p>A pesar de la bondad de la situaci\u00f3n actual, todos los ponentes hicieron hincapi\u00e9 en la <strong>necesidad de que exista la mayor seguridad jur\u00eddica posible tanto para los promotores y constructores como para los compradores de las viviendas<\/strong>. \u201cHay que intentar evitar las curvas que generan los ciclos econ\u00f3micos y, en este sentido, evitar la demora en la concesi\u00f3n de licencias, un tiempo de espera innecesario que irremediablemente se convierte en un mayor coste para el cliente final al incrementar los costes financieros\u201d, puntualiz\u00f3 Silvia S\u00e1nchez.<\/p>\n<p>La Directora Territorial de AEDAS Homes en la Costa del Sol tambi\u00e9n pidi\u00f3 a la Administraci\u00f3n la generaci\u00f3n de mayor cantidad de <strong>suelo finalista<\/strong> para atender a la demanda existente de vivienda en vez de ser un negocio en s\u00ed mismo, \u201calgo que es bastante peligroso para el sector\u201d, apostill\u00f3.<\/p>\n<h6><strong>AEDAS Homes en SIMed<\/strong><\/h6>\n<p>La promotora AEDAS Homes comercializ\u00f3 en SIMed su atractiva y completa oferta de vivienda de obra nueva en la Costa del Sol. <strong>Un escaparate compuesto por 7 promociones con m\u00e1s de 500 propiedades<\/strong>, entre las que despunt\u00f3 <strong><a href=\"https:\/\/www.aedashomes.com\/pisos-en-venta-obra-nueva-kane-malaga\">Kane<\/a><\/strong>, en el barrio de Teatinos de M\u00e1laga capital, como producto estrella. Adem\u00e1s, la compa\u00f1\u00eda present\u00f3 su futuro proyecto en Marbella: Santa Clara Leith Valley, en el nuevo sector Santa Clara <strong>Leith Collection<\/strong>.<\/p>\n<figure id=\"attachment_2997\" aria-describedby=\"caption-attachment-2997\" style=\"width: 1698px\" class=\"wp-caption aligncenter\"><img loading=\"lazy\" decoding=\"async\" class=\"size-full wp-image-2997\" src=\"https:\/\/www.aedashomes.com\/blog\/wp-content\/uploads\/2018\/11\/obra-nueva-costa-sol04.jpg\" alt=\"obra nueva costa sol04\" width=\"1698\" height=\"708\" srcset=\"https:\/\/www.aedashomes.com\/blog\/wp-content\/uploads\/2018\/11\/obra-nueva-costa-sol04.jpg 1445w, https:\/\/www.aedashomes.com\/blog\/wp-content\/uploads\/2018\/11\/obra-nueva-costa-sol04-300x125.jpg 300w, https:\/\/www.aedashomes.com\/blog\/wp-content\/uploads\/2018\/11\/obra-nueva-costa-sol04-768x320.jpg 768w, https:\/\/www.aedashomes.com\/blog\/wp-content\/uploads\/2018\/11\/obra-nueva-costa-sol04-1024x427.jpg 1024w\" sizes=\"auto, (max-width: 1698px) 100vw, 1698px\" \/><figcaption id=\"caption-attachment-2997\" class=\"wp-caption-text\">Piscina de recreo de Kane, en Teatinos (M\u00e1laga).<\/figcaption><\/figure>\n<p>En el stand de AEDAS Homes, de m\u00e1s de 120 m\u00b2 y ubicado en un lugar estrat\u00e9gico del sal\u00f3n, los visitantes tambi\u00e9n pudieron conocer con detalle las espectaculares promociones <strong><a href=\"https:\/\/www.aedashomes.com\/pisos-en-venta-en-estepona-obra-nueva-south-bay-las-mesas\">South Bay Las Mesas<\/a><\/strong> en Estepona; y <strong><a href=\"https:\/\/www.aedashomes.com\/pisos-en-venta-obra-nueva-middel-views-fuengirola-01\">Middle Views<\/a><\/strong>, en Fuengirola.<\/p>\n","protected":false},"excerpt":{"rendered":"<p>La Directora Territorial de AEDAS Homes en M\u00e1laga, Silvia S\u00e1nchez, particip\u00f3 en el Desayuno-Debate Empresarial SIMed\u201918 que sirvi\u00f3 de inauguraci\u00f3n del Sal\u00f3n Inmobiliario del Mediterr\u00e1neo, celebrado en el palacio de Congresos de M\u00e1laga del viernes 16 al domingo 18 de noviembre. La mesa del encuentro, organizado por la Asociaci\u00f3n Provincial de Constructores y Promotores de&#8230;<\/p>\n","protected":false},"author":15,"featured_media":2999,"comment_status":"closed","ping_status":"open","sticky":false,"template":"","format":"standard","meta":{"_acf_changed":false,"footnotes":""},"categories":[209,254,202,200,201,175],"tags":[],"class_list":["post-2994","post","type-post","status-publish","format-standard","has-post-thumbnail","hentry","category-noticias-inmobiliarias","category-promocion-inmobiliaria-kane","category-promocion-inmobiliaria-middel-views","category-promocion-inmobiliaria-south-bay-las-mesas","category-promocion-inmobiliaria-vanian-green-village","category-promociones-costa-del-sol"],"acf":[],"yoast_head":"<!-- This site is optimized with the Yoast SEO plugin v27.0 - https:\/\/yoast.com\/product\/yoast-seo-wordpress\/ -->\n<title>As\u00ed fue la participaci\u00f3n de AEDAS Homes en SiMed | AEDAS Homes<\/title>\n<meta name=\"description\" content=\"AEDAS Homes particip\u00f3 en SIMed, el Sal\u00f3n Inmobiliario del Mediterr\u00e1neo. Te contamos c\u00f3mo fue el evento y te mostramos algunas fotos.\" \/>\n<meta name=\"robots\" content=\"noindex, follow\" \/>\n<meta property=\"og:locale\" content=\"es_ES\" \/>\n<meta property=\"og:type\" content=\"article\" \/>\n<meta property=\"og:title\" content=\"As\u00ed fue la participaci\u00f3n de AEDAS Homes en SiMed | AEDAS Homes\" \/>\n<meta property=\"og:description\" content=\"AEDAS Homes particip\u00f3 en SIMed, el Sal\u00f3n Inmobiliario del Mediterr\u00e1neo. Te contamos c\u00f3mo fue el evento y te mostramos algunas fotos.\" \/>\n<meta property=\"og:url\" content=\"https:\/\/www.aedashomes.com\/blog\/simed-obra-nueva-malaga-costa-sol\/\" \/>\n<meta property=\"og:site_name\" content=\"AEDAS Homes Blog\" \/>\n<meta property=\"article:publisher\" content=\"https:\/\/www.facebook.com\/aedashomes\/\" \/>\n<meta property=\"article:published_time\" content=\"2018-11-20T09:56:06+00:00\" \/>\n<meta property=\"article:modified_time\" content=\"2022-11-10T15:23:52+00:00\" \/>\n<meta property=\"og:image\" content=\"https:\/\/www.aedashomes.com\/blog\/wp-content\/uploads\/2018\/11\/obra-nueva-costa-sol01.jpg\" \/>\n\t<meta property=\"og:image:width\" content=\"1246\" \/>\n\t<meta property=\"og:image:height\" content=\"555\" \/>\n\t<meta property=\"og:image:type\" content=\"image\/jpeg\" \/>\n<meta name=\"author\" content=\"-\" \/>\n<meta name=\"twitter:card\" content=\"summary_large_image\" \/>\n<meta name=\"twitter:label1\" content=\"Escrito por\" \/>\n\t<meta name=\"twitter:data1\" content=\"-\" \/>\n<script type=\"application\/ld+json\" class=\"yoast-schema-graph\">{\"@context\":\"https:\/\/schema.org\",\"@graph\":[{\"@type\":\"Article\",\"@id\":\"https:\/\/www.aedashomes.com\/blog\/simed-obra-nueva-malaga-costa-sol\/#article\",\"isPartOf\":{\"@id\":\"https:\/\/www.aedashomes.com\/blog\/simed-obra-nueva-malaga-costa-sol\/\"},\"author\":{\"name\":\"-\",\"@id\":\"https:\/\/www.aedashomes.com\/blog\/#\/schema\/person\/3943511ba2e912cf5f6ba43a52940713\"},\"headline\":\"SIMed pone de manifiesto la buena salud del sector inmobiliario en la provincia de M\u00e1laga\",\"datePublished\":\"2018-11-20T09:56:06+00:00\",\"dateModified\":\"2022-11-10T15:23:52+00:00\",\"mainEntityOfPage\":{\"@id\":\"https:\/\/www.aedashomes.com\/blog\/simed-obra-nueva-malaga-costa-sol\/\"},\"wordCount\":644,\"image\":{\"@id\":\"https:\/\/www.aedashomes.com\/blog\/simed-obra-nueva-malaga-costa-sol\/#primaryimage\"},\"thumbnailUrl\":\"https:\/\/www.aedashomes.com\/blog\/wp-content\/uploads\/2018\/11\/obra-nueva-costa-sol01.jpg\",\"articleSection\":[\"AEDAS News\",\"Promoci\u00f3n inmobiliaria Kane\",\"Promoci\u00f3n inmobiliaria Middel Views\",\"Promoci\u00f3n inmobiliaria South Bay Las Mesas\",\"Promoci\u00f3n inmobiliaria Vanian Gardens\",\"Promociones en Costa del Sol\"],\"inLanguage\":\"es\"},{\"@type\":\"WebPage\",\"@id\":\"https:\/\/www.aedashomes.com\/blog\/simed-obra-nueva-malaga-costa-sol\/\",\"url\":\"https:\/\/www.aedashomes.com\/blog\/simed-obra-nueva-malaga-costa-sol\/\",\"name\":\"As\u00ed fue la participaci\u00f3n de AEDAS Homes en SiMed | AEDAS Homes\",\"isPartOf\":{\"@id\":\"https:\/\/www.aedashomes.com\/blog\/#website\"},\"primaryImageOfPage\":{\"@id\":\"https:\/\/www.aedashomes.com\/blog\/simed-obra-nueva-malaga-costa-sol\/#primaryimage\"},\"image\":{\"@id\":\"https:\/\/www.aedashomes.com\/blog\/simed-obra-nueva-malaga-costa-sol\/#primaryimage\"},\"thumbnailUrl\":\"https:\/\/www.aedashomes.com\/blog\/wp-content\/uploads\/2018\/11\/obra-nueva-costa-sol01.jpg\",\"datePublished\":\"2018-11-20T09:56:06+00:00\",\"dateModified\":\"2022-11-10T15:23:52+00:00\",\"author\":{\"@id\":\"https:\/\/www.aedashomes.com\/blog\/#\/schema\/person\/3943511ba2e912cf5f6ba43a52940713\"},\"description\":\"AEDAS Homes particip\u00f3 en SIMed, el Sal\u00f3n Inmobiliario del Mediterr\u00e1neo. Te contamos c\u00f3mo fue el evento y te mostramos algunas fotos.\",\"breadcrumb\":{\"@id\":\"https:\/\/www.aedashomes.com\/blog\/simed-obra-nueva-malaga-costa-sol\/#breadcrumb\"},\"inLanguage\":\"es\",\"potentialAction\":[{\"@type\":\"ReadAction\",\"target\":[\"https:\/\/www.aedashomes.com\/blog\/simed-obra-nueva-malaga-costa-sol\/\"]}]},{\"@type\":\"ImageObject\",\"inLanguage\":\"es\",\"@id\":\"https:\/\/www.aedashomes.com\/blog\/simed-obra-nueva-malaga-costa-sol\/#primaryimage\",\"url\":\"https:\/\/www.aedashomes.com\/blog\/wp-content\/uploads\/2018\/11\/obra-nueva-costa-sol01.jpg\",\"contentUrl\":\"https:\/\/www.aedashomes.com\/blog\/wp-content\/uploads\/2018\/11\/obra-nueva-costa-sol01.jpg\",\"width\":1246,\"height\":555,\"caption\":\"obra nueva costa sol01\"},{\"@type\":\"BreadcrumbList\",\"@id\":\"https:\/\/www.aedashomes.com\/blog\/simed-obra-nueva-malaga-costa-sol\/#breadcrumb\",\"itemListElement\":[{\"@type\":\"ListItem\",\"position\":1,\"name\":\"Blog\",\"item\":\"https:\/\/www.aedashomes.com\/blog\/\"},{\"@type\":\"ListItem\",\"position\":2,\"name\":\"AEDAS News\",\"item\":\"https:\/\/www.aedashomes.com\/blog\/noticias-inmobiliarias\/\"},{\"@type\":\"ListItem\",\"position\":3,\"name\":\"SIMed pone de manifiesto la buena salud del sector inmobiliario en la provincia de M\u00e1laga\"}]},{\"@type\":\"WebSite\",\"@id\":\"https:\/\/www.aedashomes.com\/blog\/#website\",\"url\":\"https:\/\/www.aedashomes.com\/blog\/\",\"name\":\"AEDAS Homes Blog\",\"description\":\"El blog de la promotora inmobiliaria AEDAS Homes\",\"potentialAction\":[{\"@type\":\"SearchAction\",\"target\":{\"@type\":\"EntryPoint\",\"urlTemplate\":\"https:\/\/www.aedashomes.com\/blog\/?s={search_term_string}\"},\"query-input\":{\"@type\":\"PropertyValueSpecification\",\"valueRequired\":true,\"valueName\":\"search_term_string\"}}],\"inLanguage\":\"es\"},{\"@type\":\"Person\",\"@id\":\"https:\/\/www.aedashomes.com\/blog\/#\/schema\/person\/3943511ba2e912cf5f6ba43a52940713\",\"name\":\"-\",\"image\":{\"@type\":\"ImageObject\",\"inLanguage\":\"es\",\"@id\":\"https:\/\/www.aedashomes.com\/blog\/#\/schema\/person\/image\/\",\"url\":\"https:\/\/secure.gravatar.com\/avatar\/9a98fc972c3ec2b91fdfd2a81c93ee3fc7c04aeefac4d931b43205ed61d9e009?s=96&d=mm&r=g\",\"contentUrl\":\"https:\/\/secure.gravatar.com\/avatar\/9a98fc972c3ec2b91fdfd2a81c93ee3fc7c04aeefac4d931b43205ed61d9e009?s=96&d=mm&r=g\",\"caption\":\"-\"},\"url\":\"https:\/\/www.aedashomes.com\/blog\/author\/idento\/\"}]}<\/script>\n<!-- \/ Yoast SEO plugin. -->","yoast_head_json":{"title":"As\u00ed fue la participaci\u00f3n de AEDAS Homes en SiMed | AEDAS Homes","description":"AEDAS Homes particip\u00f3 en SIMed, el Sal\u00f3n Inmobiliario del Mediterr\u00e1neo. Te contamos c\u00f3mo fue el evento y te mostramos algunas fotos.","robots":{"index":"noindex","follow":"follow"},"og_locale":"es_ES","og_type":"article","og_title":"As\u00ed fue la participaci\u00f3n de AEDAS Homes en SiMed | AEDAS Homes","og_description":"AEDAS Homes particip\u00f3 en SIMed, el Sal\u00f3n Inmobiliario del Mediterr\u00e1neo. Te contamos c\u00f3mo fue el evento y te mostramos algunas fotos.","og_url":"https:\/\/www.aedashomes.com\/blog\/simed-obra-nueva-malaga-costa-sol\/","og_site_name":"AEDAS Homes Blog","article_publisher":"https:\/\/www.facebook.com\/aedashomes\/","article_published_time":"2018-11-20T09:56:06+00:00","article_modified_time":"2022-11-10T15:23:52+00:00","og_image":[{"width":1246,"height":555,"url":"https:\/\/www.aedashomes.com\/blog\/wp-content\/uploads\/2018\/11\/obra-nueva-costa-sol01.jpg","type":"image\/jpeg"}],"author":"-","twitter_card":"summary_large_image","twitter_misc":{"Escrito por":"-"},"schema":{"@context":"https:\/\/schema.org","@graph":[{"@type":"Article","@id":"https:\/\/www.aedashomes.com\/blog\/simed-obra-nueva-malaga-costa-sol\/#article","isPartOf":{"@id":"https:\/\/www.aedashomes.com\/blog\/simed-obra-nueva-malaga-costa-sol\/"},"author":{"name":"-","@id":"https:\/\/www.aedashomes.com\/blog\/#\/schema\/person\/3943511ba2e912cf5f6ba43a52940713"},"headline":"SIMed pone de manifiesto la buena salud del sector inmobiliario en la provincia de M\u00e1laga","datePublished":"2018-11-20T09:56:06+00:00","dateModified":"2022-11-10T15:23:52+00:00","mainEntityOfPage":{"@id":"https:\/\/www.aedashomes.com\/blog\/simed-obra-nueva-malaga-costa-sol\/"},"wordCount":644,"image":{"@id":"https:\/\/www.aedashomes.com\/blog\/simed-obra-nueva-malaga-costa-sol\/#primaryimage"},"thumbnailUrl":"https:\/\/www.aedashomes.com\/blog\/wp-content\/uploads\/2018\/11\/obra-nueva-costa-sol01.jpg","articleSection":["AEDAS News","Promoci\u00f3n inmobiliaria Kane","Promoci\u00f3n inmobiliaria Middel Views","Promoci\u00f3n inmobiliaria South Bay Las Mesas","Promoci\u00f3n inmobiliaria Vanian Gardens","Promociones en Costa del Sol"],"inLanguage":"es"},{"@type":"WebPage","@id":"https:\/\/www.aedashomes.com\/blog\/simed-obra-nueva-malaga-costa-sol\/","url":"https:\/\/www.aedashomes.com\/blog\/simed-obra-nueva-malaga-costa-sol\/","name":"As\u00ed fue la participaci\u00f3n de AEDAS Homes en SiMed | AEDAS Homes","isPartOf":{"@id":"https:\/\/www.aedashomes.com\/blog\/#website"},"primaryImageOfPage":{"@id":"https:\/\/www.aedashomes.com\/blog\/simed-obra-nueva-malaga-costa-sol\/#primaryimage"},"image":{"@id":"https:\/\/www.aedashomes.com\/blog\/simed-obra-nueva-malaga-costa-sol\/#primaryimage"},"thumbnailUrl":"https:\/\/www.aedashomes.com\/blog\/wp-content\/uploads\/2018\/11\/obra-nueva-costa-sol01.jpg","datePublished":"2018-11-20T09:56:06+00:00","dateModified":"2022-11-10T15:23:52+00:00","author":{"@id":"https:\/\/www.aedashomes.com\/blog\/#\/schema\/person\/3943511ba2e912cf5f6ba43a52940713"},"description":"AEDAS Homes particip\u00f3 en SIMed, el Sal\u00f3n Inmobiliario del Mediterr\u00e1neo. Te contamos c\u00f3mo fue el evento y te mostramos algunas fotos.","breadcrumb":{"@id":"https:\/\/www.aedashomes.com\/blog\/simed-obra-nueva-malaga-costa-sol\/#breadcrumb"},"inLanguage":"es","potentialAction":[{"@type":"ReadAction","target":["https:\/\/www.aedashomes.com\/blog\/simed-obra-nueva-malaga-costa-sol\/"]}]},{"@type":"ImageObject","inLanguage":"es","@id":"https:\/\/www.aedashomes.com\/blog\/simed-obra-nueva-malaga-costa-sol\/#primaryimage","url":"https:\/\/www.aedashomes.com\/blog\/wp-content\/uploads\/2018\/11\/obra-nueva-costa-sol01.jpg","contentUrl":"https:\/\/www.aedashomes.com\/blog\/wp-content\/uploads\/2018\/11\/obra-nueva-costa-sol01.jpg","width":1246,"height":555,"caption":"obra nueva costa sol01"},{"@type":"BreadcrumbList","@id":"https:\/\/www.aedashomes.com\/blog\/simed-obra-nueva-malaga-costa-sol\/#breadcrumb","itemListElement":[{"@type":"ListItem","position":1,"name":"Blog","item":"https:\/\/www.aedashomes.com\/blog\/"},{"@type":"ListItem","position":2,"name":"AEDAS News","item":"https:\/\/www.aedashomes.com\/blog\/noticias-inmobiliarias\/"},{"@type":"ListItem","position":3,"name":"SIMed pone de manifiesto la buena salud del sector inmobiliario en la provincia de M\u00e1laga"}]},{"@type":"WebSite","@id":"https:\/\/www.aedashomes.com\/blog\/#website","url":"https:\/\/www.aedashomes.com\/blog\/","name":"AEDAS Homes Blog","description":"El blog de la promotora inmobiliaria AEDAS Homes","potentialAction":[{"@type":"SearchAction","target":{"@type":"EntryPoint","urlTemplate":"https:\/\/www.aedashomes.com\/blog\/?s={search_term_string}"},"query-input":{"@type":"PropertyValueSpecification","valueRequired":true,"valueName":"search_term_string"}}],"inLanguage":"es"},{"@type":"Person","@id":"https:\/\/www.aedashomes.com\/blog\/#\/schema\/person\/3943511ba2e912cf5f6ba43a52940713","name":"-","image":{"@type":"ImageObject","inLanguage":"es","@id":"https:\/\/www.aedashomes.com\/blog\/#\/schema\/person\/image\/","url":"https:\/\/secure.gravatar.com\/avatar\/9a98fc972c3ec2b91fdfd2a81c93ee3fc7c04aeefac4d931b43205ed61d9e009?s=96&d=mm&r=g","contentUrl":"https:\/\/secure.gravatar.com\/avatar\/9a98fc972c3ec2b91fdfd2a81c93ee3fc7c04aeefac4d931b43205ed61d9e009?s=96&d=mm&r=g","caption":"-"},"url":"https:\/\/www.aedashomes.com\/blog\/author\/idento\/"}]}},"_links":{"self":[{"href":"https:\/\/www.aedashomes.com\/blog\/wp-json\/wp\/v2\/posts\/2994","targetHints":{"allow":["GET"]}}],"collection":[{"href":"https:\/\/www.aedashomes.com\/blog\/wp-json\/wp\/v2\/posts"}],"about":[{"href":"https:\/\/www.aedashomes.com\/blog\/wp-json\/wp\/v2\/types\/post"}],"author":[{"embeddable":true,"href":"https:\/\/www.aedashomes.com\/blog\/wp-json\/wp\/v2\/users\/15"}],"replies":[{"embeddable":true,"href":"https:\/\/www.aedashomes.com\/blog\/wp-json\/wp\/v2\/comments?post=2994"}],"version-history":[{"count":8,"href":"https:\/\/www.aedashomes.com\/blog\/wp-json\/wp\/v2\/posts\/2994\/revisions"}],"predecessor-version":[{"id":16038,"href":"https:\/\/www.aedashomes.com\/blog\/wp-json\/wp\/v2\/posts\/2994\/revisions\/16038"}],"wp:featuredmedia":[{"embeddable":true,"href":"https:\/\/www.aedashomes.com\/blog\/wp-json\/wp\/v2\/media\/2999"}],"wp:attachment":[{"href":"https:\/\/www.aedashomes.com\/blog\/wp-json\/wp\/v2\/media?parent=2994"}],"wp:term":[{"taxonomy":"category","embeddable":true,"href":"https:\/\/www.aedashomes.com\/blog\/wp-json\/wp\/v2\/categories?post=2994"},{"taxonomy":"post_tag","embeddable":true,"href":"https:\/\/www.aedashomes.com\/blog\/wp-json\/wp\/v2\/tags?post=2994"}],"curies":[{"name":"wp","href":"https:\/\/api.w.org\/{rel}","templated":true}]}}