{"id":3138,"date":"2018-12-20T10:06:19","date_gmt":"2018-12-20T09:06:19","guid":{"rendered":"http:\/\/www.aedashomes.com\/blog\/?p=3138"},"modified":"2022-08-06T15:35:30","modified_gmt":"2022-08-06T14:35:30","slug":"grado-inmobiliario-upm","status":"publish","type":"post","link":"https:\/\/www.aedashomes.com\/blog\/grado-inmobiliario-upm\/","title":{"rendered":"Los alumnos del Grado Inmobiliario de la UPM visitan AEDAS Homes"},"content":{"rendered":"<p>El pasado 19 de diciembre, los <strong>alumnos del Grado Propio de Intensificaci\u00f3n en Planificaci\u00f3n y Gesti\u00f3n Inmobiliaria de la UPM<\/strong> tuvieron la oportunidad de conocer por dentro la actividad de <a href=\"https:\/\/www.aedashomes.com\/\"><strong>AEDAS Homes<\/strong><\/a>. Samuel Matarranz, Gerente de Promociones; Clara Dot Gerente de Selecci\u00f3n, Formaci\u00f3n y Desarrollo; y Candela Marcos, T\u00e9cnico de Comunicaci\u00f3n Interna y RSC, acompa\u00f1aron a los estudiantes durante una jornada en la que experimentaron en primera persona los trabajos de esta empresa cotizada, referente en el sector promotor espa\u00f1ol, y pudieron intercambiar opiniones con Alberto Delgado \u2013 Director de Operaciones de AEDAS Homes\u2013.<\/p>\n<p>Durante su visita al <a href=\"https:\/\/www.aedashomes.com\/blog\/obra-nueva-las-rozas-ahorro-casa-escalonia\/\"><strong>Aula de Sostenibilidad<\/strong><\/a> que la promotora tiene en la promoci\u00f3n de Escalonia en Las Rozas, el grupo conoci\u00f3 las bases del concurso a la mejor fotograf\u00eda del d\u00eda organizado por la compa\u00f1\u00eda. Tras pasear por este espacio pensado para informar a clientes e interesados sobre las ventajas en sostenibilidad y ahorro econ\u00f3mico que suponen las mejoras en eficiencia de la promoci\u00f3n, los alumnos <strong>visitaron las obras<\/strong> de Escalonia, Terrazas de las Fresnos I y Terrazas de los Frenos II.<\/p>\n\n\t\t\t<!-- START Grado Inmobiliario 2018 REVOLUTION SLIDER 6.6.13 --><p class=\"rs-p-wp-fix\"><\/p>\n\t\t\t<rs-module-wrap id=\"rev_slider_21_1_wrapper\" data-source=\"gallery\" style=\"visibility:hidden;background:transparent;padding:0;margin:0px auto;margin-top:0;margin-bottom:0;\">\n\t\t\t\t<rs-module id=\"rev_slider_21_1\" style=\"\" data-version=\"6.6.13\">\n\t\t\t\t\t<rs-slides style=\"overflow: hidden; position: absolute;\">\n\t\t\t\t\t\t<rs-slide style=\"position: absolute;\" data-key=\"rs-186\" data-title=\"Slide\" data-thumb=\"\/\/52.31.48.128\/blog\/wp-content\/uploads\/slider7\/gradoinmobiliarioaedashomes09.jpeg\" data-anim=\"adpr:false;\">\n\t\t\t\t\t\t\t<img decoding=\"async\" src=\"\/\/www.aedashomes.com\/blog\/wp-content\/plugins\/revslider\/public\/assets\/assets\/dummy.png\" alt=\"\" title=\"Los alumnos del Grado Inmobiliario de la UPM visitan AEDAS Homes\" class=\"rev-slidebg tp-rs-img rs-lazyload\" data-lazyload=\"\/\/52.31.48.128\/blog\/wp-content\/uploads\/slider7\/gradoinmobiliarioaedashomes09.jpeg\" data-bg=\"p:center top;\" data-parallax=\"off\" data-no-retina>\n<!---->\t\t\t\t\t\t<\/rs-slide>\n\t\t\t\t\t\t<rs-slide style=\"position: absolute;\" data-key=\"rs-190\" data-title=\"Slide\" data-thumb=\"\/\/52.31.48.128\/blog\/wp-content\/uploads\/slider7\/gradoinmobiliarioaedashomes04.jpeg\" data-anim=\"adpr:false;\">\n\t\t\t\t\t\t\t<img decoding=\"async\" src=\"\/\/www.aedashomes.com\/blog\/wp-content\/plugins\/revslider\/public\/assets\/assets\/dummy.png\" alt=\"\" title=\"Los alumnos del Grado Inmobiliario de la UPM visitan AEDAS Homes\" class=\"rev-slidebg tp-rs-img rs-lazyload\" data-lazyload=\"\/\/52.31.48.128\/blog\/wp-content\/uploads\/slider7\/gradoinmobiliarioaedashomes04.jpeg\" data-bg=\"p:center top;\" data-parallax=\"off\" data-no-retina>\n<!---->\t\t\t\t\t\t<\/rs-slide>\n\t\t\t\t\t\t<rs-slide style=\"position: absolute;\" data-key=\"rs-188\" data-title=\"Slide\" data-thumb=\"\/\/52.31.48.128\/blog\/wp-content\/uploads\/slider7\/gradoinmobiliarioaedashomes02.jpeg\" data-anim=\"adpr:false;\">\n\t\t\t\t\t\t\t<img decoding=\"async\" src=\"\/\/www.aedashomes.com\/blog\/wp-content\/plugins\/revslider\/public\/assets\/assets\/dummy.png\" alt=\"\" title=\"Los alumnos del Grado Inmobiliario de la UPM visitan AEDAS Homes\" class=\"rev-slidebg tp-rs-img rs-lazyload\" data-lazyload=\"\/\/52.31.48.128\/blog\/wp-content\/uploads\/slider7\/gradoinmobiliarioaedashomes02.jpeg\" data-bg=\"p:center top;\" data-parallax=\"off\" data-no-retina>\n<!---->\t\t\t\t\t\t<\/rs-slide>\n\t\t\t\t\t\t<rs-slide style=\"position: absolute;\" data-key=\"rs-189\" data-title=\"Slide\" data-thumb=\"\/\/52.31.48.128\/blog\/wp-content\/uploads\/slider7\/gradoinmobiliarioaedashomes11.jpeg\" data-anim=\"adpr:false;\">\n\t\t\t\t\t\t\t<img decoding=\"async\" src=\"\/\/www.aedashomes.com\/blog\/wp-content\/plugins\/revslider\/public\/assets\/assets\/dummy.png\" alt=\"\" title=\"Los alumnos del Grado Inmobiliario de la UPM visitan AEDAS Homes\" class=\"rev-slidebg tp-rs-img rs-lazyload\" data-lazyload=\"\/\/52.31.48.128\/blog\/wp-content\/uploads\/slider7\/gradoinmobiliarioaedashomes11.jpeg\" data-bg=\"p:center top;\" data-parallax=\"off\" data-no-retina>\n<!---->\t\t\t\t\t\t<\/rs-slide>\n\t\t\t\t\t\t<rs-slide style=\"position: absolute;\" data-key=\"rs-191\" data-title=\"Slide\" data-thumb=\"\/\/52.31.48.128\/blog\/wp-content\/uploads\/slider7\/gradoinmobiliarioaedashomes14.jpeg\" data-anim=\"adpr:false;\">\n\t\t\t\t\t\t\t<img decoding=\"async\" src=\"\/\/www.aedashomes.com\/blog\/wp-content\/plugins\/revslider\/public\/assets\/assets\/dummy.png\" alt=\"\" title=\"Los alumnos del Grado Inmobiliario de la UPM visitan AEDAS Homes\" class=\"rev-slidebg tp-rs-img rs-lazyload\" data-lazyload=\"\/\/52.31.48.128\/blog\/wp-content\/uploads\/slider7\/gradoinmobiliarioaedashomes14.jpeg\" data-bg=\"p:center top;\" data-parallax=\"off\" data-no-retina>\n<!---->\t\t\t\t\t\t<\/rs-slide>\n\t\t\t\t\t\t<rs-slide style=\"position: absolute;\" data-key=\"rs-187\" data-title=\"Slide\" data-thumb=\"\/\/52.31.48.128\/blog\/wp-content\/uploads\/slider7\/gradoinmobiliarioaedashomes05.jpeg\" data-anim=\"adpr:false;\">\n\t\t\t\t\t\t\t<img decoding=\"async\" src=\"\/\/www.aedashomes.com\/blog\/wp-content\/plugins\/revslider\/public\/assets\/assets\/dummy.png\" alt=\"\" title=\"Los alumnos del Grado Inmobiliario de la UPM visitan AEDAS Homes\" class=\"rev-slidebg tp-rs-img rs-lazyload\" data-lazyload=\"\/\/52.31.48.128\/blog\/wp-content\/uploads\/slider7\/gradoinmobiliarioaedashomes05.jpeg\" data-bg=\"p:center top;\" data-parallax=\"off\" data-no-retina>\n<!---->\t\t\t\t\t\t<\/rs-slide>\n\t\t\t\t\t\t<rs-slide style=\"position: absolute;\" data-key=\"rs-196\" data-title=\"Slide\" data-thumb=\"\/\/52.31.48.128\/blog\/wp-content\/uploads\/slider7\/gradoinmobiliarioaedashomes20.jpeg\" data-anim=\"adpr:false;\">\n\t\t\t\t\t\t\t<img decoding=\"async\" src=\"\/\/www.aedashomes.com\/blog\/wp-content\/plugins\/revslider\/public\/assets\/assets\/dummy.png\" alt=\"\" title=\"Los alumnos del Grado Inmobiliario de la UPM visitan AEDAS Homes\" class=\"rev-slidebg tp-rs-img rs-lazyload\" data-lazyload=\"\/\/52.31.48.128\/blog\/wp-content\/uploads\/slider7\/gradoinmobiliarioaedashomes20.jpeg\" data-bg=\"p:center top;\" data-parallax=\"off\" data-no-retina>\n<!---->\t\t\t\t\t\t<\/rs-slide>\n\t\t\t\t\t\t<rs-slide style=\"position: absolute;\" data-key=\"rs-194\" data-title=\"Slide\" data-thumb=\"\/\/52.31.48.128\/blog\/wp-content\/uploads\/slider7\/gradoinmobiliarioaedashomes21.jpeg\" data-anim=\"adpr:false;\">\n\t\t\t\t\t\t\t<img decoding=\"async\" src=\"\/\/www.aedashomes.com\/blog\/wp-content\/plugins\/revslider\/public\/assets\/assets\/dummy.png\" alt=\"\" title=\"Los alumnos del Grado Inmobiliario de la UPM visitan AEDAS Homes\" class=\"rev-slidebg tp-rs-img rs-lazyload\" data-lazyload=\"\/\/52.31.48.128\/blog\/wp-content\/uploads\/slider7\/gradoinmobiliarioaedashomes21.jpeg\" data-bg=\"p:center top;\" data-parallax=\"off\" data-no-retina>\n<!---->\t\t\t\t\t\t<\/rs-slide>\n\t\t\t\t\t\t<rs-slide style=\"position: absolute;\" data-key=\"rs-197\" data-title=\"Slide\" data-thumb=\"\/\/52.31.48.128\/blog\/wp-content\/uploads\/slider7\/gradoinmobiliarioaedashomes22.jpeg\" data-anim=\"adpr:false;\">\n\t\t\t\t\t\t\t<img decoding=\"async\" src=\"\/\/www.aedashomes.com\/blog\/wp-content\/plugins\/revslider\/public\/assets\/assets\/dummy.png\" alt=\"\" title=\"Los alumnos del Grado Inmobiliario de la UPM visitan AEDAS Homes\" class=\"rev-slidebg tp-rs-img rs-lazyload\" data-lazyload=\"\/\/52.31.48.128\/blog\/wp-content\/uploads\/slider7\/gradoinmobiliarioaedashomes22.jpeg\" data-bg=\"p:center top;\" data-parallax=\"off\" data-no-retina>\n<!---->\t\t\t\t\t\t<\/rs-slide>\n\t\t\t\t\t\t<rs-slide style=\"position: absolute;\" data-key=\"rs-199\" data-title=\"Slide\" data-thumb=\"\/\/52.31.48.128\/blog\/wp-content\/uploads\/slider7\/gradoinmobiliarioaedashomes23.jpeg\" data-anim=\"adpr:false;\">\n\t\t\t\t\t\t\t<img decoding=\"async\" src=\"\/\/www.aedashomes.com\/blog\/wp-content\/plugins\/revslider\/public\/assets\/assets\/dummy.png\" alt=\"\" title=\"Los alumnos del Grado Inmobiliario de la UPM visitan AEDAS Homes\" class=\"rev-slidebg tp-rs-img rs-lazyload\" data-lazyload=\"\/\/52.31.48.128\/blog\/wp-content\/uploads\/slider7\/gradoinmobiliarioaedashomes23.jpeg\" data-bg=\"p:center top;\" data-parallax=\"off\" data-no-retina>\n<!---->\t\t\t\t\t\t<\/rs-slide>\n\t\t\t\t\t\t<rs-slide style=\"position: absolute;\" data-key=\"rs-192\" data-title=\"Slide\" data-thumb=\"\/\/52.31.48.128\/blog\/wp-content\/uploads\/slider6\/gradoinmobiliarioaedashomes07.jpeg\" data-anim=\"adpr:false;\">\n\t\t\t\t\t\t\t<img decoding=\"async\" src=\"\/\/www.aedashomes.com\/blog\/wp-content\/plugins\/revslider\/public\/assets\/assets\/dummy.png\" alt=\"\" title=\"Los alumnos del Grado Inmobiliario de la UPM visitan AEDAS Homes\" class=\"rev-slidebg tp-rs-img rs-lazyload\" data-lazyload=\"\/\/52.31.48.128\/blog\/wp-content\/uploads\/slider6\/gradoinmobiliarioaedashomes07.jpeg\" data-bg=\"p:center top;\" data-parallax=\"off\" data-no-retina>\n<!---->\t\t\t\t\t\t<\/rs-slide>\n\t\t\t\t\t\t<rs-slide style=\"position: absolute;\" data-key=\"rs-193\" data-title=\"Slide\" data-thumb=\"\/\/52.31.48.128\/blog\/wp-content\/uploads\/slider7\/gradoinmobiliarioaedashomes03.jpeg\" data-anim=\"adpr:false;\">\n\t\t\t\t\t\t\t<img decoding=\"async\" src=\"\/\/www.aedashomes.com\/blog\/wp-content\/plugins\/revslider\/public\/assets\/assets\/dummy.png\" alt=\"\" title=\"Los alumnos del Grado Inmobiliario de la UPM visitan AEDAS Homes\" class=\"rev-slidebg tp-rs-img rs-lazyload\" data-lazyload=\"\/\/52.31.48.128\/blog\/wp-content\/uploads\/slider7\/gradoinmobiliarioaedashomes03.jpeg\" data-bg=\"p:center top;\" data-parallax=\"off\" data-no-retina>\n<!---->\t\t\t\t\t\t<\/rs-slide>\n\t\t\t\t\t\t<rs-slide style=\"position: absolute;\" data-key=\"rs-182\" data-title=\"Slide\" data-thumb=\"\/\/52.31.48.128\/blog\/wp-content\/uploads\/slider7\/gradoinmobiliarioaedashomes19.jpeg\" data-anim=\"adpr:false;\">\n\t\t\t\t\t\t\t<img decoding=\"async\" src=\"\/\/www.aedashomes.com\/blog\/wp-content\/plugins\/revslider\/public\/assets\/assets\/dummy.png\" alt=\"\" title=\"Los alumnos del Grado Inmobiliario de la UPM visitan AEDAS Homes\" class=\"rev-slidebg tp-rs-img rs-lazyload\" data-lazyload=\"\/\/52.31.48.128\/blog\/wp-content\/uploads\/slider7\/gradoinmobiliarioaedashomes19.jpeg\" data-bg=\"p:center top;\" data-parallax=\"off\" data-no-retina>\n<!---->\t\t\t\t\t\t<\/rs-slide>\n\t\t\t\t\t\t<rs-slide style=\"position: absolute;\" data-key=\"rs-183\" data-title=\"Slide\" data-thumb=\"\/\/52.31.48.128\/blog\/wp-content\/uploads\/slider7\/gradoinmobiliarioaedashomes18.jpeg\" data-anim=\"adpr:false;\">\n\t\t\t\t\t\t\t<img decoding=\"async\" src=\"\/\/www.aedashomes.com\/blog\/wp-content\/plugins\/revslider\/public\/assets\/assets\/dummy.png\" alt=\"\" title=\"Los alumnos del Grado Inmobiliario de la UPM visitan AEDAS Homes\" class=\"rev-slidebg tp-rs-img rs-lazyload\" data-lazyload=\"\/\/52.31.48.128\/blog\/wp-content\/uploads\/slider7\/gradoinmobiliarioaedashomes18.jpeg\" data-bg=\"p:center top;\" data-parallax=\"off\" data-no-retina>\n<!---->\t\t\t\t\t\t<\/rs-slide>\n\t\t\t\t\t\t<rs-slide style=\"position: absolute;\" data-key=\"rs-184\" data-title=\"Slide\" data-thumb=\"\/\/52.31.48.128\/blog\/wp-content\/uploads\/slider7\/gradoinmobiliarioaedashomes17.jpeg\" data-anim=\"adpr:false;\">\n\t\t\t\t\t\t\t<img decoding=\"async\" src=\"\/\/www.aedashomes.com\/blog\/wp-content\/plugins\/revslider\/public\/assets\/assets\/dummy.png\" alt=\"\" title=\"Los alumnos del Grado Inmobiliario de la UPM visitan AEDAS Homes\" class=\"rev-slidebg tp-rs-img rs-lazyload\" data-lazyload=\"\/\/52.31.48.128\/blog\/wp-content\/uploads\/slider7\/gradoinmobiliarioaedashomes17.jpeg\" data-bg=\"p:center top;\" data-parallax=\"off\" data-no-retina>\n<!---->\t\t\t\t\t\t<\/rs-slide>\n\t\t\t\t\t\t<rs-slide style=\"position: absolute;\" data-key=\"rs-185\" data-title=\"Slide\" data-thumb=\"\/\/52.31.48.128\/blog\/wp-content\/uploads\/slider7\/gradoinmobiliarioaedashomes16.jpeg\" data-anim=\"adpr:false;\">\n\t\t\t\t\t\t\t<img decoding=\"async\" src=\"\/\/www.aedashomes.com\/blog\/wp-content\/plugins\/revslider\/public\/assets\/assets\/dummy.png\" alt=\"\" title=\"Los alumnos del Grado Inmobiliario de la UPM visitan AEDAS Homes\" class=\"rev-slidebg tp-rs-img rs-lazyload\" data-lazyload=\"\/\/52.31.48.128\/blog\/wp-content\/uploads\/slider7\/gradoinmobiliarioaedashomes16.jpeg\" data-bg=\"p:center top;\" data-parallax=\"off\" data-no-retina>\n<!---->\t\t\t\t\t\t<\/rs-slide>\n\t\t\t\t\t\t<rs-slide style=\"position: absolute;\" data-key=\"rs-200\" data-title=\"Slide\" data-thumb=\"\/\/52.31.48.128\/blog\/wp-content\/uploads\/slider7\/gradoinmobiliarioaedashomes25.jpeg\" data-anim=\"adpr:false;\">\n\t\t\t\t\t\t\t<img decoding=\"async\" src=\"\/\/www.aedashomes.com\/blog\/wp-content\/plugins\/revslider\/public\/assets\/assets\/dummy.png\" alt=\"\" title=\"Los alumnos del Grado Inmobiliario de la UPM visitan AEDAS Homes\" class=\"rev-slidebg tp-rs-img rs-lazyload\" data-lazyload=\"\/\/52.31.48.128\/blog\/wp-content\/uploads\/slider7\/gradoinmobiliarioaedashomes25.jpeg\" data-bg=\"p:center top;\" data-parallax=\"off\" data-no-retina>\n<!---->\t\t\t\t\t\t<\/rs-slide>\n\t\t\t\t\t\t<rs-slide style=\"position: absolute;\" data-key=\"rs-198\" data-title=\"Slide\" data-thumb=\"\/\/52.31.48.128\/blog\/wp-content\/uploads\/slider7\/gradoinmobiliarioaedashomes24.jpeg\" data-anim=\"adpr:false;\">\n\t\t\t\t\t\t\t<img decoding=\"async\" src=\"\/\/www.aedashomes.com\/blog\/wp-content\/plugins\/revslider\/public\/assets\/assets\/dummy.png\" alt=\"\" title=\"Los alumnos del Grado Inmobiliario de la UPM visitan AEDAS Homes\" class=\"rev-slidebg tp-rs-img rs-lazyload\" data-lazyload=\"\/\/52.31.48.128\/blog\/wp-content\/uploads\/slider7\/gradoinmobiliarioaedashomes24.jpeg\" data-bg=\"p:center top;\" data-parallax=\"off\" data-no-retina>\n<!---->\t\t\t\t\t\t<\/rs-slide>\n\t\t\t\t\t\t<rs-slide style=\"position: absolute;\" data-key=\"rs-201\" data-title=\"Slide\" data-thumb=\"\/\/52.31.48.128\/blog\/wp-content\/uploads\/slider7\/gradoinmobiliarioaedashomes06.jpeg\" data-anim=\"adpr:false;\">\n\t\t\t\t\t\t\t<img decoding=\"async\" src=\"\/\/www.aedashomes.com\/blog\/wp-content\/plugins\/revslider\/public\/assets\/assets\/dummy.png\" alt=\"\" title=\"Los alumnos del Grado Inmobiliario de la UPM visitan AEDAS Homes\" class=\"rev-slidebg tp-rs-img rs-lazyload\" data-lazyload=\"\/\/52.31.48.128\/blog\/wp-content\/uploads\/slider7\/gradoinmobiliarioaedashomes06.jpeg\" data-bg=\"p:center top;\" data-parallax=\"off\" data-no-retina>\n<!---->\t\t\t\t\t\t<\/rs-slide>\n\t\t\t\t\t<\/rs-slides>\n\t\t\t\t<\/rs-module>\n\t\t\t\t<script>\n\t\t\t\t\tsetREVStartSize({c: 'rev_slider_21_1',rl:[1240,1024,778,480],el:[],gw:[600],gh:[300],type:'carousel',justify:'',layout:'fullwidth',mh:\"0\"});if (window.RS_MODULES!==undefined && window.RS_MODULES.modules!==undefined && window.RS_MODULES.modules[\"revslider211\"]!==undefined) {window.RS_MODULES.modules[\"revslider211\"].once = false;window.revapi21 = undefined;if (window.RS_MODULES.checkMinimal!==undefined) window.RS_MODULES.checkMinimal()}\n\t\t\t\t<\/script>\n\t\t\t<\/rs-module-wrap>\n\t\t\t<!-- END REVOLUTION SLIDER -->\n\n<p>Estas tres promociones, situadas en la zona noroeste de Madrid, se encuentran en un <strong>estado de edificaci\u00f3n avanzado<\/strong>. En Escalonia, por ejemplo, ya se ha terminado la estructura y los trabajos se est\u00e1n centrando en el levantamiento de la fachada y las particiones interiores.<\/p>\n<p>De vuelta a las oficinas centrales, los estudiantes <strong>pudieron visitar las instalaciones de la empresa<\/strong> y disfrutaron de unos momentos distendidos en el photocall navide\u00f1o preparado para ellos.<\/p>\n<p>Marta Bueno, antigua alumna del Grado Propio de Intensificaci\u00f3n en Planificaci\u00f3n y Gesti\u00f3n Inmobiliaria de la UPM y T\u00e9cnico de Control de Costes y Planificaci\u00f3n de la promotora, charl\u00f3 con el grupo sobre su experiencia y les anim\u00f3 a continuar adelante con su proyecto profesional.<\/p>\n<p>La jornada estuvo clausurada por Esther Duarte, Directora de Recursos Corporativos de AEDAS Homes, quien fue la encargada de entregar a Carmen Villacres el <strong>premio del concurso de fotograf\u00eda<\/strong>&nbsp;sobre la jornada organizado por la promotora.<\/p>\n","protected":false},"excerpt":{"rendered":"<p>El pasado 19 de diciembre, los alumnos del Grado Propio de Intensificaci\u00f3n en Planificaci\u00f3n y Gesti\u00f3n Inmobiliaria de la UPM tuvieron la oportunidad de conocer por dentro la actividad de AEDAS Homes. Samuel Matarranz, Gerente de Promociones; Clara Dot Gerente de Selecci\u00f3n, Formaci\u00f3n y Desarrollo; y Candela Marcos, T\u00e9cnico de Comunicaci\u00f3n Interna y RSC, acompa\u00f1aron&#8230;<\/p>\n","protected":false},"author":15,"featured_media":3155,"comment_status":"closed","ping_status":"open","sticky":false,"template":"","format":"standard","meta":{"_acf_changed":false,"footnotes":""},"categories":[209],"tags":[],"class_list":["post-3138","post","type-post","status-publish","format-standard","has-post-thumbnail","hentry","category-noticias-inmobiliarias"],"acf":[],"yoast_head":"<!-- This site is optimized with the Yoast SEO plugin v27.0 - https:\/\/yoast.com\/product\/yoast-seo-wordpress\/ -->\n<title>\u25b7 Los alumnos del Grado Inmobiliario de la UPM visitan AEDAS Homes | Blog<\/title>\n<meta name=\"description\" content=\"AEDAS Homes invit\u00f3 a los alumnos de este grado a pasar una jornada en la empresa. \u00bfQuieres saber lo que hicieron? Te lo contamos.\" \/>\n<meta name=\"robots\" content=\"noindex, follow\" \/>\n<meta property=\"og:locale\" content=\"es_ES\" \/>\n<meta property=\"og:type\" content=\"article\" \/>\n<meta property=\"og:title\" content=\"\u25b7 Los alumnos del Grado Inmobiliario de la UPM visitan AEDAS Homes | Blog\" \/>\n<meta property=\"og:description\" content=\"AEDAS Homes invit\u00f3 a los alumnos de este grado a pasar una jornada en la empresa. \u00bfQuieres saber lo que hicieron? Te lo contamos.\" \/>\n<meta property=\"og:url\" content=\"https:\/\/www.aedashomes.com\/blog\/grado-inmobiliario-upm\/\" \/>\n<meta property=\"og:site_name\" content=\"AEDAS Homes Blog\" \/>\n<meta property=\"article:publisher\" content=\"https:\/\/www.facebook.com\/aedashomes\/\" \/>\n<meta property=\"article:published_time\" content=\"2018-12-20T09:06:19+00:00\" \/>\n<meta property=\"article:modified_time\" content=\"2022-08-06T14:35:30+00:00\" \/>\n<meta property=\"og:image\" content=\"https:\/\/www.aedashomes.com\/blog\/wp-content\/uploads\/2018\/12\/grado-inmobiliario-aedas-homes01.jpg\" \/>\n\t<meta property=\"og:image:width\" content=\"1111\" \/>\n\t<meta property=\"og:image:height\" content=\"605\" \/>\n\t<meta property=\"og:image:type\" content=\"image\/jpeg\" \/>\n<meta name=\"author\" content=\"-\" \/>\n<meta name=\"twitter:card\" content=\"summary_large_image\" \/>\n<meta name=\"twitter:label1\" content=\"Escrito por\" \/>\n\t<meta name=\"twitter:data1\" content=\"-\" \/>\n<script type=\"application\/ld+json\" class=\"yoast-schema-graph\">{\"@context\":\"https:\/\/schema.org\",\"@graph\":[{\"@type\":\"Article\",\"@id\":\"https:\/\/www.aedashomes.com\/blog\/grado-inmobiliario-upm\/#article\",\"isPartOf\":{\"@id\":\"https:\/\/www.aedashomes.com\/blog\/grado-inmobiliario-upm\/\"},\"author\":{\"name\":\"-\",\"@id\":\"https:\/\/www.aedashomes.com\/blog\/#\/schema\/person\/3943511ba2e912cf5f6ba43a52940713\"},\"headline\":\"Los alumnos del Grado Inmobiliario de la UPM visitan AEDAS Homes\",\"datePublished\":\"2018-12-20T09:06:19+00:00\",\"dateModified\":\"2022-08-06T14:35:30+00:00\",\"mainEntityOfPage\":{\"@id\":\"https:\/\/www.aedashomes.com\/blog\/grado-inmobiliario-upm\/\"},\"wordCount\":368,\"image\":{\"@id\":\"https:\/\/www.aedashomes.com\/blog\/grado-inmobiliario-upm\/#primaryimage\"},\"thumbnailUrl\":\"https:\/\/www.aedashomes.com\/blog\/wp-content\/uploads\/2018\/12\/grado-inmobiliario-aedas-homes01.jpg\",\"articleSection\":[\"AEDAS News\"],\"inLanguage\":\"es\"},{\"@type\":\"WebPage\",\"@id\":\"https:\/\/www.aedashomes.com\/blog\/grado-inmobiliario-upm\/\",\"url\":\"https:\/\/www.aedashomes.com\/blog\/grado-inmobiliario-upm\/\",\"name\":\"\u25b7 Los alumnos del Grado Inmobiliario de la UPM visitan AEDAS Homes | Blog\",\"isPartOf\":{\"@id\":\"https:\/\/www.aedashomes.com\/blog\/#website\"},\"primaryImageOfPage\":{\"@id\":\"https:\/\/www.aedashomes.com\/blog\/grado-inmobiliario-upm\/#primaryimage\"},\"image\":{\"@id\":\"https:\/\/www.aedashomes.com\/blog\/grado-inmobiliario-upm\/#primaryimage\"},\"thumbnailUrl\":\"https:\/\/www.aedashomes.com\/blog\/wp-content\/uploads\/2018\/12\/grado-inmobiliario-aedas-homes01.jpg\",\"datePublished\":\"2018-12-20T09:06:19+00:00\",\"dateModified\":\"2022-08-06T14:35:30+00:00\",\"author\":{\"@id\":\"https:\/\/www.aedashomes.com\/blog\/#\/schema\/person\/3943511ba2e912cf5f6ba43a52940713\"},\"description\":\"AEDAS Homes invit\u00f3 a los alumnos de este grado a pasar una jornada en la empresa. \u00bfQuieres saber lo que hicieron? Te lo contamos.\",\"breadcrumb\":{\"@id\":\"https:\/\/www.aedashomes.com\/blog\/grado-inmobiliario-upm\/#breadcrumb\"},\"inLanguage\":\"es\",\"potentialAction\":[{\"@type\":\"ReadAction\",\"target\":[\"https:\/\/www.aedashomes.com\/blog\/grado-inmobiliario-upm\/\"]}]},{\"@type\":\"ImageObject\",\"inLanguage\":\"es\",\"@id\":\"https:\/\/www.aedashomes.com\/blog\/grado-inmobiliario-upm\/#primaryimage\",\"url\":\"https:\/\/www.aedashomes.com\/blog\/wp-content\/uploads\/2018\/12\/grado-inmobiliario-aedas-homes01.jpg\",\"contentUrl\":\"https:\/\/www.aedashomes.com\/blog\/wp-content\/uploads\/2018\/12\/grado-inmobiliario-aedas-homes01.jpg\",\"width\":1111,\"height\":605,\"caption\":\"grado inmobiliario aedas homes01\"},{\"@type\":\"BreadcrumbList\",\"@id\":\"https:\/\/www.aedashomes.com\/blog\/grado-inmobiliario-upm\/#breadcrumb\",\"itemListElement\":[{\"@type\":\"ListItem\",\"position\":1,\"name\":\"Blog\",\"item\":\"https:\/\/www.aedashomes.com\/blog\/\"},{\"@type\":\"ListItem\",\"position\":2,\"name\":\"AEDAS News\",\"item\":\"https:\/\/www.aedashomes.com\/blog\/noticias-inmobiliarias\/\"},{\"@type\":\"ListItem\",\"position\":3,\"name\":\"Los alumnos del Grado Inmobiliario de la UPM visitan AEDAS Homes\"}]},{\"@type\":\"WebSite\",\"@id\":\"https:\/\/www.aedashomes.com\/blog\/#website\",\"url\":\"https:\/\/www.aedashomes.com\/blog\/\",\"name\":\"AEDAS Homes Blog\",\"description\":\"El blog de la promotora inmobiliaria AEDAS Homes\",\"potentialAction\":[{\"@type\":\"SearchAction\",\"target\":{\"@type\":\"EntryPoint\",\"urlTemplate\":\"https:\/\/www.aedashomes.com\/blog\/?s={search_term_string}\"},\"query-input\":{\"@type\":\"PropertyValueSpecification\",\"valueRequired\":true,\"valueName\":\"search_term_string\"}}],\"inLanguage\":\"es\"},{\"@type\":\"Person\",\"@id\":\"https:\/\/www.aedashomes.com\/blog\/#\/schema\/person\/3943511ba2e912cf5f6ba43a52940713\",\"name\":\"-\",\"image\":{\"@type\":\"ImageObject\",\"inLanguage\":\"es\",\"@id\":\"https:\/\/www.aedashomes.com\/blog\/#\/schema\/person\/image\/\",\"url\":\"https:\/\/secure.gravatar.com\/avatar\/9a98fc972c3ec2b91fdfd2a81c93ee3fc7c04aeefac4d931b43205ed61d9e009?s=96&d=mm&r=g\",\"contentUrl\":\"https:\/\/secure.gravatar.com\/avatar\/9a98fc972c3ec2b91fdfd2a81c93ee3fc7c04aeefac4d931b43205ed61d9e009?s=96&d=mm&r=g\",\"caption\":\"-\"},\"url\":\"https:\/\/www.aedashomes.com\/blog\/author\/idento\/\"}]}<\/script>\n<!-- \/ Yoast SEO plugin. -->","yoast_head_json":{"title":"\u25b7 Los alumnos del Grado Inmobiliario de la UPM visitan AEDAS Homes | Blog","description":"AEDAS Homes invit\u00f3 a los alumnos de este grado a pasar una jornada en la empresa. \u00bfQuieres saber lo que hicieron? Te lo contamos.","robots":{"index":"noindex","follow":"follow"},"og_locale":"es_ES","og_type":"article","og_title":"\u25b7 Los alumnos del Grado Inmobiliario de la UPM visitan AEDAS Homes | Blog","og_description":"AEDAS Homes invit\u00f3 a los alumnos de este grado a pasar una jornada en la empresa. \u00bfQuieres saber lo que hicieron? Te lo contamos.","og_url":"https:\/\/www.aedashomes.com\/blog\/grado-inmobiliario-upm\/","og_site_name":"AEDAS Homes Blog","article_publisher":"https:\/\/www.facebook.com\/aedashomes\/","article_published_time":"2018-12-20T09:06:19+00:00","article_modified_time":"2022-08-06T14:35:30+00:00","og_image":[{"width":1111,"height":605,"url":"https:\/\/www.aedashomes.com\/blog\/wp-content\/uploads\/2018\/12\/grado-inmobiliario-aedas-homes01.jpg","type":"image\/jpeg"}],"author":"-","twitter_card":"summary_large_image","twitter_misc":{"Escrito por":"-"},"schema":{"@context":"https:\/\/schema.org","@graph":[{"@type":"Article","@id":"https:\/\/www.aedashomes.com\/blog\/grado-inmobiliario-upm\/#article","isPartOf":{"@id":"https:\/\/www.aedashomes.com\/blog\/grado-inmobiliario-upm\/"},"author":{"name":"-","@id":"https:\/\/www.aedashomes.com\/blog\/#\/schema\/person\/3943511ba2e912cf5f6ba43a52940713"},"headline":"Los alumnos del Grado Inmobiliario de la UPM visitan AEDAS Homes","datePublished":"2018-12-20T09:06:19+00:00","dateModified":"2022-08-06T14:35:30+00:00","mainEntityOfPage":{"@id":"https:\/\/www.aedashomes.com\/blog\/grado-inmobiliario-upm\/"},"wordCount":368,"image":{"@id":"https:\/\/www.aedashomes.com\/blog\/grado-inmobiliario-upm\/#primaryimage"},"thumbnailUrl":"https:\/\/www.aedashomes.com\/blog\/wp-content\/uploads\/2018\/12\/grado-inmobiliario-aedas-homes01.jpg","articleSection":["AEDAS News"],"inLanguage":"es"},{"@type":"WebPage","@id":"https:\/\/www.aedashomes.com\/blog\/grado-inmobiliario-upm\/","url":"https:\/\/www.aedashomes.com\/blog\/grado-inmobiliario-upm\/","name":"\u25b7 Los alumnos del Grado Inmobiliario de la UPM visitan AEDAS Homes | Blog","isPartOf":{"@id":"https:\/\/www.aedashomes.com\/blog\/#website"},"primaryImageOfPage":{"@id":"https:\/\/www.aedashomes.com\/blog\/grado-inmobiliario-upm\/#primaryimage"},"image":{"@id":"https:\/\/www.aedashomes.com\/blog\/grado-inmobiliario-upm\/#primaryimage"},"thumbnailUrl":"https:\/\/www.aedashomes.com\/blog\/wp-content\/uploads\/2018\/12\/grado-inmobiliario-aedas-homes01.jpg","datePublished":"2018-12-20T09:06:19+00:00","dateModified":"2022-08-06T14:35:30+00:00","author":{"@id":"https:\/\/www.aedashomes.com\/blog\/#\/schema\/person\/3943511ba2e912cf5f6ba43a52940713"},"description":"AEDAS Homes invit\u00f3 a los alumnos de este grado a pasar una jornada en la empresa. \u00bfQuieres saber lo que hicieron? Te lo contamos.","breadcrumb":{"@id":"https:\/\/www.aedashomes.com\/blog\/grado-inmobiliario-upm\/#breadcrumb"},"inLanguage":"es","potentialAction":[{"@type":"ReadAction","target":["https:\/\/www.aedashomes.com\/blog\/grado-inmobiliario-upm\/"]}]},{"@type":"ImageObject","inLanguage":"es","@id":"https:\/\/www.aedashomes.com\/blog\/grado-inmobiliario-upm\/#primaryimage","url":"https:\/\/www.aedashomes.com\/blog\/wp-content\/uploads\/2018\/12\/grado-inmobiliario-aedas-homes01.jpg","contentUrl":"https:\/\/www.aedashomes.com\/blog\/wp-content\/uploads\/2018\/12\/grado-inmobiliario-aedas-homes01.jpg","width":1111,"height":605,"caption":"grado inmobiliario aedas homes01"},{"@type":"BreadcrumbList","@id":"https:\/\/www.aedashomes.com\/blog\/grado-inmobiliario-upm\/#breadcrumb","itemListElement":[{"@type":"ListItem","position":1,"name":"Blog","item":"https:\/\/www.aedashomes.com\/blog\/"},{"@type":"ListItem","position":2,"name":"AEDAS News","item":"https:\/\/www.aedashomes.com\/blog\/noticias-inmobiliarias\/"},{"@type":"ListItem","position":3,"name":"Los alumnos del Grado Inmobiliario de la UPM visitan AEDAS Homes"}]},{"@type":"WebSite","@id":"https:\/\/www.aedashomes.com\/blog\/#website","url":"https:\/\/www.aedashomes.com\/blog\/","name":"AEDAS Homes Blog","description":"El blog de la promotora inmobiliaria AEDAS Homes","potentialAction":[{"@type":"SearchAction","target":{"@type":"EntryPoint","urlTemplate":"https:\/\/www.aedashomes.com\/blog\/?s={search_term_string}"},"query-input":{"@type":"PropertyValueSpecification","valueRequired":true,"valueName":"search_term_string"}}],"inLanguage":"es"},{"@type":"Person","@id":"https:\/\/www.aedashomes.com\/blog\/#\/schema\/person\/3943511ba2e912cf5f6ba43a52940713","name":"-","image":{"@type":"ImageObject","inLanguage":"es","@id":"https:\/\/www.aedashomes.com\/blog\/#\/schema\/person\/image\/","url":"https:\/\/secure.gravatar.com\/avatar\/9a98fc972c3ec2b91fdfd2a81c93ee3fc7c04aeefac4d931b43205ed61d9e009?s=96&d=mm&r=g","contentUrl":"https:\/\/secure.gravatar.com\/avatar\/9a98fc972c3ec2b91fdfd2a81c93ee3fc7c04aeefac4d931b43205ed61d9e009?s=96&d=mm&r=g","caption":"-"},"url":"https:\/\/www.aedashomes.com\/blog\/author\/idento\/"}]}},"_links":{"self":[{"href":"https:\/\/www.aedashomes.com\/blog\/wp-json\/wp\/v2\/posts\/3138","targetHints":{"allow":["GET"]}}],"collection":[{"href":"https:\/\/www.aedashomes.com\/blog\/wp-json\/wp\/v2\/posts"}],"about":[{"href":"https:\/\/www.aedashomes.com\/blog\/wp-json\/wp\/v2\/types\/post"}],"author":[{"embeddable":true,"href":"https:\/\/www.aedashomes.com\/blog\/wp-json\/wp\/v2\/users\/15"}],"replies":[{"embeddable":true,"href":"https:\/\/www.aedashomes.com\/blog\/wp-json\/wp\/v2\/comments?post=3138"}],"version-history":[{"count":13,"href":"https:\/\/www.aedashomes.com\/blog\/wp-json\/wp\/v2\/posts\/3138\/revisions"}],"predecessor-version":[{"id":13523,"href":"https:\/\/www.aedashomes.com\/blog\/wp-json\/wp\/v2\/posts\/3138\/revisions\/13523"}],"wp:featuredmedia":[{"embeddable":true,"href":"https:\/\/www.aedashomes.com\/blog\/wp-json\/wp\/v2\/media\/3155"}],"wp:attachment":[{"href":"https:\/\/www.aedashomes.com\/blog\/wp-json\/wp\/v2\/media?parent=3138"}],"wp:term":[{"taxonomy":"category","embeddable":true,"href":"https:\/\/www.aedashomes.com\/blog\/wp-json\/wp\/v2\/categories?post=3138"},{"taxonomy":"post_tag","embeddable":true,"href":"https:\/\/www.aedashomes.com\/blog\/wp-json\/wp\/v2\/tags?post=3138"}],"curies":[{"name":"wp","href":"https:\/\/api.w.org\/{rel}","templated":true}]}}