{"id":3726,"date":"2019-03-22T09:04:07","date_gmt":"2019-03-22T08:04:07","guid":{"rendered":"http:\/\/www.aedashomes.com\/blog\/?p=3726"},"modified":"2022-04-13T23:27:42","modified_gmt":"2022-04-13T22:27:42","slug":"la-recuperacion-inmobiliaria-en-andalucia-esta-llegando-a-granada","status":"publish","type":"post","link":"https:\/\/www.aedashomes.com\/blog\/la-recuperacion-inmobiliaria-en-andalucia-esta-llegando-a-granada\/","title":{"rendered":"\u201cLa recuperaci\u00f3n inmobiliaria en Andaluc\u00eda est\u00e1 llegando a Granada\u201d"},"content":{"rendered":"<p>La Asociaci\u00f3n de Constructores y Promotores de Granada (ACP Granada) celebr\u00f3 el pasado 19 de marzo la Mesa Redonda <strong>\u2018Evoluci\u00f3n del sector inmobiliario y su financiaci\u00f3n\u2019<\/strong> en la que particip\u00f3 Diego Chac\u00f3n, Director Territorial de <strong>AEDAS<\/strong> <strong>Homes<\/strong> en Andaluc\u00eda. El directivo de la promotora hizo un an\u00e1lisis de la situaci\u00f3n del mercado de la vivienda, tanto a nivel nacional como local.<\/p>\n<p>Diego Chac\u00f3n remarc\u00f3 que AEDAS Homes aboga por un crecimiento sostenible del sector y expuso los motivos por los que la promotora ha llegado a <a href=\"https:\/\/www.aedashomes.com\/viviendas-obra-nueva-granada\"><strong>Granada<\/strong><\/a>. \u201cEl mercado de la vivienda de <strong>obra nueva en Granada<\/strong> tiene un potencial de crecimiento enorme ya que en los \u00faltimos a\u00f1os apenas se han impulsado nuevos proyectos. En 2018 tan solo se cerraron 120 compraventas\u201d, se\u00f1al\u00f3.<\/p>\n<figure id=\"attachment_3728\" aria-describedby=\"caption-attachment-3728\" style=\"width: 900px\" class=\"wp-caption aligncenter\"><img loading=\"lazy\" decoding=\"async\" class=\"wp-image-3728 size-large\" src=\"https:\/\/www.aedashomes.com\/blog\/wp-content\/uploads\/2019\/03\/obra-nueva-granada02-1024x479.jpg\" alt=\"obra nueva granada02\" width=\"900\" height=\"421\"><figcaption id=\"caption-attachment-3728\" class=\"wp-caption-text\">Plantel de ponentes que participaron en el debate<\/figcaption><\/figure>\n<p>En este sentido, apunt\u00f3 que la recuperaci\u00f3n inmobiliaria en Andaluc\u00eda \u201c<strong>comenz\u00f3 en la Costa del Sol y Sevilla<\/strong>, y ahora est\u00e1 llegando a otras zonas como Granada capital, que ser\u00e1 el motor del mercado en el \u00e1rea metropolitana a medio y largo plazo\u201d.<\/p>\n<h2 class=\"h2-post\">Reactivaci\u00f3n de dos nuevos sectores urban\u00edsticos<\/h2>\n<p>AEDAS Homes cuenta con parcelas en la ciudad nazar\u00ed para desarrollar m\u00e1s de 750 viviendas en los sectores <strong><a href=\"https:\/\/www.aedashomes.com\/prensa\/primera-piedra-n3-granada\">Borde Norte N3<\/a><\/strong> y <strong><a href=\"https:\/\/www.aedashomes.com\/prensa\/desbloqueo-ferrocarril-oestes-granada\">Ferrocarril Oestes<\/a><\/strong>, nuevos \u00e1mbitos que han sido desbloqueados recientemente. La compa\u00f1\u00eda comenzar\u00e1 la comercializaci\u00f3n de sus primeras promociones este mes de junio.<\/p>\n<h2 class=\"h2-post\">Disciplina financiera<\/h2>\n<p>Preguntado por el estado de la financiaci\u00f3n en torno al sector inmobiliario, Diego Chac\u00f3n ensalz\u00f3 \u201cla disciplina financiera que est\u00e1 abanderando la banca a la hora de<strong> conceder cr\u00e9dito<\/strong>, tanto a particulares como a promotores, para evitar los errores del pasado\u201d. \u201cHoy en d\u00eda\u201d, a\u00f1adi\u00f3, \u201cel promotor debe tener en propiedad el suelo para acceder a financiaci\u00f3n, por lo que se neutraliza la entrada de intrusos y aficionados a la actividad promotora\u201d.<\/p>\n<figure id=\"attachment_3729\" aria-describedby=\"caption-attachment-3729\" style=\"width: 900px\" class=\"wp-caption aligncenter\"><img loading=\"lazy\" decoding=\"async\" class=\"wp-image-3729 size-large\" src=\"https:\/\/www.aedashomes.com\/blog\/wp-content\/uploads\/2019\/03\/obra-nueva-granada03-1024x400.jpg\" alt=\"obra nueva granada03\" width=\"900\" height=\"352\"><figcaption id=\"caption-attachment-3729\" class=\"wp-caption-text\">Diego Chac\u00f3n, Director Territorial de AEDAS Homes en Andaluc\u00eda, a la derecha de la mesa<\/figcaption><\/figure>\n<p>El Director Territorial de AEDAS Homes en Andaluc\u00eda aludi\u00f3, adem\u00e1s, a dos de los retos capitales que debe afrontar el sector inmobiliario: los dilatados plazos de concesi\u00f3n de licencias \u2013\u201c<strong>no es el caso de Granada<\/strong>\u201d\u2013 y el incremento de los costes de construcci\u00f3n. \u201cLas administraciones locales deben acelerar las tramitaciones de las licencias y, tanto las promotoras como constructoras, deben ser capaces de ajustar los costes de construcci\u00f3n porque pasado un list\u00f3n de precios de venta la demanda desaparecer\u00e1\u201d, declar\u00f3.<\/p>\n<h2 class=\"h2-post\">Rumbo a estabilizaci\u00f3n al alza del mercado<\/h2>\n<figure id=\"attachment_3730\" aria-describedby=\"caption-attachment-3730\" style=\"width: 300px\" class=\"wp-caption alignleft\"><img loading=\"lazy\" decoding=\"async\" class=\"size-medium wp-image-3730\" src=\"https:\/\/www.aedashomes.com\/blog\/wp-content\/uploads\/2019\/03\/obra-nueva-granada04-300x185.jpg\" alt=\"obra nueva granada04\" width=\"300\" height=\"185\"><figcaption id=\"caption-attachment-3730\" class=\"wp-caption-text\">La Alhambra, monumento insignia de Granada<\/figcaption><\/figure>\n<p>Echando la vista al frente, Diego Chac\u00f3n avanz\u00f3 que el sector inmobiliario se encamina hacia una etapa de crecimiento sostenido, en forma de una estabilizaci\u00f3n al alza. \u201cEl mercado del suelo a\u00fan<strong> ofrece muchas oportunidades<\/strong> y los incrementos de los precios se est\u00e1n asentando en torno al 3 % -4 % &#8211; 5%, alejados de los aumentos poco saludables de dobles d\u00edgitos\u201d, asegur\u00f3. \u201cEn AEDAS Homes apostamos por un crecimiento ordenado y sostenible en el tiempo, que sea acorde a la demanda y a sus necesidades\u201d, reiter\u00f3.<\/p>\n<p>El Director Territorial de AEDAS Homes en Andaluc\u00eda comparti\u00f3 Mesa Redonda con Antonio Garc\u00eda, Director Banca de Empresas Granada-Almer\u00eda de Caja Sur (Grupo Kutxabank); Alejandro G\u00f3mez Queralt, Gestor Proyectos Andaluc\u00eda Central de Cosentino; Luis Miguel Alc\u00e1zar, Director Nacional Ventas de Otis; Jos\u00e9 Mar\u00eda Basa\u00f1ez, Presidente de Tecnitasa; y Juan de Dios Molinero Moreno, Presidente de ACP Granada. Un debate que estuvo moderado por Francisco Mart\u00ednez-Ca\u00f1avate, Presidente de la Federaci\u00f3n de Promotores de Andaluc\u00eda (Fadeco).<\/p>\n","protected":false},"excerpt":{"rendered":"<p>La Asociaci\u00f3n de Constructores y Promotores de Granada (ACP Granada) celebr\u00f3 el pasado 19 de marzo la Mesa Redonda \u2018Evoluci\u00f3n del sector inmobiliario y su financiaci\u00f3n\u2019 en la que particip\u00f3 Diego Chac\u00f3n, Director Territorial de AEDAS Homes en Andaluc\u00eda. El directivo de la promotora hizo un an\u00e1lisis de la situaci\u00f3n del mercado de la vivienda,&#8230;<\/p>\n","protected":false},"author":15,"featured_media":8587,"comment_status":"closed","ping_status":"open","sticky":false,"template":"","format":"standard","meta":{"_acf_changed":false,"footnotes":""},"categories":[209],"tags":[],"class_list":["post-3726","post","type-post","status-publish","format-standard","has-post-thumbnail","hentry","category-noticias-inmobiliarias"],"acf":[],"yoast_head":"<!-- This site is optimized with the Yoast SEO plugin v27.0 - https:\/\/yoast.com\/product\/yoast-seo-wordpress\/ -->\n<title>\u25b7 \u201cLa recuperaci\u00f3n inmobiliaria en Andaluc\u00eda est\u00e1 llegando a Granada\u201d | AEDAS Homes Blog<\/title>\n<meta name=\"description\" content=\"La recuperaci\u00f3n inmobiliaria en Andaluc\u00eda \u201ccomenz\u00f3 en la Costa del Sol y Sevilla, y ahora est\u00e1 llegando a otras zonas como Granada capital&quot;. Te lo contamos.\" \/>\n<meta name=\"robots\" content=\"noindex, follow\" \/>\n<meta property=\"og:locale\" content=\"es_ES\" \/>\n<meta property=\"og:type\" content=\"article\" \/>\n<meta property=\"og:title\" content=\"\u25b7 \u201cLa recuperaci\u00f3n inmobiliaria en Andaluc\u00eda est\u00e1 llegando a Granada\u201d | AEDAS Homes Blog\" \/>\n<meta property=\"og:description\" content=\"La recuperaci\u00f3n inmobiliaria en Andaluc\u00eda \u201ccomenz\u00f3 en la Costa del Sol y Sevilla, y ahora est\u00e1 llegando a otras zonas como Granada capital&quot;. Te lo contamos.\" \/>\n<meta property=\"og:url\" content=\"https:\/\/www.aedashomes.com\/blog\/la-recuperacion-inmobiliaria-en-andalucia-esta-llegando-a-granada\/\" \/>\n<meta property=\"og:site_name\" content=\"AEDAS Homes Blog\" \/>\n<meta property=\"article:publisher\" content=\"https:\/\/www.facebook.com\/aedashomes\/\" \/>\n<meta property=\"article:published_time\" content=\"2019-03-22T08:04:07+00:00\" \/>\n<meta property=\"article:modified_time\" content=\"2022-04-13T22:27:42+00:00\" \/>\n<meta property=\"og:image\" content=\"https:\/\/www.aedashomes.com\/blog\/wp-content\/uploads\/2019\/03\/obra-nueva-granada01-1764x700.jpg\" \/>\n\t<meta property=\"og:image:width\" content=\"1445\" \/>\n\t<meta property=\"og:image:height\" content=\"573\" \/>\n\t<meta property=\"og:image:type\" content=\"image\/jpeg\" \/>\n<meta name=\"author\" content=\"-\" \/>\n<meta name=\"twitter:card\" content=\"summary_large_image\" \/>\n<meta name=\"twitter:label1\" content=\"Escrito por\" \/>\n\t<meta name=\"twitter:data1\" content=\"-\" \/>\n<script type=\"application\/ld+json\" class=\"yoast-schema-graph\">{\"@context\":\"https:\/\/schema.org\",\"@graph\":[{\"@type\":\"Article\",\"@id\":\"https:\/\/www.aedashomes.com\/blog\/la-recuperacion-inmobiliaria-en-andalucia-esta-llegando-a-granada\/#article\",\"isPartOf\":{\"@id\":\"https:\/\/www.aedashomes.com\/blog\/la-recuperacion-inmobiliaria-en-andalucia-esta-llegando-a-granada\/\"},\"author\":{\"name\":\"-\",\"@id\":\"https:\/\/www.aedashomes.com\/blog\/#\/schema\/person\/3943511ba2e912cf5f6ba43a52940713\"},\"headline\":\"\u201cLa recuperaci\u00f3n inmobiliaria en Andaluc\u00eda est\u00e1 llegando a Granada\u201d\",\"datePublished\":\"2019-03-22T08:04:07+00:00\",\"dateModified\":\"2022-04-13T22:27:42+00:00\",\"mainEntityOfPage\":{\"@id\":\"https:\/\/www.aedashomes.com\/blog\/la-recuperacion-inmobiliaria-en-andalucia-esta-llegando-a-granada\/\"},\"wordCount\":641,\"image\":{\"@id\":\"https:\/\/www.aedashomes.com\/blog\/la-recuperacion-inmobiliaria-en-andalucia-esta-llegando-a-granada\/#primaryimage\"},\"thumbnailUrl\":\"https:\/\/www.aedashomes.com\/blog\/wp-content\/uploads\/2019\/03\/obra-nueva-granada01-1764x700.jpg\",\"articleSection\":[\"AEDAS News\"],\"inLanguage\":\"es\"},{\"@type\":\"WebPage\",\"@id\":\"https:\/\/www.aedashomes.com\/blog\/la-recuperacion-inmobiliaria-en-andalucia-esta-llegando-a-granada\/\",\"url\":\"https:\/\/www.aedashomes.com\/blog\/la-recuperacion-inmobiliaria-en-andalucia-esta-llegando-a-granada\/\",\"name\":\"\u25b7 \u201cLa recuperaci\u00f3n inmobiliaria en Andaluc\u00eda est\u00e1 llegando a Granada\u201d | AEDAS Homes Blog\",\"isPartOf\":{\"@id\":\"https:\/\/www.aedashomes.com\/blog\/#website\"},\"primaryImageOfPage\":{\"@id\":\"https:\/\/www.aedashomes.com\/blog\/la-recuperacion-inmobiliaria-en-andalucia-esta-llegando-a-granada\/#primaryimage\"},\"image\":{\"@id\":\"https:\/\/www.aedashomes.com\/blog\/la-recuperacion-inmobiliaria-en-andalucia-esta-llegando-a-granada\/#primaryimage\"},\"thumbnailUrl\":\"https:\/\/www.aedashomes.com\/blog\/wp-content\/uploads\/2019\/03\/obra-nueva-granada01-1764x700.jpg\",\"datePublished\":\"2019-03-22T08:04:07+00:00\",\"dateModified\":\"2022-04-13T22:27:42+00:00\",\"author\":{\"@id\":\"https:\/\/www.aedashomes.com\/blog\/#\/schema\/person\/3943511ba2e912cf5f6ba43a52940713\"},\"description\":\"La recuperaci\u00f3n inmobiliaria en Andaluc\u00eda \u201ccomenz\u00f3 en la Costa del Sol y Sevilla, y ahora est\u00e1 llegando a otras zonas como Granada capital\\\". Te lo contamos.\",\"breadcrumb\":{\"@id\":\"https:\/\/www.aedashomes.com\/blog\/la-recuperacion-inmobiliaria-en-andalucia-esta-llegando-a-granada\/#breadcrumb\"},\"inLanguage\":\"es\",\"potentialAction\":[{\"@type\":\"ReadAction\",\"target\":[\"https:\/\/www.aedashomes.com\/blog\/la-recuperacion-inmobiliaria-en-andalucia-esta-llegando-a-granada\/\"]}]},{\"@type\":\"ImageObject\",\"inLanguage\":\"es\",\"@id\":\"https:\/\/www.aedashomes.com\/blog\/la-recuperacion-inmobiliaria-en-andalucia-esta-llegando-a-granada\/#primaryimage\",\"url\":\"https:\/\/www.aedashomes.com\/blog\/wp-content\/uploads\/2019\/03\/obra-nueva-granada01-1764x700.jpg\",\"contentUrl\":\"https:\/\/www.aedashomes.com\/blog\/wp-content\/uploads\/2019\/03\/obra-nueva-granada01-1764x700.jpg\",\"width\":1445,\"height\":573},{\"@type\":\"BreadcrumbList\",\"@id\":\"https:\/\/www.aedashomes.com\/blog\/la-recuperacion-inmobiliaria-en-andalucia-esta-llegando-a-granada\/#breadcrumb\",\"itemListElement\":[{\"@type\":\"ListItem\",\"position\":1,\"name\":\"Blog\",\"item\":\"https:\/\/www.aedashomes.com\/blog\/\"},{\"@type\":\"ListItem\",\"position\":2,\"name\":\"AEDAS News\",\"item\":\"https:\/\/www.aedashomes.com\/blog\/noticias-inmobiliarias\/\"},{\"@type\":\"ListItem\",\"position\":3,\"name\":\"\u201cLa recuperaci\u00f3n inmobiliaria en Andaluc\u00eda est\u00e1 llegando a Granada\u201d\"}]},{\"@type\":\"WebSite\",\"@id\":\"https:\/\/www.aedashomes.com\/blog\/#website\",\"url\":\"https:\/\/www.aedashomes.com\/blog\/\",\"name\":\"AEDAS Homes Blog\",\"description\":\"El blog de la promotora inmobiliaria AEDAS Homes\",\"potentialAction\":[{\"@type\":\"SearchAction\",\"target\":{\"@type\":\"EntryPoint\",\"urlTemplate\":\"https:\/\/www.aedashomes.com\/blog\/?s={search_term_string}\"},\"query-input\":{\"@type\":\"PropertyValueSpecification\",\"valueRequired\":true,\"valueName\":\"search_term_string\"}}],\"inLanguage\":\"es\"},{\"@type\":\"Person\",\"@id\":\"https:\/\/www.aedashomes.com\/blog\/#\/schema\/person\/3943511ba2e912cf5f6ba43a52940713\",\"name\":\"-\",\"image\":{\"@type\":\"ImageObject\",\"inLanguage\":\"es\",\"@id\":\"https:\/\/www.aedashomes.com\/blog\/#\/schema\/person\/image\/\",\"url\":\"https:\/\/secure.gravatar.com\/avatar\/9a98fc972c3ec2b91fdfd2a81c93ee3fc7c04aeefac4d931b43205ed61d9e009?s=96&d=mm&r=g\",\"contentUrl\":\"https:\/\/secure.gravatar.com\/avatar\/9a98fc972c3ec2b91fdfd2a81c93ee3fc7c04aeefac4d931b43205ed61d9e009?s=96&d=mm&r=g\",\"caption\":\"-\"},\"url\":\"https:\/\/www.aedashomes.com\/blog\/author\/idento\/\"}]}<\/script>\n<!-- \/ Yoast SEO plugin. -->","yoast_head_json":{"title":"\u25b7 \u201cLa recuperaci\u00f3n inmobiliaria en Andaluc\u00eda est\u00e1 llegando a Granada\u201d | AEDAS Homes Blog","description":"La recuperaci\u00f3n inmobiliaria en Andaluc\u00eda \u201ccomenz\u00f3 en la Costa del Sol y Sevilla, y ahora est\u00e1 llegando a otras zonas como Granada capital\". Te lo contamos.","robots":{"index":"noindex","follow":"follow"},"og_locale":"es_ES","og_type":"article","og_title":"\u25b7 \u201cLa recuperaci\u00f3n inmobiliaria en Andaluc\u00eda est\u00e1 llegando a Granada\u201d | AEDAS Homes Blog","og_description":"La recuperaci\u00f3n inmobiliaria en Andaluc\u00eda \u201ccomenz\u00f3 en la Costa del Sol y Sevilla, y ahora est\u00e1 llegando a otras zonas como Granada capital\". Te lo contamos.","og_url":"https:\/\/www.aedashomes.com\/blog\/la-recuperacion-inmobiliaria-en-andalucia-esta-llegando-a-granada\/","og_site_name":"AEDAS Homes Blog","article_publisher":"https:\/\/www.facebook.com\/aedashomes\/","article_published_time":"2019-03-22T08:04:07+00:00","article_modified_time":"2022-04-13T22:27:42+00:00","og_image":[{"width":1445,"height":573,"url":"https:\/\/www.aedashomes.com\/blog\/wp-content\/uploads\/2019\/03\/obra-nueva-granada01-1764x700.jpg","type":"image\/jpeg"}],"author":"-","twitter_card":"summary_large_image","twitter_misc":{"Escrito por":"-"},"schema":{"@context":"https:\/\/schema.org","@graph":[{"@type":"Article","@id":"https:\/\/www.aedashomes.com\/blog\/la-recuperacion-inmobiliaria-en-andalucia-esta-llegando-a-granada\/#article","isPartOf":{"@id":"https:\/\/www.aedashomes.com\/blog\/la-recuperacion-inmobiliaria-en-andalucia-esta-llegando-a-granada\/"},"author":{"name":"-","@id":"https:\/\/www.aedashomes.com\/blog\/#\/schema\/person\/3943511ba2e912cf5f6ba43a52940713"},"headline":"\u201cLa recuperaci\u00f3n inmobiliaria en Andaluc\u00eda est\u00e1 llegando a Granada\u201d","datePublished":"2019-03-22T08:04:07+00:00","dateModified":"2022-04-13T22:27:42+00:00","mainEntityOfPage":{"@id":"https:\/\/www.aedashomes.com\/blog\/la-recuperacion-inmobiliaria-en-andalucia-esta-llegando-a-granada\/"},"wordCount":641,"image":{"@id":"https:\/\/www.aedashomes.com\/blog\/la-recuperacion-inmobiliaria-en-andalucia-esta-llegando-a-granada\/#primaryimage"},"thumbnailUrl":"https:\/\/www.aedashomes.com\/blog\/wp-content\/uploads\/2019\/03\/obra-nueva-granada01-1764x700.jpg","articleSection":["AEDAS News"],"inLanguage":"es"},{"@type":"WebPage","@id":"https:\/\/www.aedashomes.com\/blog\/la-recuperacion-inmobiliaria-en-andalucia-esta-llegando-a-granada\/","url":"https:\/\/www.aedashomes.com\/blog\/la-recuperacion-inmobiliaria-en-andalucia-esta-llegando-a-granada\/","name":"\u25b7 \u201cLa recuperaci\u00f3n inmobiliaria en Andaluc\u00eda est\u00e1 llegando a Granada\u201d | AEDAS Homes Blog","isPartOf":{"@id":"https:\/\/www.aedashomes.com\/blog\/#website"},"primaryImageOfPage":{"@id":"https:\/\/www.aedashomes.com\/blog\/la-recuperacion-inmobiliaria-en-andalucia-esta-llegando-a-granada\/#primaryimage"},"image":{"@id":"https:\/\/www.aedashomes.com\/blog\/la-recuperacion-inmobiliaria-en-andalucia-esta-llegando-a-granada\/#primaryimage"},"thumbnailUrl":"https:\/\/www.aedashomes.com\/blog\/wp-content\/uploads\/2019\/03\/obra-nueva-granada01-1764x700.jpg","datePublished":"2019-03-22T08:04:07+00:00","dateModified":"2022-04-13T22:27:42+00:00","author":{"@id":"https:\/\/www.aedashomes.com\/blog\/#\/schema\/person\/3943511ba2e912cf5f6ba43a52940713"},"description":"La recuperaci\u00f3n inmobiliaria en Andaluc\u00eda \u201ccomenz\u00f3 en la Costa del Sol y Sevilla, y ahora est\u00e1 llegando a otras zonas como Granada capital\". Te lo contamos.","breadcrumb":{"@id":"https:\/\/www.aedashomes.com\/blog\/la-recuperacion-inmobiliaria-en-andalucia-esta-llegando-a-granada\/#breadcrumb"},"inLanguage":"es","potentialAction":[{"@type":"ReadAction","target":["https:\/\/www.aedashomes.com\/blog\/la-recuperacion-inmobiliaria-en-andalucia-esta-llegando-a-granada\/"]}]},{"@type":"ImageObject","inLanguage":"es","@id":"https:\/\/www.aedashomes.com\/blog\/la-recuperacion-inmobiliaria-en-andalucia-esta-llegando-a-granada\/#primaryimage","url":"https:\/\/www.aedashomes.com\/blog\/wp-content\/uploads\/2019\/03\/obra-nueva-granada01-1764x700.jpg","contentUrl":"https:\/\/www.aedashomes.com\/blog\/wp-content\/uploads\/2019\/03\/obra-nueva-granada01-1764x700.jpg","width":1445,"height":573},{"@type":"BreadcrumbList","@id":"https:\/\/www.aedashomes.com\/blog\/la-recuperacion-inmobiliaria-en-andalucia-esta-llegando-a-granada\/#breadcrumb","itemListElement":[{"@type":"ListItem","position":1,"name":"Blog","item":"https:\/\/www.aedashomes.com\/blog\/"},{"@type":"ListItem","position":2,"name":"AEDAS News","item":"https:\/\/www.aedashomes.com\/blog\/noticias-inmobiliarias\/"},{"@type":"ListItem","position":3,"name":"\u201cLa recuperaci\u00f3n inmobiliaria en Andaluc\u00eda est\u00e1 llegando a Granada\u201d"}]},{"@type":"WebSite","@id":"https:\/\/www.aedashomes.com\/blog\/#website","url":"https:\/\/www.aedashomes.com\/blog\/","name":"AEDAS Homes Blog","description":"El blog de la promotora inmobiliaria AEDAS Homes","potentialAction":[{"@type":"SearchAction","target":{"@type":"EntryPoint","urlTemplate":"https:\/\/www.aedashomes.com\/blog\/?s={search_term_string}"},"query-input":{"@type":"PropertyValueSpecification","valueRequired":true,"valueName":"search_term_string"}}],"inLanguage":"es"},{"@type":"Person","@id":"https:\/\/www.aedashomes.com\/blog\/#\/schema\/person\/3943511ba2e912cf5f6ba43a52940713","name":"-","image":{"@type":"ImageObject","inLanguage":"es","@id":"https:\/\/www.aedashomes.com\/blog\/#\/schema\/person\/image\/","url":"https:\/\/secure.gravatar.com\/avatar\/9a98fc972c3ec2b91fdfd2a81c93ee3fc7c04aeefac4d931b43205ed61d9e009?s=96&d=mm&r=g","contentUrl":"https:\/\/secure.gravatar.com\/avatar\/9a98fc972c3ec2b91fdfd2a81c93ee3fc7c04aeefac4d931b43205ed61d9e009?s=96&d=mm&r=g","caption":"-"},"url":"https:\/\/www.aedashomes.com\/blog\/author\/idento\/"}]}},"_links":{"self":[{"href":"https:\/\/www.aedashomes.com\/blog\/wp-json\/wp\/v2\/posts\/3726","targetHints":{"allow":["GET"]}}],"collection":[{"href":"https:\/\/www.aedashomes.com\/blog\/wp-json\/wp\/v2\/posts"}],"about":[{"href":"https:\/\/www.aedashomes.com\/blog\/wp-json\/wp\/v2\/types\/post"}],"author":[{"embeddable":true,"href":"https:\/\/www.aedashomes.com\/blog\/wp-json\/wp\/v2\/users\/15"}],"replies":[{"embeddable":true,"href":"https:\/\/www.aedashomes.com\/blog\/wp-json\/wp\/v2\/comments?post=3726"}],"version-history":[{"count":2,"href":"https:\/\/www.aedashomes.com\/blog\/wp-json\/wp\/v2\/posts\/3726\/revisions"}],"predecessor-version":[{"id":13540,"href":"https:\/\/www.aedashomes.com\/blog\/wp-json\/wp\/v2\/posts\/3726\/revisions\/13540"}],"wp:featuredmedia":[{"embeddable":true,"href":"https:\/\/www.aedashomes.com\/blog\/wp-json\/wp\/v2\/media\/8587"}],"wp:attachment":[{"href":"https:\/\/www.aedashomes.com\/blog\/wp-json\/wp\/v2\/media?parent=3726"}],"wp:term":[{"taxonomy":"category","embeddable":true,"href":"https:\/\/www.aedashomes.com\/blog\/wp-json\/wp\/v2\/categories?post=3726"},{"taxonomy":"post_tag","embeddable":true,"href":"https:\/\/www.aedashomes.com\/blog\/wp-json\/wp\/v2\/tags?post=3726"}],"curies":[{"name":"wp","href":"https:\/\/api.w.org\/{rel}","templated":true}]}}