{"id":8970,"date":"2019-04-26T12:50:41","date_gmt":"2019-04-26T11:50:41","guid":{"rendered":"http:\/\/www.aedashomes.com\/blog\/?p=8970"},"modified":"2022-08-06T15:28:20","modified_gmt":"2022-08-06T14:28:20","slug":"obra-nueva-costa-sol-innovacion-dom3","status":"publish","type":"post","link":"https:\/\/www.aedashomes.com\/blog\/obra-nueva-costa-sol-innovacion-dom3\/","title":{"rendered":"Los valores de AEDAS Homes, ensalzados en el III Foro Estrat\u00e9gico DOM3"},"content":{"rendered":"\n<p><\/p>\n\n\n\n<p>La Directora Territorial de <a href=\"https:\/\/www.aedashomes.com\/viviendas-obra-nueva-malaga-provincia\">AEDAS Homes en la Costa del Sol<\/a>, Silvia S\u00e1nchez, ha participado como ponente en el<strong> III Foro Estrat\u00e9gico DOM3<\/strong> organizado por la Asociaci\u00f3n de Empresarios para la Vivienda de Alta Calidad DOM3 y celebrado en el Teatro Auditorio Felipe VI de Estepona el viernes 26 de abril.<\/p>\n\n\n\n<p>La responsable de AEDAS Homes ha sido invitada para participar dentro del bloque I del programa, en el que se abord\u00f3 la <strong>existencia de nuevos actores en la promoci\u00f3n de viviendas<\/strong>. Junto a ella, tambi\u00e9n tomaron la palabra el representante de La Zagaleta, Ignacio P\u00e9rez, y el director de residencial de Knight Frank Inmobiliaria, Carlos Zamora. Los tres, junto al CEO de la Inmobiliaria Nvoga, Jos\u00e9 Carlos Le\u00f3n, y el promotor Antonio Huertas, de Lainer, debatieron sobre la actual situaci\u00f3n de la promoci\u00f3n inmobiliaria.<\/p>\n\n\n\n<div class=\"wp-block-image\"><figure class=\"aligncenter is-resized\"><img loading=\"lazy\" decoding=\"async\" src=\"https:\/\/www.aedashomes.com\/blog\/wp-content\/uploads\/2019\/04\/dom3-costa-sol-aedas-homes-1.jpg\" alt=\"dom3 costa sol aedas homes\" class=\"wp-image-8985\" width=\"558\" height=\"345\" srcset=\"https:\/\/www.aedashomes.com\/blog\/wp-content\/uploads\/2019\/04\/dom3-costa-sol-aedas-homes-1.jpg 975w, https:\/\/www.aedashomes.com\/blog\/wp-content\/uploads\/2019\/04\/dom3-costa-sol-aedas-homes-1-300x186.jpg 300w\" sizes=\"auto, (max-width: 558px) 100vw, 558px\" \/><figcaption>El equipo de AEDAS Homes en Costa del Sol<\/figcaption><\/figure><\/div>\n\n\n\n<p>Silvia S\u00e1nchez, tras presentar los valores que defiende AEDAS Homes, explic\u00f3 que la promotora destaca por ser <strong>moderna, vanguardista y tener la solvencia <\/strong>necesaria como para poder apostar por nuevas tecnolog\u00edas, tanto para apoyar la comercializaci\u00f3n como incluso para innovar en la construcci\u00f3n.<\/p>\n\n\n\n<p>En este sentido, la directiva de AEDAS Homes habl\u00f3 de <a href=\"https:\/\/www.aedashomes.com\/viviendas-obra-nueva-malaga-provincia\">LIVE<\/a>, la nueva plataforma que ha puesto en marcha AEDAS Homes mediante la cual, usando la \u00faltima tecnolog\u00eda inform\u00e1tica, cualquier potencial cliente puede hacer una <strong>visita virtual<\/strong> a la vivienda que desea adquirir.<\/p>\n\n\n<p><\/p>\n<p><\/p>\n<p><\/p>\n<p><\/p><center><p><\/p>\n<p><\/p>\n<p><\/p>\n<p><\/p>\n<p><\/p>\n<p><\/p>\n<p><\/p><\/center><p><\/p>\n<p><\/p>\n<p><\/p>\n\n\n<center><figure class=\"wp-block-embed-youtube aligncenter wp-block-embed is-type-video is-provider-youtube wp-embed-aspect-16-9 wp-has-aspect-ratio\"><div class=\"wp-block-embed__wrapper\">\n<iframe loading=\"lazy\" title=\"As\u00ed es Live, la primera plataforma virtual para visitar viviendas de obra nueva desde casa\" width=\"640\" height=\"360\" src=\"https:\/\/www.youtube-nocookie.com\/embed\/avZ3jELJluM?feature=oembed\" frameborder=\"0\" allow=\"accelerometer; autoplay; clipboard-write; encrypted-media; gyroscope; picture-in-picture; web-share\" allowfullscreen><\/iframe>\n<\/div><\/figure><\/center>\n\n\n\n<p>Finalmente, Silvia S\u00e1nchez abord\u00f3 el novedoso sistema de construcci\u00f3n <a href=\"https:\/\/offsite.aedashomes.com\/\" target=\"_blank\">OffSite<\/a> por el que est\u00e1 apostando AEDAS Homes en diversas promociones que est\u00e1n ejecutando en el territorio nacional. Se\u00f1al\u00f3 que, frente a la idea tradicional de que este m\u00e9todo constructivo puede mermar la calidad final de la vivienda, los hechos demuestran que <strong>la construcci\u00f3n es a\u00fan de mayor calidad<\/strong> al reducir al m\u00ednimo los m\u00e1rgenes de error. Adem\u00e1s, gracias a la industrializaci\u00f3n de la promoci\u00f3n residencial se acortan los plazos de entrega hasta casi en un 50%.<\/p>\n\n\n\n<center><figure class=\"wp-block-embed-youtube aligncenter wp-block-embed is-type-video is-provider-youtube wp-embed-aspect-16-9 wp-has-aspect-ratio\"><div class=\"wp-block-embed__wrapper\">\n<iframe loading=\"lazy\" title=\"La industrializaci\u00f3n no es futuro. Es presente | #Est\u00e1Pasando\" width=\"640\" height=\"360\" src=\"https:\/\/www.youtube-nocookie.com\/embed\/Bbcjtzp_g34?feature=oembed\" frameborder=\"0\" allow=\"accelerometer; autoplay; clipboard-write; encrypted-media; gyroscope; picture-in-picture; web-share\" allowfullscreen><\/iframe>\n<\/div><\/figure><\/center>\n\n\n\n<p>El \u2018Foro Estrat\u00e9gico DOM3. Reflexi\u00f3n o F\u00f3rmulas de \u00e9xito en la Vivienda de Alta Gama\u2019 reuni\u00f3 a <strong>m\u00e1s de 300 profesionales<\/strong> procedentes de Estepona, Marbella y otros puntos de la Costa del Sol, donde habitualmente desarrollan su actividad la treintena de empresas que forman parte de este colectivo sin \u00e1nimo de lucro.<\/p>\n\n\n\n<p>El programa organizado por DOM3 continu\u00f3 con un segundo bloque que gir\u00f3 en torno a las <strong>novedades y las necesidades planteadas <\/strong>en el proceso constructivo y que cont\u00f3 con la participaci\u00f3n de ponentes como la profesora de la Universidad de M\u00e1laga, Mar\u00eda Jes\u00fas Garc\u00eda Granja, y la responsable de la Confederaci\u00f3n Nacional de la Construcci\u00f3n, Mar\u00eda Jos\u00e9 Leguina, entre otros.<\/p>\n\n\n\n<p>Finalmente, la <strong>arquitectura en la Costa del Sol<\/strong> fue el eje principal de la tercera parte de la jornada. Una tercera parte que cont\u00f3 con la participaci\u00f3n, entre otros arquitectos miembros de DOM3, de la profesora de la Universidad de Sevilla, Mar Loren.<\/p>\n","protected":false},"excerpt":{"rendered":"<p>La Directora Territorial de AEDAS Homes en la Costa del Sol, Silvia S\u00e1nchez, ha participado como ponente en el III Foro Estrat\u00e9gico DOM3 organizado por la Asociaci\u00f3n de Empresarios para la Vivienda de Alta Calidad DOM3 y celebrado en el Teatro Auditorio Felipe VI de Estepona el viernes 26 de abril. La responsable de AEDAS&#8230;<\/p>\n","protected":false},"author":15,"featured_media":8986,"comment_status":"closed","ping_status":"open","sticky":false,"template":"","format":"standard","meta":{"_acf_changed":false,"footnotes":""},"categories":[209],"tags":[],"class_list":["post-8970","post","type-post","status-publish","format-standard","has-post-thumbnail","hentry","category-noticias-inmobiliarias"],"acf":[],"yoast_head":"<!-- This site is optimized with the Yoast SEO plugin v27.0 - https:\/\/yoast.com\/product\/yoast-seo-wordpress\/ -->\n<title>\u25b7 Los valores de AEDAS, ensalzados en el III Foro Estrat\u00e9gico DOM3 | AEDAS Homes Blog<\/title>\n<meta name=\"description\" content=\"La Directora Territorial de AEDAS Homes en la Costa del Sol, Silvia S\u00e1nchez, ha participado como ponente en el III Foro Estrat\u00e9gico DOM3 celebrado el viernes 26 de abril.\" \/>\n<meta name=\"robots\" content=\"noindex, follow\" \/>\n<meta property=\"og:locale\" content=\"es_ES\" \/>\n<meta property=\"og:type\" content=\"article\" \/>\n<meta property=\"og:title\" content=\"\u25b7 Los valores de AEDAS, ensalzados en el III Foro Estrat\u00e9gico DOM3 | AEDAS Homes Blog\" \/>\n<meta property=\"og:description\" content=\"La Directora Territorial de AEDAS Homes en la Costa del Sol, Silvia S\u00e1nchez, ha participado como ponente en el III Foro Estrat\u00e9gico DOM3 celebrado el viernes 26 de abril.\" \/>\n<meta property=\"og:url\" content=\"https:\/\/www.aedashomes.com\/blog\/obra-nueva-costa-sol-innovacion-dom3\/\" \/>\n<meta property=\"og:site_name\" content=\"AEDAS Homes Blog\" \/>\n<meta property=\"article:publisher\" content=\"https:\/\/www.facebook.com\/aedashomes\/\" \/>\n<meta property=\"article:published_time\" content=\"2019-04-26T11:50:41+00:00\" \/>\n<meta property=\"article:modified_time\" content=\"2022-08-06T14:28:20+00:00\" \/>\n<meta property=\"og:image\" content=\"https:\/\/www.aedashomes.com\/blog\/wp-content\/uploads\/2019\/04\/dom3-costa-sol-aedas-homes00.jpg\" \/>\n\t<meta property=\"og:image:width\" content=\"1445\" \/>\n\t<meta property=\"og:image:height\" content=\"572\" \/>\n\t<meta property=\"og:image:type\" content=\"image\/jpeg\" \/>\n<meta name=\"author\" content=\"-\" \/>\n<meta name=\"twitter:card\" content=\"summary_large_image\" \/>\n<meta name=\"twitter:label1\" content=\"Escrito por\" \/>\n\t<meta name=\"twitter:data1\" content=\"-\" \/>\n<script type=\"application\/ld+json\" class=\"yoast-schema-graph\">{\"@context\":\"https:\/\/schema.org\",\"@graph\":[{\"@type\":\"Article\",\"@id\":\"https:\/\/www.aedashomes.com\/blog\/obra-nueva-costa-sol-innovacion-dom3\/#article\",\"isPartOf\":{\"@id\":\"https:\/\/www.aedashomes.com\/blog\/obra-nueva-costa-sol-innovacion-dom3\/\"},\"author\":{\"name\":\"-\",\"@id\":\"https:\/\/www.aedashomes.com\/blog\/#\/schema\/person\/3943511ba2e912cf5f6ba43a52940713\"},\"headline\":\"Los valores de AEDAS Homes, ensalzados en el III Foro Estrat\u00e9gico DOM3\",\"datePublished\":\"2019-04-26T11:50:41+00:00\",\"dateModified\":\"2022-08-06T14:28:20+00:00\",\"mainEntityOfPage\":{\"@id\":\"https:\/\/www.aedashomes.com\/blog\/obra-nueva-costa-sol-innovacion-dom3\/\"},\"wordCount\":537,\"image\":{\"@id\":\"https:\/\/www.aedashomes.com\/blog\/obra-nueva-costa-sol-innovacion-dom3\/#primaryimage\"},\"thumbnailUrl\":\"https:\/\/www.aedashomes.com\/blog\/wp-content\/uploads\/2019\/04\/dom3-costa-sol-aedas-homes00.jpg\",\"articleSection\":[\"AEDAS News\"],\"inLanguage\":\"es\"},{\"@type\":\"WebPage\",\"@id\":\"https:\/\/www.aedashomes.com\/blog\/obra-nueva-costa-sol-innovacion-dom3\/\",\"url\":\"https:\/\/www.aedashomes.com\/blog\/obra-nueva-costa-sol-innovacion-dom3\/\",\"name\":\"\u25b7 Los valores de AEDAS, ensalzados en el III Foro Estrat\u00e9gico DOM3 | AEDAS Homes Blog\",\"isPartOf\":{\"@id\":\"https:\/\/www.aedashomes.com\/blog\/#website\"},\"primaryImageOfPage\":{\"@id\":\"https:\/\/www.aedashomes.com\/blog\/obra-nueva-costa-sol-innovacion-dom3\/#primaryimage\"},\"image\":{\"@id\":\"https:\/\/www.aedashomes.com\/blog\/obra-nueva-costa-sol-innovacion-dom3\/#primaryimage\"},\"thumbnailUrl\":\"https:\/\/www.aedashomes.com\/blog\/wp-content\/uploads\/2019\/04\/dom3-costa-sol-aedas-homes00.jpg\",\"datePublished\":\"2019-04-26T11:50:41+00:00\",\"dateModified\":\"2022-08-06T14:28:20+00:00\",\"author\":{\"@id\":\"https:\/\/www.aedashomes.com\/blog\/#\/schema\/person\/3943511ba2e912cf5f6ba43a52940713\"},\"description\":\"La Directora Territorial de AEDAS Homes en la Costa del Sol, Silvia S\u00e1nchez, ha participado como ponente en el III Foro Estrat\u00e9gico DOM3 celebrado el viernes 26 de abril.\",\"breadcrumb\":{\"@id\":\"https:\/\/www.aedashomes.com\/blog\/obra-nueva-costa-sol-innovacion-dom3\/#breadcrumb\"},\"inLanguage\":\"es\",\"potentialAction\":[{\"@type\":\"ReadAction\",\"target\":[\"https:\/\/www.aedashomes.com\/blog\/obra-nueva-costa-sol-innovacion-dom3\/\"]}]},{\"@type\":\"ImageObject\",\"inLanguage\":\"es\",\"@id\":\"https:\/\/www.aedashomes.com\/blog\/obra-nueva-costa-sol-innovacion-dom3\/#primaryimage\",\"url\":\"https:\/\/www.aedashomes.com\/blog\/wp-content\/uploads\/2019\/04\/dom3-costa-sol-aedas-homes00.jpg\",\"contentUrl\":\"https:\/\/www.aedashomes.com\/blog\/wp-content\/uploads\/2019\/04\/dom3-costa-sol-aedas-homes00.jpg\",\"width\":1445,\"height\":572,\"caption\":\"dom3 costa sol aedas homes00\"},{\"@type\":\"BreadcrumbList\",\"@id\":\"https:\/\/www.aedashomes.com\/blog\/obra-nueva-costa-sol-innovacion-dom3\/#breadcrumb\",\"itemListElement\":[{\"@type\":\"ListItem\",\"position\":1,\"name\":\"Blog\",\"item\":\"https:\/\/www.aedashomes.com\/blog\/\"},{\"@type\":\"ListItem\",\"position\":2,\"name\":\"AEDAS News\",\"item\":\"https:\/\/www.aedashomes.com\/blog\/noticias-inmobiliarias\/\"},{\"@type\":\"ListItem\",\"position\":3,\"name\":\"Los valores de AEDAS Homes, ensalzados en el III Foro Estrat\u00e9gico DOM3\"}]},{\"@type\":\"WebSite\",\"@id\":\"https:\/\/www.aedashomes.com\/blog\/#website\",\"url\":\"https:\/\/www.aedashomes.com\/blog\/\",\"name\":\"AEDAS Homes Blog\",\"description\":\"El blog de la promotora inmobiliaria AEDAS Homes\",\"potentialAction\":[{\"@type\":\"SearchAction\",\"target\":{\"@type\":\"EntryPoint\",\"urlTemplate\":\"https:\/\/www.aedashomes.com\/blog\/?s={search_term_string}\"},\"query-input\":{\"@type\":\"PropertyValueSpecification\",\"valueRequired\":true,\"valueName\":\"search_term_string\"}}],\"inLanguage\":\"es\"},{\"@type\":\"Person\",\"@id\":\"https:\/\/www.aedashomes.com\/blog\/#\/schema\/person\/3943511ba2e912cf5f6ba43a52940713\",\"name\":\"-\",\"image\":{\"@type\":\"ImageObject\",\"inLanguage\":\"es\",\"@id\":\"https:\/\/www.aedashomes.com\/blog\/#\/schema\/person\/image\/\",\"url\":\"https:\/\/secure.gravatar.com\/avatar\/9a98fc972c3ec2b91fdfd2a81c93ee3fc7c04aeefac4d931b43205ed61d9e009?s=96&d=mm&r=g\",\"contentUrl\":\"https:\/\/secure.gravatar.com\/avatar\/9a98fc972c3ec2b91fdfd2a81c93ee3fc7c04aeefac4d931b43205ed61d9e009?s=96&d=mm&r=g\",\"caption\":\"-\"},\"url\":\"https:\/\/www.aedashomes.com\/blog\/author\/idento\/\"}]}<\/script>\n<!-- \/ Yoast SEO plugin. -->","yoast_head_json":{"title":"\u25b7 Los valores de AEDAS, ensalzados en el III Foro Estrat\u00e9gico DOM3 | AEDAS Homes Blog","description":"La Directora Territorial de AEDAS Homes en la Costa del Sol, Silvia S\u00e1nchez, ha participado como ponente en el III Foro Estrat\u00e9gico DOM3 celebrado el viernes 26 de abril.","robots":{"index":"noindex","follow":"follow"},"og_locale":"es_ES","og_type":"article","og_title":"\u25b7 Los valores de AEDAS, ensalzados en el III Foro Estrat\u00e9gico DOM3 | AEDAS Homes Blog","og_description":"La Directora Territorial de AEDAS Homes en la Costa del Sol, Silvia S\u00e1nchez, ha participado como ponente en el III Foro Estrat\u00e9gico DOM3 celebrado el viernes 26 de abril.","og_url":"https:\/\/www.aedashomes.com\/blog\/obra-nueva-costa-sol-innovacion-dom3\/","og_site_name":"AEDAS Homes Blog","article_publisher":"https:\/\/www.facebook.com\/aedashomes\/","article_published_time":"2019-04-26T11:50:41+00:00","article_modified_time":"2022-08-06T14:28:20+00:00","og_image":[{"width":1445,"height":572,"url":"https:\/\/www.aedashomes.com\/blog\/wp-content\/uploads\/2019\/04\/dom3-costa-sol-aedas-homes00.jpg","type":"image\/jpeg"}],"author":"-","twitter_card":"summary_large_image","twitter_misc":{"Escrito por":"-"},"schema":{"@context":"https:\/\/schema.org","@graph":[{"@type":"Article","@id":"https:\/\/www.aedashomes.com\/blog\/obra-nueva-costa-sol-innovacion-dom3\/#article","isPartOf":{"@id":"https:\/\/www.aedashomes.com\/blog\/obra-nueva-costa-sol-innovacion-dom3\/"},"author":{"name":"-","@id":"https:\/\/www.aedashomes.com\/blog\/#\/schema\/person\/3943511ba2e912cf5f6ba43a52940713"},"headline":"Los valores de AEDAS Homes, ensalzados en el III Foro Estrat\u00e9gico DOM3","datePublished":"2019-04-26T11:50:41+00:00","dateModified":"2022-08-06T14:28:20+00:00","mainEntityOfPage":{"@id":"https:\/\/www.aedashomes.com\/blog\/obra-nueva-costa-sol-innovacion-dom3\/"},"wordCount":537,"image":{"@id":"https:\/\/www.aedashomes.com\/blog\/obra-nueva-costa-sol-innovacion-dom3\/#primaryimage"},"thumbnailUrl":"https:\/\/www.aedashomes.com\/blog\/wp-content\/uploads\/2019\/04\/dom3-costa-sol-aedas-homes00.jpg","articleSection":["AEDAS News"],"inLanguage":"es"},{"@type":"WebPage","@id":"https:\/\/www.aedashomes.com\/blog\/obra-nueva-costa-sol-innovacion-dom3\/","url":"https:\/\/www.aedashomes.com\/blog\/obra-nueva-costa-sol-innovacion-dom3\/","name":"\u25b7 Los valores de AEDAS, ensalzados en el III Foro Estrat\u00e9gico DOM3 | AEDAS Homes Blog","isPartOf":{"@id":"https:\/\/www.aedashomes.com\/blog\/#website"},"primaryImageOfPage":{"@id":"https:\/\/www.aedashomes.com\/blog\/obra-nueva-costa-sol-innovacion-dom3\/#primaryimage"},"image":{"@id":"https:\/\/www.aedashomes.com\/blog\/obra-nueva-costa-sol-innovacion-dom3\/#primaryimage"},"thumbnailUrl":"https:\/\/www.aedashomes.com\/blog\/wp-content\/uploads\/2019\/04\/dom3-costa-sol-aedas-homes00.jpg","datePublished":"2019-04-26T11:50:41+00:00","dateModified":"2022-08-06T14:28:20+00:00","author":{"@id":"https:\/\/www.aedashomes.com\/blog\/#\/schema\/person\/3943511ba2e912cf5f6ba43a52940713"},"description":"La Directora Territorial de AEDAS Homes en la Costa del Sol, Silvia S\u00e1nchez, ha participado como ponente en el III Foro Estrat\u00e9gico DOM3 celebrado el viernes 26 de abril.","breadcrumb":{"@id":"https:\/\/www.aedashomes.com\/blog\/obra-nueva-costa-sol-innovacion-dom3\/#breadcrumb"},"inLanguage":"es","potentialAction":[{"@type":"ReadAction","target":["https:\/\/www.aedashomes.com\/blog\/obra-nueva-costa-sol-innovacion-dom3\/"]}]},{"@type":"ImageObject","inLanguage":"es","@id":"https:\/\/www.aedashomes.com\/blog\/obra-nueva-costa-sol-innovacion-dom3\/#primaryimage","url":"https:\/\/www.aedashomes.com\/blog\/wp-content\/uploads\/2019\/04\/dom3-costa-sol-aedas-homes00.jpg","contentUrl":"https:\/\/www.aedashomes.com\/blog\/wp-content\/uploads\/2019\/04\/dom3-costa-sol-aedas-homes00.jpg","width":1445,"height":572,"caption":"dom3 costa sol aedas homes00"},{"@type":"BreadcrumbList","@id":"https:\/\/www.aedashomes.com\/blog\/obra-nueva-costa-sol-innovacion-dom3\/#breadcrumb","itemListElement":[{"@type":"ListItem","position":1,"name":"Blog","item":"https:\/\/www.aedashomes.com\/blog\/"},{"@type":"ListItem","position":2,"name":"AEDAS News","item":"https:\/\/www.aedashomes.com\/blog\/noticias-inmobiliarias\/"},{"@type":"ListItem","position":3,"name":"Los valores de AEDAS Homes, ensalzados en el III Foro Estrat\u00e9gico DOM3"}]},{"@type":"WebSite","@id":"https:\/\/www.aedashomes.com\/blog\/#website","url":"https:\/\/www.aedashomes.com\/blog\/","name":"AEDAS Homes Blog","description":"El blog de la promotora inmobiliaria AEDAS Homes","potentialAction":[{"@type":"SearchAction","target":{"@type":"EntryPoint","urlTemplate":"https:\/\/www.aedashomes.com\/blog\/?s={search_term_string}"},"query-input":{"@type":"PropertyValueSpecification","valueRequired":true,"valueName":"search_term_string"}}],"inLanguage":"es"},{"@type":"Person","@id":"https:\/\/www.aedashomes.com\/blog\/#\/schema\/person\/3943511ba2e912cf5f6ba43a52940713","name":"-","image":{"@type":"ImageObject","inLanguage":"es","@id":"https:\/\/www.aedashomes.com\/blog\/#\/schema\/person\/image\/","url":"https:\/\/secure.gravatar.com\/avatar\/9a98fc972c3ec2b91fdfd2a81c93ee3fc7c04aeefac4d931b43205ed61d9e009?s=96&d=mm&r=g","contentUrl":"https:\/\/secure.gravatar.com\/avatar\/9a98fc972c3ec2b91fdfd2a81c93ee3fc7c04aeefac4d931b43205ed61d9e009?s=96&d=mm&r=g","caption":"-"},"url":"https:\/\/www.aedashomes.com\/blog\/author\/idento\/"}]}},"_links":{"self":[{"href":"https:\/\/www.aedashomes.com\/blog\/wp-json\/wp\/v2\/posts\/8970","targetHints":{"allow":["GET"]}}],"collection":[{"href":"https:\/\/www.aedashomes.com\/blog\/wp-json\/wp\/v2\/posts"}],"about":[{"href":"https:\/\/www.aedashomes.com\/blog\/wp-json\/wp\/v2\/types\/post"}],"author":[{"embeddable":true,"href":"https:\/\/www.aedashomes.com\/blog\/wp-json\/wp\/v2\/users\/15"}],"replies":[{"embeddable":true,"href":"https:\/\/www.aedashomes.com\/blog\/wp-json\/wp\/v2\/comments?post=8970"}],"version-history":[{"count":12,"href":"https:\/\/www.aedashomes.com\/blog\/wp-json\/wp\/v2\/posts\/8970\/revisions"}],"predecessor-version":[{"id":15831,"href":"https:\/\/www.aedashomes.com\/blog\/wp-json\/wp\/v2\/posts\/8970\/revisions\/15831"}],"wp:featuredmedia":[{"embeddable":true,"href":"https:\/\/www.aedashomes.com\/blog\/wp-json\/wp\/v2\/media\/8986"}],"wp:attachment":[{"href":"https:\/\/www.aedashomes.com\/blog\/wp-json\/wp\/v2\/media?parent=8970"}],"wp:term":[{"taxonomy":"category","embeddable":true,"href":"https:\/\/www.aedashomes.com\/blog\/wp-json\/wp\/v2\/categories?post=8970"},{"taxonomy":"post_tag","embeddable":true,"href":"https:\/\/www.aedashomes.com\/blog\/wp-json\/wp\/v2\/tags?post=8970"}],"curies":[{"name":"wp","href":"https:\/\/api.w.org\/{rel}","templated":true}]}}