{"id":9286,"date":"2023-02-18T11:08:24","date_gmt":"2023-02-18T10:08:24","guid":{"rendered":"http:\/\/www.aedashomes.com\/blog\/?p=9286"},"modified":"2023-02-21T22:08:50","modified_gmt":"2023-02-21T21:08:50","slug":"dia-mundial-medio-ambiente-casas","status":"publish","type":"post","link":"https:\/\/www.aedashomes.com\/blog\/dia-mundial-medio-ambiente-casas\/","title":{"rendered":"D\u00eda Mundial del Medio Ambiente: peque\u00f1os gestos para cuidar el planeta que empiezan en casa"},"content":{"rendered":"\n<p><br><\/p>\n\n\n\n<p>Un a\u00f1o m\u00e1s el 5 de junio se vuelve a celebrar el d\u00eda del planeta. Esta efem\u00e9ride que conmemora<strong> el D\u00eda Mundial del Medio Ambiente <\/strong>surgi\u00f3 a iniciativa de las Naciones Unidas para subrayar el impacto, positivo o negativo, que la humanidad tiene para modificar su entorno. En sus propias palabras la ONU nos recuerda que \u201clas personas han adquirido el poder de transformar, de innumerables maneras y en una escala sin precedentes, cuanto las rodea\u201d. Por este motivo es necesario concienciar sobre el cambio positivo.<\/p>\n\n\n\n<div class=\"wp-block-image\"><figure class=\"alignleft is-resized\"><img loading=\"lazy\" decoding=\"async\" src=\"https:\/\/www.aedashomes.com\/blog\/wp-content\/uploads\/2018\/08\/obra-nueva-las-rozas-sostenibilidad-aula01.jpg\" alt=\"\" class=\"wp-image-2659\" width=\"289\" height=\"118\" srcset=\"https:\/\/www.aedashomes.com\/blog\/wp-content\/uploads\/2018\/08\/obra-nueva-las-rozas-sostenibilidad-aula01.jpg 953w, https:\/\/www.aedashomes.com\/blog\/wp-content\/uploads\/2018\/08\/obra-nueva-las-rozas-sostenibilidad-aula01-300x124.jpg 300w\" sizes=\"auto, (max-width: 289px) 100vw, 289px\" \/><\/figure><\/div>\n\n\n\n<p>La celebraci\u00f3n del D\u00eda del Planeta tuvo lugar por primera vez en 1974 y desde entonces cada a\u00f1o es conocida por m\u00e1s personas, ya que la protecci\u00f3n del medio ambiente y, por lo tanto, de la Tierra no ata\u00f1e solo a unos pocos. De nuevo, en propias palabras de las Naciones Unidas: \u201cla celebraci\u00f3n de este d\u00eda nos brinda la oportunidad de ampliar las bases de una opini\u00f3n p\u00fablica bien informada y de una conducta de los individuos, de las empresas y de las colectividades inspirada en <strong>el sentido de su responsabilidad en cuanto a la conservaci\u00f3n y la mejora del medio\u201d.<\/strong><\/p>\n\n\n\n<p>Inspirados entre otros por el esp\u00edritu del D\u00eda mundial del Planeta surge el compromiso f\u00e9rreo por parte de AEDAS Homes para una <a href=\"https:\/\/www.aedashomes.com\/blog\/casas-ecologicas\/\" target=\"_blank\" rel=\"noreferrer noopener\" aria-label=\"construcci\u00f3n sostenible. (abre en una nueva pesta\u00f1a)\">construcci\u00f3n sostenible.<\/a> Esto se traduce en la inclusi\u00f3n de altos niveles de certificaci\u00f3n energ\u00e9tica en todas nuestras promociones de nueva construcci\u00f3n. Adem\u00e1s, implementamos diversas medidas encaminadas a la sostenibilidad, al cuidado de la naturaleza y, por supuesto, que terminan proporcionando beneficios directos a los propietarios de las viviendas.<\/p>\n\n\n\n<figure align=\"center\" class=\"wp-block-embed-youtube aligncenter wp-block-embed is-type-video is-provider-youtube wp-embed-aspect-16-9 wp-has-aspect-ratio\"><div class=\"wp-block-embed__wrapper\">\n<iframe loading=\"lazy\" title=\"Celebremos el D\u00eda Internacional del Medio Ambiente\" width=\"640\" height=\"360\" src=\"https:\/\/www.youtube-nocookie.com\/embed\/825_9Kn-3k4?feature=oembed\" frameborder=\"0\" allow=\"accelerometer; autoplay; clipboard-write; encrypted-media; gyroscope; picture-in-picture; web-share\" allowfullscreen><\/iframe>\n<\/div><\/figure>\n\n\n\n<p>En este a\u00f1o 2023 y teniendo como pa\u00eds anfitri\u00f3n a Costa de Marfil, el tema principal ser\u00e1n las soluciones a la contaminaci\u00f3n por pl\u00e1sticos. Y es que cada a\u00f1o el D\u00eda Mundial del Medio Ambiente presenta un tema principal como hilo conductor. En 2019, por ejemplo, fuela contaminaci\u00f3n del aire y <strong>AEDAS Homes tambi\u00e9n innova en ese aspecto. <\/strong>Sirva de ejemplo la promoci\u00f3n Escalonia II de Las Rozas (Madrid) donde los clientes disponen de tecnolog\u00edas bajas en carbono, ya que han sido evaluadas confrontando distintas alternativas hasta lograr aquella que<strong> reduce las emisiones de CO2.<\/strong><\/p>\n\n\n\n<p>En otros proyectos como Gesner, en<a href=\"https:\/\/www.aedashomes.com\/viviendas-obra-nueva-hospitalet-de-llobregat\" target=\"_blank\" rel=\"noreferrer noopener\" aria-label=\" L\u2019Hospitalet de Llobregat,  (abre en una nueva pesta\u00f1a)\"> L\u2019Hospitalet de Llobregat, <\/a>tambi\u00e9n se ha fomentado la baja contaminaci\u00f3n instalando un punto de recarga para veh\u00edculos el\u00e9ctricos en el garaje. Este tipo de medios de locomoci\u00f3n emiten menos gases nocivos a la atm\u00f3sfera, colaborando en un aire m\u00e1s limpio.<\/p>\n\n\n\n<figure align=\"center\" class=\"wp-block-embed-youtube aligncenter wp-block-embed is-type-video is-provider-youtube wp-embed-aspect-16-9 wp-has-aspect-ratio\"><div class=\"wp-block-embed__wrapper\">\n<iframe loading=\"lazy\" title=\"Hagamos historia el 5 de junio, D\u00eda Mundial del Medio Ambiente\" width=\"640\" height=\"360\" src=\"https:\/\/www.youtube-nocookie.com\/embed\/hozRHV-WNLI?start=3&#038;feature=oembed\" frameborder=\"0\" allow=\"accelerometer; autoplay; clipboard-write; encrypted-media; gyroscope; picture-in-picture; web-share\" allowfullscreen><\/iframe>\n<\/div><\/figure>\n\n\n\n<p>Por su parte, el acristalamiento instalado en <a href=\"https:\/\/www.aedashomes.com\/pisos-nuevos-en-sevilla-jardines-hacienda-rosario\">Jardines Hacienda Rosario<\/a> (Sevilla),  <strong>Eliza (Alicante)<\/strong> o Vasco de Gama (Palma de Mallorca), tambi\u00e9n contribuye a reducir la contaminaci\u00f3n del aire: al mantener constante la temperatura del interior de la vivienda, no es necesario tanto gasto en calefacci\u00f3n.<\/p>\n\n\n\n<div class=\"wp-block-image\"><figure class=\"aligncenter\"><img loading=\"lazy\" decoding=\"async\" width=\"913\" height=\"605\" src=\"https:\/\/www.aedashomes.com\/blog\/wp-content\/uploads\/2019\/04\/07.jpeg\" alt=\"\" class=\"wp-image-8840\" srcset=\"https:\/\/www.aedashomes.com\/blog\/wp-content\/uploads\/2019\/04\/07.jpeg 913w, https:\/\/www.aedashomes.com\/blog\/wp-content\/uploads\/2019\/04\/07-300x199.jpeg 300w\" sizes=\"auto, (max-width: 913px) 100vw, 913px\" \/><figcaption>El edificio Las Damas de Jardines Hacienda Rosario (Sevilla) ya est\u00e1 terminado<\/figcaption><\/figure><\/div>\n\n\n\n<p>Conscientes de que la protecci\u00f3n y mejora del medio es una cuesti\u00f3n fundamental que afecta al bienestar de todos, desde AEDAS Homes te animamos a que cuides del planeta con <strong>peque\u00f1os gestos que empiezan en casa<\/strong>. \u00a1Por un entorno m\u00e1s saludable y sostenible!<\/p>\n","protected":false},"excerpt":{"rendered":"<p>Un a\u00f1o m\u00e1s el 5 de junio se vuelve a celebrar el d\u00eda del planeta. Esta efem\u00e9ride que conmemora el D\u00eda Mundial del Medio Ambiente surgi\u00f3 a iniciativa de las Naciones Unidas para subrayar el impacto, positivo o negativo, que la humanidad tiene para modificar su entorno. En sus propias palabras la ONU nos recuerda&#8230;<\/p>\n","protected":false},"author":15,"featured_media":9291,"comment_status":"closed","ping_status":"open","sticky":false,"template":"","format":"standard","meta":{"_acf_changed":false,"footnotes":""},"categories":[169],"tags":[],"class_list":["post-9286","post","type-post","status-publish","format-standard","has-post-thumbnail","hentry","category-casas-ecologicas"],"acf":[],"yoast_head":"<!-- This site is optimized with the Yoast SEO plugin v27.0 - https:\/\/yoast.com\/product\/yoast-seo-wordpress\/ -->\n<title>\u25b7 D\u00eda Mundial del Medio Ambiente | AEDAS Homes<\/title>\n<meta name=\"description\" content=\"En AEDAS Homes nos tomamos muy en serio el cuidado del medio ambiente, y quer\u00edamos compartir contigo este d\u00eda. \u2b50 \u00a1Cel\u00e9bralo en tu nueva casa!\" \/>\n<meta name=\"robots\" content=\"index, follow, max-snippet:-1, max-image-preview:large, max-video-preview:-1\" \/>\n<link rel=\"canonical\" href=\"https:\/\/www.aedashomes.com\/blog\/dia-mundial-medio-ambiente-casas\/\" \/>\n<meta property=\"og:locale\" content=\"es_ES\" \/>\n<meta property=\"og:type\" content=\"article\" \/>\n<meta property=\"og:title\" content=\"\u25b7 D\u00eda Mundial del Medio Ambiente | AEDAS Homes\" \/>\n<meta property=\"og:description\" content=\"En AEDAS Homes nos tomamos muy en serio el cuidado del medio ambiente, y quer\u00edamos compartir contigo este d\u00eda. \u2b50 \u00a1Cel\u00e9bralo en tu nueva casa!\" \/>\n<meta property=\"og:url\" content=\"https:\/\/www.aedashomes.com\/blog\/dia-mundial-medio-ambiente-casas\/\" \/>\n<meta property=\"og:site_name\" content=\"AEDAS Homes Blog\" \/>\n<meta property=\"article:publisher\" content=\"https:\/\/www.facebook.com\/aedashomes\/\" \/>\n<meta property=\"article:published_time\" content=\"2023-02-18T10:08:24+00:00\" \/>\n<meta property=\"article:modified_time\" content=\"2023-02-21T21:08:50+00:00\" \/>\n<meta property=\"og:image\" content=\"https:\/\/www.aedashomes.com\/blog\/wp-content\/uploads\/2019\/06\/dia-mundial-medio-ambiente-casas01.jpg\" \/>\n\t<meta property=\"og:image:width\" content=\"1445\" \/>\n\t<meta property=\"og:image:height\" content=\"480\" \/>\n\t<meta property=\"og:image:type\" content=\"image\/jpeg\" \/>\n<meta name=\"author\" content=\"-\" \/>\n<meta name=\"twitter:card\" content=\"summary_large_image\" \/>\n<meta name=\"twitter:label1\" content=\"Escrito por\" \/>\n\t<meta name=\"twitter:data1\" content=\"-\" \/>\n<script type=\"application\/ld+json\" class=\"yoast-schema-graph\">{\"@context\":\"https:\/\/schema.org\",\"@graph\":[{\"@type\":\"Article\",\"@id\":\"https:\/\/www.aedashomes.com\/blog\/dia-mundial-medio-ambiente-casas\/#article\",\"isPartOf\":{\"@id\":\"https:\/\/www.aedashomes.com\/blog\/dia-mundial-medio-ambiente-casas\/\"},\"author\":{\"name\":\"-\",\"@id\":\"https:\/\/www.aedashomes.com\/blog\/#\/schema\/person\/3943511ba2e912cf5f6ba43a52940713\"},\"headline\":\"D\u00eda Mundial del Medio Ambiente: peque\u00f1os gestos para cuidar el planeta que empiezan en casa\",\"datePublished\":\"2023-02-18T10:08:24+00:00\",\"dateModified\":\"2023-02-21T21:08:50+00:00\",\"mainEntityOfPage\":{\"@id\":\"https:\/\/www.aedashomes.com\/blog\/dia-mundial-medio-ambiente-casas\/\"},\"wordCount\":582,\"image\":{\"@id\":\"https:\/\/www.aedashomes.com\/blog\/dia-mundial-medio-ambiente-casas\/#primaryimage\"},\"thumbnailUrl\":\"https:\/\/www.aedashomes.com\/blog\/wp-content\/uploads\/2019\/06\/dia-mundial-medio-ambiente-casas01.jpg\",\"articleSection\":[\"Sostenibilidad\"],\"inLanguage\":\"es\"},{\"@type\":\"WebPage\",\"@id\":\"https:\/\/www.aedashomes.com\/blog\/dia-mundial-medio-ambiente-casas\/\",\"url\":\"https:\/\/www.aedashomes.com\/blog\/dia-mundial-medio-ambiente-casas\/\",\"name\":\"\u25b7 D\u00eda Mundial del Medio Ambiente | AEDAS Homes\",\"isPartOf\":{\"@id\":\"https:\/\/www.aedashomes.com\/blog\/#website\"},\"primaryImageOfPage\":{\"@id\":\"https:\/\/www.aedashomes.com\/blog\/dia-mundial-medio-ambiente-casas\/#primaryimage\"},\"image\":{\"@id\":\"https:\/\/www.aedashomes.com\/blog\/dia-mundial-medio-ambiente-casas\/#primaryimage\"},\"thumbnailUrl\":\"https:\/\/www.aedashomes.com\/blog\/wp-content\/uploads\/2019\/06\/dia-mundial-medio-ambiente-casas01.jpg\",\"datePublished\":\"2023-02-18T10:08:24+00:00\",\"dateModified\":\"2023-02-21T21:08:50+00:00\",\"author\":{\"@id\":\"https:\/\/www.aedashomes.com\/blog\/#\/schema\/person\/3943511ba2e912cf5f6ba43a52940713\"},\"description\":\"En AEDAS Homes nos tomamos muy en serio el cuidado del medio ambiente, y quer\u00edamos compartir contigo este d\u00eda. \u2b50 \u00a1Cel\u00e9bralo en tu nueva casa!\",\"breadcrumb\":{\"@id\":\"https:\/\/www.aedashomes.com\/blog\/dia-mundial-medio-ambiente-casas\/#breadcrumb\"},\"inLanguage\":\"es\",\"potentialAction\":[{\"@type\":\"ReadAction\",\"target\":[\"https:\/\/www.aedashomes.com\/blog\/dia-mundial-medio-ambiente-casas\/\"]}]},{\"@type\":\"ImageObject\",\"inLanguage\":\"es\",\"@id\":\"https:\/\/www.aedashomes.com\/blog\/dia-mundial-medio-ambiente-casas\/#primaryimage\",\"url\":\"https:\/\/www.aedashomes.com\/blog\/wp-content\/uploads\/2019\/06\/dia-mundial-medio-ambiente-casas01.jpg\",\"contentUrl\":\"https:\/\/www.aedashomes.com\/blog\/wp-content\/uploads\/2019\/06\/dia-mundial-medio-ambiente-casas01.jpg\",\"width\":1445,\"height\":480,\"caption\":\"dia mundial medio ambiente casas01\"},{\"@type\":\"BreadcrumbList\",\"@id\":\"https:\/\/www.aedashomes.com\/blog\/dia-mundial-medio-ambiente-casas\/#breadcrumb\",\"itemListElement\":[{\"@type\":\"ListItem\",\"position\":1,\"name\":\"Blog\",\"item\":\"https:\/\/www.aedashomes.com\/blog\/\"},{\"@type\":\"ListItem\",\"position\":2,\"name\":\"Sostenibilidad\",\"item\":\"https:\/\/www.aedashomes.com\/blog\/casas-ecologicas\/\"},{\"@type\":\"ListItem\",\"position\":3,\"name\":\"D\u00eda Mundial del Medio Ambiente: peque\u00f1os gestos para cuidar el planeta que empiezan en casa\"}]},{\"@type\":\"WebSite\",\"@id\":\"https:\/\/www.aedashomes.com\/blog\/#website\",\"url\":\"https:\/\/www.aedashomes.com\/blog\/\",\"name\":\"AEDAS Homes Blog\",\"description\":\"El blog de la promotora inmobiliaria AEDAS Homes\",\"potentialAction\":[{\"@type\":\"SearchAction\",\"target\":{\"@type\":\"EntryPoint\",\"urlTemplate\":\"https:\/\/www.aedashomes.com\/blog\/?s={search_term_string}\"},\"query-input\":{\"@type\":\"PropertyValueSpecification\",\"valueRequired\":true,\"valueName\":\"search_term_string\"}}],\"inLanguage\":\"es\"},{\"@type\":\"Person\",\"@id\":\"https:\/\/www.aedashomes.com\/blog\/#\/schema\/person\/3943511ba2e912cf5f6ba43a52940713\",\"name\":\"-\",\"image\":{\"@type\":\"ImageObject\",\"inLanguage\":\"es\",\"@id\":\"https:\/\/www.aedashomes.com\/blog\/#\/schema\/person\/image\/\",\"url\":\"https:\/\/secure.gravatar.com\/avatar\/9a98fc972c3ec2b91fdfd2a81c93ee3fc7c04aeefac4d931b43205ed61d9e009?s=96&d=mm&r=g\",\"contentUrl\":\"https:\/\/secure.gravatar.com\/avatar\/9a98fc972c3ec2b91fdfd2a81c93ee3fc7c04aeefac4d931b43205ed61d9e009?s=96&d=mm&r=g\",\"caption\":\"-\"},\"url\":\"https:\/\/www.aedashomes.com\/blog\/author\/idento\/\"}]}<\/script>\n<!-- \/ Yoast SEO plugin. -->","yoast_head_json":{"title":"\u25b7 D\u00eda Mundial del Medio Ambiente | AEDAS Homes","description":"En AEDAS Homes nos tomamos muy en serio el cuidado del medio ambiente, y quer\u00edamos compartir contigo este d\u00eda. \u2b50 \u00a1Cel\u00e9bralo en tu nueva casa!","robots":{"index":"index","follow":"follow","max-snippet":"max-snippet:-1","max-image-preview":"max-image-preview:large","max-video-preview":"max-video-preview:-1"},"canonical":"https:\/\/www.aedashomes.com\/blog\/dia-mundial-medio-ambiente-casas\/","og_locale":"es_ES","og_type":"article","og_title":"\u25b7 D\u00eda Mundial del Medio Ambiente | AEDAS Homes","og_description":"En AEDAS Homes nos tomamos muy en serio el cuidado del medio ambiente, y quer\u00edamos compartir contigo este d\u00eda. \u2b50 \u00a1Cel\u00e9bralo en tu nueva casa!","og_url":"https:\/\/www.aedashomes.com\/blog\/dia-mundial-medio-ambiente-casas\/","og_site_name":"AEDAS Homes Blog","article_publisher":"https:\/\/www.facebook.com\/aedashomes\/","article_published_time":"2023-02-18T10:08:24+00:00","article_modified_time":"2023-02-21T21:08:50+00:00","og_image":[{"width":1445,"height":480,"url":"https:\/\/www.aedashomes.com\/blog\/wp-content\/uploads\/2019\/06\/dia-mundial-medio-ambiente-casas01.jpg","type":"image\/jpeg"}],"author":"-","twitter_card":"summary_large_image","twitter_misc":{"Escrito por":"-"},"schema":{"@context":"https:\/\/schema.org","@graph":[{"@type":"Article","@id":"https:\/\/www.aedashomes.com\/blog\/dia-mundial-medio-ambiente-casas\/#article","isPartOf":{"@id":"https:\/\/www.aedashomes.com\/blog\/dia-mundial-medio-ambiente-casas\/"},"author":{"name":"-","@id":"https:\/\/www.aedashomes.com\/blog\/#\/schema\/person\/3943511ba2e912cf5f6ba43a52940713"},"headline":"D\u00eda Mundial del Medio Ambiente: peque\u00f1os gestos para cuidar el planeta que empiezan en casa","datePublished":"2023-02-18T10:08:24+00:00","dateModified":"2023-02-21T21:08:50+00:00","mainEntityOfPage":{"@id":"https:\/\/www.aedashomes.com\/blog\/dia-mundial-medio-ambiente-casas\/"},"wordCount":582,"image":{"@id":"https:\/\/www.aedashomes.com\/blog\/dia-mundial-medio-ambiente-casas\/#primaryimage"},"thumbnailUrl":"https:\/\/www.aedashomes.com\/blog\/wp-content\/uploads\/2019\/06\/dia-mundial-medio-ambiente-casas01.jpg","articleSection":["Sostenibilidad"],"inLanguage":"es"},{"@type":"WebPage","@id":"https:\/\/www.aedashomes.com\/blog\/dia-mundial-medio-ambiente-casas\/","url":"https:\/\/www.aedashomes.com\/blog\/dia-mundial-medio-ambiente-casas\/","name":"\u25b7 D\u00eda Mundial del Medio Ambiente | AEDAS Homes","isPartOf":{"@id":"https:\/\/www.aedashomes.com\/blog\/#website"},"primaryImageOfPage":{"@id":"https:\/\/www.aedashomes.com\/blog\/dia-mundial-medio-ambiente-casas\/#primaryimage"},"image":{"@id":"https:\/\/www.aedashomes.com\/blog\/dia-mundial-medio-ambiente-casas\/#primaryimage"},"thumbnailUrl":"https:\/\/www.aedashomes.com\/blog\/wp-content\/uploads\/2019\/06\/dia-mundial-medio-ambiente-casas01.jpg","datePublished":"2023-02-18T10:08:24+00:00","dateModified":"2023-02-21T21:08:50+00:00","author":{"@id":"https:\/\/www.aedashomes.com\/blog\/#\/schema\/person\/3943511ba2e912cf5f6ba43a52940713"},"description":"En AEDAS Homes nos tomamos muy en serio el cuidado del medio ambiente, y quer\u00edamos compartir contigo este d\u00eda. \u2b50 \u00a1Cel\u00e9bralo en tu nueva casa!","breadcrumb":{"@id":"https:\/\/www.aedashomes.com\/blog\/dia-mundial-medio-ambiente-casas\/#breadcrumb"},"inLanguage":"es","potentialAction":[{"@type":"ReadAction","target":["https:\/\/www.aedashomes.com\/blog\/dia-mundial-medio-ambiente-casas\/"]}]},{"@type":"ImageObject","inLanguage":"es","@id":"https:\/\/www.aedashomes.com\/blog\/dia-mundial-medio-ambiente-casas\/#primaryimage","url":"https:\/\/www.aedashomes.com\/blog\/wp-content\/uploads\/2019\/06\/dia-mundial-medio-ambiente-casas01.jpg","contentUrl":"https:\/\/www.aedashomes.com\/blog\/wp-content\/uploads\/2019\/06\/dia-mundial-medio-ambiente-casas01.jpg","width":1445,"height":480,"caption":"dia mundial medio ambiente casas01"},{"@type":"BreadcrumbList","@id":"https:\/\/www.aedashomes.com\/blog\/dia-mundial-medio-ambiente-casas\/#breadcrumb","itemListElement":[{"@type":"ListItem","position":1,"name":"Blog","item":"https:\/\/www.aedashomes.com\/blog\/"},{"@type":"ListItem","position":2,"name":"Sostenibilidad","item":"https:\/\/www.aedashomes.com\/blog\/casas-ecologicas\/"},{"@type":"ListItem","position":3,"name":"D\u00eda Mundial del Medio Ambiente: peque\u00f1os gestos para cuidar el planeta que empiezan en casa"}]},{"@type":"WebSite","@id":"https:\/\/www.aedashomes.com\/blog\/#website","url":"https:\/\/www.aedashomes.com\/blog\/","name":"AEDAS Homes Blog","description":"El blog de la promotora inmobiliaria AEDAS Homes","potentialAction":[{"@type":"SearchAction","target":{"@type":"EntryPoint","urlTemplate":"https:\/\/www.aedashomes.com\/blog\/?s={search_term_string}"},"query-input":{"@type":"PropertyValueSpecification","valueRequired":true,"valueName":"search_term_string"}}],"inLanguage":"es"},{"@type":"Person","@id":"https:\/\/www.aedashomes.com\/blog\/#\/schema\/person\/3943511ba2e912cf5f6ba43a52940713","name":"-","image":{"@type":"ImageObject","inLanguage":"es","@id":"https:\/\/www.aedashomes.com\/blog\/#\/schema\/person\/image\/","url":"https:\/\/secure.gravatar.com\/avatar\/9a98fc972c3ec2b91fdfd2a81c93ee3fc7c04aeefac4d931b43205ed61d9e009?s=96&d=mm&r=g","contentUrl":"https:\/\/secure.gravatar.com\/avatar\/9a98fc972c3ec2b91fdfd2a81c93ee3fc7c04aeefac4d931b43205ed61d9e009?s=96&d=mm&r=g","caption":"-"},"url":"https:\/\/www.aedashomes.com\/blog\/author\/idento\/"}]}},"_links":{"self":[{"href":"https:\/\/www.aedashomes.com\/blog\/wp-json\/wp\/v2\/posts\/9286","targetHints":{"allow":["GET"]}}],"collection":[{"href":"https:\/\/www.aedashomes.com\/blog\/wp-json\/wp\/v2\/posts"}],"about":[{"href":"https:\/\/www.aedashomes.com\/blog\/wp-json\/wp\/v2\/types\/post"}],"author":[{"embeddable":true,"href":"https:\/\/www.aedashomes.com\/blog\/wp-json\/wp\/v2\/users\/15"}],"replies":[{"embeddable":true,"href":"https:\/\/www.aedashomes.com\/blog\/wp-json\/wp\/v2\/comments?post=9286"}],"version-history":[{"count":7,"href":"https:\/\/www.aedashomes.com\/blog\/wp-json\/wp\/v2\/posts\/9286\/revisions"}],"predecessor-version":[{"id":16353,"href":"https:\/\/www.aedashomes.com\/blog\/wp-json\/wp\/v2\/posts\/9286\/revisions\/16353"}],"wp:featuredmedia":[{"embeddable":true,"href":"https:\/\/www.aedashomes.com\/blog\/wp-json\/wp\/v2\/media\/9291"}],"wp:attachment":[{"href":"https:\/\/www.aedashomes.com\/blog\/wp-json\/wp\/v2\/media?parent=9286"}],"wp:term":[{"taxonomy":"category","embeddable":true,"href":"https:\/\/www.aedashomes.com\/blog\/wp-json\/wp\/v2\/categories?post=9286"},{"taxonomy":"post_tag","embeddable":true,"href":"https:\/\/www.aedashomes.com\/blog\/wp-json\/wp\/v2\/tags?post=9286"}],"curies":[{"name":"wp","href":"https:\/\/api.w.org\/{rel}","templated":true}]}}